{"id":67966,"date":"2025-02-27T09:00:51","date_gmt":"2025-02-27T07:00:51","guid":{"rendered":"https:\/\/orheifm.live\/index.php\/2025\/02\/27\/igor-cuciuc-revine-pe-scena-cu-o-piesa-emotionanta-dedicata-fiicei-sale\/"},"modified":"2025-02-27T09:00:51","modified_gmt":"2025-02-27T07:00:51","slug":"igor-cuciuc-revine-pe-scena-cu-o-piesa-emotionanta-dedicata-fiicei-sale","status":"publish","type":"post","link":"https:\/\/orheifm.live\/index.php\/2025\/02\/27\/igor-cuciuc-revine-pe-scena-cu-o-piesa-emotionanta-dedicata-fiicei-sale\/","title":{"rendered":"Igor Cuciuc revine pe scen\u0103 cu o pies\u0103 emo\u021bionant\u0103 dedicat\u0103 fiicei sale"},"content":{"rendered":"<div>\n<p><strong>Igor Cuciuc revine pe scen\u0103 cu o pies\u0103 emo\u021bionant\u0103 dedicat\u0103 fiicei sale, Andreea. \u00centr-un mesaj pe Facebook, artistul a m\u0103rturisit c\u0103 durerea este de neimaginat, dar a g\u0103sit puterea de a merge mai departe \u0219i a lansat c\u00e2ntecul \u201eFata mea, \u00eenger \u00een cer\u201d.<\/strong><br \/>\n<iframe loading=\"lazy\" title=\"YouTube video player\" src=\"https:\/\/www.youtube.com\/embed\/4DmXwH7-Ioc?si=cvQVo9XfyXIA2wyM\" width=\"560\" height=\"315\" frameborder=\"0\" allowfullscreen=\"allowfullscreen\"><\/iframe><\/p>\n<p>\u201eDup\u0103 drama prin care am trecut, am realizat c\u0103 nu pot aduce \u00eenapoi fiica noastr\u0103 drag\u0103. Via\u021ba este crunt\u0103, durerea cople\u0219itoare, dar doar muzica m\u0103 ajut\u0103 s\u0103 continui\u201d, a scris Igor Cuciuc. El a ad\u0103ugat c\u0103 piesa a fost compus\u0103 \u201ecu multe lacrimi\u201d \u0219i c\u0103 dorul de Andreea devine tot mai puternic.<\/p>\n<p>\u201eF\u0103r\u0103 Andreea, via\u021ba este cu totul diferit\u0103, iar durerea din suflet este imens\u0103. Dar nu avem ce face, doar ne rug\u0103m pentru sufletul ei \u0219i sper\u0103m c\u0103 este \u00een r\u00e2ndul \u00eengerilor. Pe m\u0103sur\u0103 ce trec zilele, durerea cre\u0219te, nu exist\u0103 tratament pentru a o alina\u201d, a spus artistul.<\/p>\n<p>Pentru realizarea acestei melodii, Igor Cuciuc a colaborat cu orchestra \u201eL\u0103utarii\u201d \u0219i cu maestrul Nicolae Botgros, care i-a fost al\u0103turi \u00een momentele dificile. \u201eAm hot\u0103r\u00e2t s\u0103 dedic un c\u00e2ntec fiicei mele \u0219i s\u0103 revin pe scen\u0103. Maestrul Botgros a sim\u021bit durerea noastr\u0103 \u0219i a fost al\u0103turi de mine, pl\u00e2ng\u00e2nd \u00eempreun\u0103 dup\u0103 Andreea, spun\u00e2ndu-mi c\u00e2t de talentat\u0103 \u0219i educat\u0103 a fost fiica noastr\u0103. Am considerat c\u0103 ar fi frumos s\u0103-i \u00eenchin\u0103m o melodie \u00een memoria ei\u201d, a ad\u0103ugat Cuciuc.<\/p>\n<p>Artistul le-a mul\u021bumit celor care l-au sus\u021binut \u00een aceast\u0103 perioad\u0103 grea: \u201eMul\u021bumim pentru mesajele de \u00eencurajare. Regret\u0103m profund pierderea fiicei noastre, dar via\u021ba merge \u00eenainte. Cred c\u0103 Andreea s-ar bucura s\u0103 m\u0103 vad\u0103 din nou c\u00e2nt\u00e2nd pe scen\u0103. A\u0219a a vrut Dumnezeu, a luat-o pe Andreea prea devreme ca s\u0103 c\u00e2nte \u00een corul \u00eengerilor. Dumnezeu s\u0103 o odihneasc\u0103 \u00een pace. Chiar dac\u0103 simt durerea \u00een suflet, voi continua s\u0103 c\u00e2nt\u201d.<\/p>\n<\/div>\n","protected":false},"excerpt":{"rendered":"<div><img loading=\"lazy\" decoding=\"async\" width=\"696\" height=\"391\" src=\"https:\/\/canal5.md\/wp-content\/uploads\/2025\/02\/1b96651d-681f-4248-8d7b-2a478ec08c06_emilia-2025-02-27t083107.405-optimized.webp\" class=\"attachment-large size-large wp-post-image\" alt=\"\" srcset=\"https:\/\/canal5.md\/wp-content\/uploads\/2025\/02\/1b96651d-681f-4248-8d7b-2a478ec08c06_emilia-2025-02-27t083107.405-optimized.webp 747w, https:\/\/canal5.md\/wp-content\/uploads\/2025\/02\/1b96651d-681f-4248-8d7b-2a478ec08c06_emilia-2025-02-27t083107.405-300x169-optimized.webp 300w, https:\/\/canal5.md\/wp-content\/uploads\/2025\/02\/1b96651d-681f-4248-8d7b-2a478ec08c06_emilia-2025-02-27t083107.405-696x391-optimized.webp 696w\">Igor Cuciuc revine pe scen\u0103 cu o pies\u0103 emo\u021bionant\u0103 dedicat\u0103 fiicei sale, Andreea. \u00centr-un mesaj pe Facebook, artistul a m\u0103rturisit c\u0103 durerea este de neimaginat, dar a g\u0103sit puterea de a merge mai departe \u0219i a lansat c\u00e2ntecul \u201eFata mea, \u00eenger \u00een cer\u201d. \u201eDup\u0103 drama prin care am trecut, am realizat c\u0103 nu pot aduce [\u2026]<\/div>\n","protected":false},"author":1,"featured_media":67967,"comment_status":"closed","ping_status":"closed","sticky":false,"template":"","format":"standard","meta":{"jnews-multi-image_gallery":[],"jnews_single_post":[],"jnews_primary_category":[],"jnews_social_meta":[],"jnews_override_counter":[],"footnotes":""},"categories":[30],"tags":[],"class_list":["post-67966","post","type-post","status-publish","format-standard","has-post-thumbnail","hentry","category-social_ro"],"_links":{"self":[{"href":"https:\/\/orheifm.live\/index.php\/wp-json\/wp\/v2\/posts\/67966","targetHints":{"allow":["GET"]}}],"collection":[{"href":"https:\/\/orheifm.live\/index.php\/wp-json\/wp\/v2\/posts"}],"about":[{"href":"https:\/\/orheifm.live\/index.php\/wp-json\/wp\/v2\/types\/post"}],"author":[{"embeddable":true,"href":"https:\/\/orheifm.live\/index.php\/wp-json\/wp\/v2\/users\/1"}],"replies":[{"embeddable":true,"href":"https:\/\/orheifm.live\/index.php\/wp-json\/wp\/v2\/comments?post=67966"}],"version-history":[{"count":0,"href":"https:\/\/orheifm.live\/index.php\/wp-json\/wp\/v2\/posts\/67966\/revisions"}],"wp:featuredmedia":[{"embeddable":true,"href":"https:\/\/orheifm.live\/index.php\/wp-json\/wp\/v2\/media\/67967"}],"wp:attachment":[{"href":"https:\/\/orheifm.live\/index.php\/wp-json\/wp\/v2\/media?parent=67966"}],"wp:term":[{"taxonomy":"category","embeddable":true,"href":"https:\/\/orheifm.live\/index.php\/wp-json\/wp\/v2\/categories?post=67966"},{"taxonomy":"post_tag","embeddable":true,"href":"https:\/\/orheifm.live\/index.php\/wp-json\/wp\/v2\/tags?post=67966"}],"curies":[{"name":"wp","href":"https:\/\/api.w.org\/{rel}","templated":true}]}}