{"id":67964,"date":"2025-02-26T23:39:57","date_gmt":"2025-02-26T21:39:57","guid":{"rendered":"https:\/\/orheifm.live\/index.php\/2025\/02\/26\/avarie-la-reteua-de-termoficare-din-balti-mai-multe-blocuri-locative-au-ramas-fara-caldura\/"},"modified":"2025-02-26T23:39:57","modified_gmt":"2025-02-26T21:39:57","slug":"avarie-la-reteua-de-termoficare-din-balti-mai-multe-blocuri-locative-au-ramas-fara-caldura","status":"publish","type":"post","link":"https:\/\/orheifm.live\/index.php\/2025\/02\/26\/avarie-la-reteua-de-termoficare-din-balti-mai-multe-blocuri-locative-au-ramas-fara-caldura\/","title":{"rendered":"Avarie la re\u021beua de termoficare din B\u0103l\u021bi. Mai multe blocuri locative au r\u0103mas f\u0103r\u0103 c\u0103ldur\u0103"},"content":{"rendered":"<div>\n<p><strong>7 blocuri locative din zona str\u0103zilor Bulgar\u0103 \u2013 Iv. Franco din ora\u0219ul B\u0103l\u021bi au r\u0103mas miercuri seara, 26 februarie curent, f\u0103r\u0103 c\u0103ldur\u0103, din cauza unei avarii grave la o conduct\u0103 termic\u0103 de pe strada Alecu Russo.<\/strong><\/p>\n<p>\u201eToate echipele de interven\u021bie ale CET-Nord \u0219i ale \u00centreprinderii Municipale de Gospod\u0103rie Comunal\u0103 au fost mobilizate. Deja a fost restabilit\u0103 furnizarea c\u0103ldurii \u00een 2 blocuri. \u00cen celelalte, situa\u021bia a fost localizat\u0103 pentru a permite reluarea c\u00e2t mai rapid\u0103 a livr\u0103rii agentului termic\u201d, a scris primarul ora\u0219ului B\u0103l\u021bi, Alexandr Petkov pe pagina sa de facebook.<\/p>\n<p>Totodat\u0103, organele de drept investigheaz\u0103 toate circumstan\u021bele acestui incident grav. Potrivit primarului, exist\u0103 suspiciuni c\u0103 avaria ar fi putut fi provocat\u0103 inten\u021bionat.<\/p>\n<p>\u201eNu vom permite ca cineva s\u0103 se joace cu siguran\u021ba \u0219i confortul locuitorilor ora\u0219ului\u201d, a mai ad\u0103ugat Petkov.<\/p>\n<p>Preciz\u0103m c\u0103, situa\u021bia este sub control \u0219i se lucreaz\u0103 operativ pentru a \u00eenl\u0103tura toate defec\u021biunile \u0219i a reconecta blocurile la agentul termic, c\u00e2t mai cur\u00e2nd posibil.<\/p>\n<p><a href=\"https:\/\/realitatea.md\/avarie-la-reteua-de-termoficare-din-balti-mai-multe-blocuri-locative-au-ramas-fara-caldura\/\"><strong>realitatea.md<\/strong><\/a><\/p>\n<\/div>\n","protected":false},"excerpt":{"rendered":"<div><img loading=\"lazy\" decoding=\"async\" width=\"696\" height=\"391\" src=\"https:\/\/canal5.md\/wp-content\/uploads\/2025\/02\/avarie-retea-termica-balti-900x505-1-optimized.jpg\" class=\"attachment-large size-large wp-post-image\" alt=\"\" srcset=\"https:\/\/canal5.md\/wp-content\/uploads\/2025\/02\/avarie-retea-termica-balti-900x505-1-optimized.jpg 900w, https:\/\/canal5.md\/wp-content\/uploads\/2025\/02\/avarie-retea-termica-balti-900x505-1-300x168-optimized.jpg 300w, https:\/\/canal5.md\/wp-content\/uploads\/2025\/02\/avarie-retea-termica-balti-900x505-1-768x431-optimized.jpg 768w, https:\/\/canal5.md\/wp-content\/uploads\/2025\/02\/avarie-retea-termica-balti-900x505-1-696x391-optimized.jpg 696w\">7 blocuri locative din zona str\u0103zilor Bulgar\u0103 \u2013 Iv. Franco din ora\u0219ul B\u0103l\u021bi au r\u0103mas miercuri seara, 26 februarie curent, f\u0103r\u0103 c\u0103ldur\u0103, din cauza unei avarii grave la o conduct\u0103 termic\u0103 de pe strada Alecu Russo. \u201eToate echipele de interven\u021bie ale CET-Nord \u0219i ale \u00centreprinderii Municipale de Gospod\u0103rie Comunal\u0103 au fost mobilizate. Deja a fost [\u2026]<\/div>\n","protected":false},"author":1,"featured_media":67965,"comment_status":"closed","ping_status":"closed","sticky":false,"template":"","format":"standard","meta":{"jnews-multi-image_gallery":[],"jnews_single_post":[],"jnews_primary_category":[],"jnews_social_meta":[],"jnews_override_counter":[],"footnotes":""},"categories":[30],"tags":[],"class_list":["post-67964","post","type-post","status-publish","format-standard","has-post-thumbnail","hentry","category-social_ro"],"_links":{"self":[{"href":"https:\/\/orheifm.live\/index.php\/wp-json\/wp\/v2\/posts\/67964","targetHints":{"allow":["GET"]}}],"collection":[{"href":"https:\/\/orheifm.live\/index.php\/wp-json\/wp\/v2\/posts"}],"about":[{"href":"https:\/\/orheifm.live\/index.php\/wp-json\/wp\/v2\/types\/post"}],"author":[{"embeddable":true,"href":"https:\/\/orheifm.live\/index.php\/wp-json\/wp\/v2\/users\/1"}],"replies":[{"embeddable":true,"href":"https:\/\/orheifm.live\/index.php\/wp-json\/wp\/v2\/comments?post=67964"}],"version-history":[{"count":0,"href":"https:\/\/orheifm.live\/index.php\/wp-json\/wp\/v2\/posts\/67964\/revisions"}],"wp:featuredmedia":[{"embeddable":true,"href":"https:\/\/orheifm.live\/index.php\/wp-json\/wp\/v2\/media\/67965"}],"wp:attachment":[{"href":"https:\/\/orheifm.live\/index.php\/wp-json\/wp\/v2\/media?parent=67964"}],"wp:term":[{"taxonomy":"category","embeddable":true,"href":"https:\/\/orheifm.live\/index.php\/wp-json\/wp\/v2\/categories?post=67964"},{"taxonomy":"post_tag","embeddable":true,"href":"https:\/\/orheifm.live\/index.php\/wp-json\/wp\/v2\/tags?post=67964"}],"curies":[{"name":"wp","href":"https:\/\/api.w.org\/{rel}","templated":true}]}}