{"id":67958,"date":"2025-02-26T21:43:59","date_gmt":"2025-02-26T19:43:59","guid":{"rendered":"https:\/\/orheifm.live\/index.php\/2025\/02\/26\/apa-canal-chisinau-anunta-pentru-joi-stopari-temporare-ale-livrarii-apei-potabile\/"},"modified":"2025-02-26T21:43:59","modified_gmt":"2025-02-26T19:43:59","slug":"apa-canal-chisinau-anunta-pentru-joi-stopari-temporare-ale-livrarii-apei-potabile","status":"publish","type":"post","link":"https:\/\/orheifm.live\/index.php\/2025\/02\/26\/apa-canal-chisinau-anunta-pentru-joi-stopari-temporare-ale-livrarii-apei-potabile\/","title":{"rendered":"\u201eAp\u0103-Canal Chi\u0219in\u0103u\u201d anun\u021b\u0103 pentru joi stop\u0103ri temporare ale livr\u0103rii apei potabile"},"content":{"rendered":"<div>\n<p><strong>SA \u201eAp\u0103-Canal Chi\u0219in\u0103u\u201d anun\u021b\u0103 pentru data de 27 februarie stop\u0103ri temporare ale livr\u0103rii apei potabile pe mai multe str\u0103zi din capital\u0103, noteaz\u0103 Noi.md.<\/strong><\/p>\n<p>Astfel, \u00een intervalul 09:00 \u2013 20:00, joi, f\u0103r\u0103 ap\u0103 vor fi consumatorii de pe urm\u0103toarele str\u0103zi: -Fierarilor, Negureni, S\u0103r\u0103teni, I. \u00cencule\u021b, M. Ciachir, M. Eliade, A. David, P. Bo\u021bu, Chi\u021bcani, Cocieri, Suruceni, Mire\u0219eni, I. Nistor, A. Mateevici, A. Bernardazzi, L. Tolstoi, Tighina, Bulgara, Armeneasc\u0103, V. Alexandri.<\/p>\n<p>Tot joi, \u00een intervalul 09:00 \u2013 18:00, nu vor avea ap\u0103 \u0219i consumatorii de pe str\u0103zile: -Atelierelor, 4,6 din or. Durle\u0219ti.<\/p>\n<p>\u00cen intervalul 09:00 \u2013 15:00, pe 27 februarie, f\u0103r\u0103 ap\u0103 vor fi \u0219i consumatorii de pe adresele: -Munce\u0219ti, 792\/2,794; -bd. Traian, 6\/2; -Sarmizegetusa, 48\/12; 92\/2; 94\/1;94\/5;96; 96\/2; 96\/3; -Botanica Veche,2; -Gr\u0103dina Botanic\u0103,12 To\u0163i consumatorii viza\u021bi de aceast\u0103 oprire s\u00eent ruga\u021bi s\u0103-\u015fi asigure rezerva minim\u0103 de ap\u0103 pentru consum \u015fi uz casnic pe perioada \u00eentreruperii furniz\u0103rii apei.<\/p>\n<\/div>\n","protected":false},"excerpt":{"rendered":"<div><img loading=\"lazy\" decoding=\"async\" width=\"696\" height=\"458\" src=\"https:\/\/canal5.md\/wp-content\/uploads\/2025\/02\/800106-optimized.webp\" class=\"attachment-large size-large wp-post-image\" alt=\"\" srcset=\"https:\/\/canal5.md\/wp-content\/uploads\/2025\/02\/800106-optimized.webp 760w, https:\/\/canal5.md\/wp-content\/uploads\/2025\/02\/800106-300x197-optimized.webp 300w, https:\/\/canal5.md\/wp-content\/uploads\/2025\/02\/800106-696x458-optimized.webp 696w\">SA \u201eAp\u0103-Canal Chi\u0219in\u0103u\u201d anun\u021b\u0103 pentru data de 27 februarie stop\u0103ri temporare ale livr\u0103rii apei potabile pe mai multe str\u0103zi din capital\u0103, noteaz\u0103 Noi.md. Astfel, \u00een intervalul 09:00 \u2013 20:00, joi, f\u0103r\u0103 ap\u0103 vor fi consumatorii de pe urm\u0103toarele str\u0103zi: -Fierarilor, Negureni, S\u0103r\u0103teni, I. \u00cencule\u021b, M. Ciachir, M. Eliade, A. David, P. Bo\u021bu, Chi\u021bcani, Cocieri, Suruceni, [\u2026]<\/div>\n","protected":false},"author":1,"featured_media":67959,"comment_status":"closed","ping_status":"closed","sticky":false,"template":"","format":"standard","meta":{"jnews-multi-image_gallery":[],"jnews_single_post":[],"jnews_primary_category":[],"jnews_social_meta":[],"jnews_override_counter":[],"footnotes":""},"categories":[30],"tags":[],"class_list":["post-67958","post","type-post","status-publish","format-standard","has-post-thumbnail","hentry","category-social_ro"],"_links":{"self":[{"href":"https:\/\/orheifm.live\/index.php\/wp-json\/wp\/v2\/posts\/67958","targetHints":{"allow":["GET"]}}],"collection":[{"href":"https:\/\/orheifm.live\/index.php\/wp-json\/wp\/v2\/posts"}],"about":[{"href":"https:\/\/orheifm.live\/index.php\/wp-json\/wp\/v2\/types\/post"}],"author":[{"embeddable":true,"href":"https:\/\/orheifm.live\/index.php\/wp-json\/wp\/v2\/users\/1"}],"replies":[{"embeddable":true,"href":"https:\/\/orheifm.live\/index.php\/wp-json\/wp\/v2\/comments?post=67958"}],"version-history":[{"count":0,"href":"https:\/\/orheifm.live\/index.php\/wp-json\/wp\/v2\/posts\/67958\/revisions"}],"wp:featuredmedia":[{"embeddable":true,"href":"https:\/\/orheifm.live\/index.php\/wp-json\/wp\/v2\/media\/67959"}],"wp:attachment":[{"href":"https:\/\/orheifm.live\/index.php\/wp-json\/wp\/v2\/media?parent=67958"}],"wp:term":[{"taxonomy":"category","embeddable":true,"href":"https:\/\/orheifm.live\/index.php\/wp-json\/wp\/v2\/categories?post=67958"},{"taxonomy":"post_tag","embeddable":true,"href":"https:\/\/orheifm.live\/index.php\/wp-json\/wp\/v2\/tags?post=67958"}],"curies":[{"name":"wp","href":"https:\/\/api.w.org\/{rel}","templated":true}]}}