{"id":67954,"date":"2025-02-26T21:34:43","date_gmt":"2025-02-26T19:34:43","guid":{"rendered":"https:\/\/orheifm.live\/index.php\/2025\/02\/26\/dosarul-monalisa-dr-serebrova-proprietara-salonului-mortii-a-fost-data-in-cautare-internationala\/"},"modified":"2025-02-26T21:34:43","modified_gmt":"2025-02-26T19:34:43","slug":"dosarul-monalisa-dr-serebrova-proprietara-salonului-mortii-a-fost-data-in-cautare-internationala","status":"publish","type":"post","link":"https:\/\/orheifm.live\/index.php\/2025\/02\/26\/dosarul-monalisa-dr-serebrova-proprietara-salonului-mortii-a-fost-data-in-cautare-internationala\/","title":{"rendered":"Dosarul \u201eMonalisa\u201d: Dr. Serebrova, proprietara \u201esalonului mor\u021bii\u201d, a fost dat\u0103 \u00een c\u0103utare interna\u021bional\u0103"},"content":{"rendered":"<div>\n<p><strong>Ucraineanca Irina Borodkina sau Dr. Serebrova, proprietara salonului de \u00eenfrumuse\u021bare din centrul Chi\u0219in\u0103ului \u00een care a murit Liuba Babu\u021bchi, a fost dat\u0103 \u00een c\u0103utare interna\u021bional\u0103. Dezv\u0103luirea a fost f\u0103cut\u0103 de ministra de Interne, Daniella Misail-Nichitin, \u00een cadrul emisiunii \u201eRezoomat\u201d de la RLIVE TV, moderat\u0103 de jurnalista Ileana P\u00eergaru,\u00a0<a href=\"https:\/\/realitatea.md\/ministra-afacerilor-interne-daniella-misail-nichitin-este-invitata-emisiunii-rezoomat\/\" target=\"_blank\" rel=\"noopener\">edi\u021bia din 26 februarie 2025<\/a>.<\/strong><\/p>\n<p>\u201eAceast\u0103 crim\u0103 \u00eentr-adev\u0103r, a bulversat opinia public\u0103 \u0219i este o cauz\u0103 penal\u0103 care este gestionat\u0103 de c\u0103tre Procuratur\u0103. Vreau s\u0103 aduc unele complet\u0103ri, pentru c\u0103 exact, reprezentan\u021bii mass-media ne-au adresat aceast\u0103 \u00eentrebare dup\u0103 \u0219edin\u021ba de Guvern, de ast\u0103zi. Deci, organul de urm\u0103rire penal\u0103 a recep\u021bionat raportul de expertiz\u0103 medico-legal\u0103, care a fost unul complex. Sunt dou\u0103 persoane \u00eenvinuite pe aceast\u0103 cauz\u0103 pentru practicarea medicinei \u00een condi\u021bii ilegale, dar \u0219i pentru provocarea unor interven\u021bii \u0219i manipula\u021bii medicale neautorizate care au soldat cu decesul persoanei. Dup\u0103 cum spuneam o persoan\u0103 este \u00een arest, proprietara acestui butic fiind de cet\u0103\u021benie a Ucrainei a p\u0103r\u0103sit Republica Moldova \u00een aceea\u0219i zi c\u00e2nd a fost sesizat\u0103 \u0219i raportat\u0103 aceast\u0103 fapt\u0103. Mai mult ca at\u00e2t, la moment, persoana este \u00een c\u0103utare interna\u021bional\u0103 \u0219i urmare a schimbului de informa\u021bii la nivelul poli\u021biei din Republica Moldova \u0219i Ucraina, ea se afl\u0103 pe teritoriul Ucrainei\u201d, a declarat ministra MAI.<\/p>\n<p>Amintim c\u0103, mai devreme,\u00a0ministra confirmase c\u0103 decesul Liubei Babu\u021bchi a fost provocat de embolie, o afec\u021biune care \u00eempiedic\u0103 oxigenul s\u0103 ajung\u0103 \u00een pl\u0103m\u00e2ni, din cauza unui cheag de s\u00e2nge.\u00a0Femeia de afaceri cunoscut\u0103 \u0219i ca \u201eMonalisa\u201d de la denumirea magazinului de haine al c\u0103rei proprietar\u0103 era, \u00een v\u00e2rst\u0103 de 35 de ani, s-a stins din via\u021b\u0103 pe 30 ianuarie 2025. Ea se programase pentru mai multe proceduri \u2013 injectarea feselor, interven\u021bii la b\u0103rbie \u0219i la buze, sub anestezie.<\/p>\n<p>\u00cen dosar sunt vizate astfel cel pu\u021bin dou\u0103 persoane.\u00a0Anestezista Ecaterina Maniuc se afl\u0103 \u00een arest preventiv pentru 30 de zile.<\/p>\n<p>Proprietara salonului, care s-a adeverit ulterior a fi o frizerie, a fugit din Republica Moldova, la dou\u0103 ore de la tragedie, travers\u00e2nd Palanca spre Ucraina. S-a mai vehiculat c\u0103 s-ar ascunde deja \u00een Spania, informa\u021bie care nu a fost confirmat\u0103.<\/p>\n<p>So\u021bul regretatei,\u00a0Roman Babu\u021bchi, caut\u0103 s\u0103-\u0219i fac\u0103 dreptate. El sus\u021bine c\u0103 se \u00eencearc\u0103 mu\u0219amalizarea dosarului.<\/p>\n<p><a href=\"https:\/\/realitatea.md\/dosarul-monalisa-dr-serebrova-proprietara-salonului-mortii-a-fost-data-in-cautare-internationala\/\">Realitate.md<\/a><\/p>\n<\/div>\n","protected":false},"excerpt":{"rendered":"<div><img loading=\"lazy\" decoding=\"async\" width=\"696\" height=\"391\" src=\"https:\/\/canal5.md\/wp-content\/uploads\/2025\/02\/irina-serebrova-900x505-2-optimized.png\" class=\"attachment-large size-large wp-post-image\" alt=\"\" srcset=\"https:\/\/canal5.md\/wp-content\/uploads\/2025\/02\/irina-serebrova-900x505-2-optimized.png 900w, https:\/\/canal5.md\/wp-content\/uploads\/2025\/02\/irina-serebrova-900x505-2-300x168-optimized.png 300w, https:\/\/canal5.md\/wp-content\/uploads\/2025\/02\/irina-serebrova-900x505-2-768x431-optimized.png 768w, https:\/\/canal5.md\/wp-content\/uploads\/2025\/02\/irina-serebrova-900x505-2-696x391-optimized.png 696w\">Ucraineanca Irina Borodkina sau Dr. Serebrova, proprietara salonului de \u00eenfrumuse\u021bare din centrul Chi\u0219in\u0103ului \u00een care a murit Liuba Babu\u021bchi, a fost dat\u0103 \u00een c\u0103utare interna\u021bional\u0103. Dezv\u0103luirea a fost f\u0103cut\u0103 de ministra de Interne, Daniella Misail-Nichitin, \u00een cadrul emisiunii \u201eRezoomat\u201d de la RLIVE TV, moderat\u0103 de jurnalista Ileana P\u00eergaru,\u00a0edi\u021bia din 26 februarie 2025. \u201eAceast\u0103 crim\u0103 \u00eentr-adev\u0103r, [\u2026]<\/div>\n","protected":false},"author":1,"featured_media":67955,"comment_status":"closed","ping_status":"closed","sticky":false,"template":"","format":"standard","meta":{"jnews-multi-image_gallery":[],"jnews_single_post":[],"jnews_primary_category":[],"jnews_social_meta":[],"jnews_override_counter":[],"footnotes":""},"categories":[30],"tags":[],"class_list":["post-67954","post","type-post","status-publish","format-standard","has-post-thumbnail","hentry","category-social_ro"],"_links":{"self":[{"href":"https:\/\/orheifm.live\/index.php\/wp-json\/wp\/v2\/posts\/67954","targetHints":{"allow":["GET"]}}],"collection":[{"href":"https:\/\/orheifm.live\/index.php\/wp-json\/wp\/v2\/posts"}],"about":[{"href":"https:\/\/orheifm.live\/index.php\/wp-json\/wp\/v2\/types\/post"}],"author":[{"embeddable":true,"href":"https:\/\/orheifm.live\/index.php\/wp-json\/wp\/v2\/users\/1"}],"replies":[{"embeddable":true,"href":"https:\/\/orheifm.live\/index.php\/wp-json\/wp\/v2\/comments?post=67954"}],"version-history":[{"count":0,"href":"https:\/\/orheifm.live\/index.php\/wp-json\/wp\/v2\/posts\/67954\/revisions"}],"wp:featuredmedia":[{"embeddable":true,"href":"https:\/\/orheifm.live\/index.php\/wp-json\/wp\/v2\/media\/67955"}],"wp:attachment":[{"href":"https:\/\/orheifm.live\/index.php\/wp-json\/wp\/v2\/media?parent=67954"}],"wp:term":[{"taxonomy":"category","embeddable":true,"href":"https:\/\/orheifm.live\/index.php\/wp-json\/wp\/v2\/categories?post=67954"},{"taxonomy":"post_tag","embeddable":true,"href":"https:\/\/orheifm.live\/index.php\/wp-json\/wp\/v2\/tags?post=67954"}],"curies":[{"name":"wp","href":"https:\/\/api.w.org\/{rel}","templated":true}]}}