{"id":67952,"date":"2025-02-26T21:21:23","date_gmt":"2025-02-26T19:21:23","guid":{"rendered":"https:\/\/orheifm.live\/index.php\/2025\/02\/26\/cum-maia-sandu-a-mintit-din-nou-pensionarii-promisiuni-nerealizate-si-majorari-selective-video\/"},"modified":"2025-02-26T21:21:23","modified_gmt":"2025-02-26T19:21:23","slug":"cum-maia-sandu-a-mintit-din-nou-pensionarii-promisiuni-nerealizate-si-majorari-selective-video","status":"publish","type":"post","link":"https:\/\/orheifm.live\/index.php\/2025\/02\/26\/cum-maia-sandu-a-mintit-din-nou-pensionarii-promisiuni-nerealizate-si-majorari-selective-video\/","title":{"rendered":"Cum Maia Sandu a mintit din nou pensionarii: Promisiuni nerealizate \u0219i major\u0103ri selective |VIDEO"},"content":{"rendered":"<div>\n<p><strong>Majorarea pensiei minime cu 523 de lei este prezentat\u0103 de regimul de la putere Sandu-PAS \u00eentr-o manier\u0103 pompoas\u0103, ca o mare favoare pentru pensionari. Mai mult, de aceast\u0103 cre\u0219tere nu vor beneficia to\u021bi pensionarii, ci doar cei care vor dovedi c\u0103 au un stagiu de cotizare de peste 40 de ani. Pensionarii au fost din nou \u00een\u0219ela\u021bi. <\/strong><br \/>\n<iframe loading=\"lazy\" title=\"YouTube video player\" src=\"https:\/\/www.youtube.com\/embed\/w9VXFxUxlTg?si=p5ktZY-NHgbrJ9X5\" width=\"560\" height=\"315\" frameborder=\"0\" allowfullscreen=\"allowfullscreen\"><\/iframe><br \/>\nDespre felul \u00een care \u00een\u0219elarea nevoia\u0219ilor a devenit practic politic\u0103 de stat pentru PAS, afla\u021bi de la comentatorul Canal5, Olga Dziatcovscaia.<\/p>\n<p>Pensionarii sunt din nou \u0219oca\u021bi dup\u0103 discursul pe Facebook al pre\u0219edintei Maia Sandu. Ea a anun\u021bat cu entuziasm c\u0103 \u00een acest an pensiile vor fi indexate cu 10%, iar aloca\u021bia minim\u0103 va fi majorat\u0103 la 3.300 de lei. \u00cens\u0103 pentru numai o singur\u0103 categorie de beneficiari. A\u0219a c\u0103, v\u00e2rstnicii au fost din nou \u00een\u0219ela\u021bi, iar cel mai revolt\u0103tor e c\u0103 minciuna se \u00eencearc\u0103 s\u0103 fie prezentat\u0103 sub o frumoas\u0103 masc\u0103 de propagand\u0103.<\/p>\n<p>MAIA SANDU, pre\u0219edintele Republicii Moldova<\/p>\n<p>Am semnat legea care cre\u0219te pensia minim\u0103 la 3300 de lei pentru persoanele care au lucrat 40 de ani sau mai mult. Aceast\u0103 lege este destinat\u0103 \u00een primul r\u00e2nd pentru a ajuta persoanele v\u00e2rstnice care au contribuit timp de mul\u021bi ani, dar din cauza salariilor mici pensia lor era p\u00e2n\u0103 acum mic\u0103. Acum aceasta va cre\u0219te.<\/p>\n<p>Adic\u0103, nu tuturor li se va majora pensia minim\u0103, ci doar celor care VOR PUTEA DOVEDI c\u0103 au lucrat mai mult de jum\u0103tate din via\u021b\u0103. \u0218i, apropo, astfel de persoane sunt destul de pu\u021bine \u00een raport cu num\u0103rul total de pensionari.<\/p>\n<p>Cei care nu primesc nici m\u0103car pensia minim\u0103, ci doar o aloca\u021bie mizerabil\u0103 de pu\u021bin peste 1.000 de lei, nu au la ce spera. Iar suplimentul la pensia minim\u0103 este, de asemenea, foarte mic. De la 2.777 de lei, cu doar 523 de lei \u00een plus. Trebuie s\u0103 po\u021bi s\u0103 prezin\u021bi a\u0219a ceva cu z\u00e2mbet pe fa\u021b\u0103. \u0218i s\u0103 o prezin\u021bi pompos: \u201eVeseli\u021bi-v\u0103!\u201d Dar, cum se spune, lua\u021bi c\u00e2t vi se d\u0103, nu se discut\u0103 despre o favoare de la st\u0103p\u00e2n. \u021ai-au aruncat o f\u0103r\u00e2m\u0103 \u2014 fii recunosc\u0103tor. Acum haide\u021bi s\u0103 vedem ce cred despre asta pensionarii.<\/p>\n<p>Nu sunt, nu sunt to\u021bi, cui e bine, care poate au mai bine, dar n-a ajunge pensia, asta n-a ajunge de fel. M\u0103car la cum o spus, trei mii m\u0103car \u0219i dou\u0103 mii s\u0103 fie. Da, a\u0219a, a\u0219a, ne mai descurc\u0103m medicamente, m\u0103car s\u0103 ne ajunga.<\/p>\n<p>D\u0103 doamne s\u0103 fie s\u0103n\u0103toas\u0103, s\u0103 ajung\u0103 la pensie, s\u0103 n-aib\u0103 pensia asta care o avem noi. Dar s\u0103 vad\u0103, m\u0103car, v\u0103 spun, m\u0103car o or\u0103, o or\u0103, s\u0103 aib\u0103, s\u0103 vad\u0103, s\u0103 tr\u0103iasc\u0103 cum tr\u0103im noi. Ori la ceilal\u021bi b\u0103tr\u00e2ni \u0219i o s\u0103 vad\u0103 cum o s\u0103-i fie ei.<\/p>\n<p>Eu m-am luptat s\u0103 am ceva din munca mea, \u00een\u021belege\u021bi? \u0218i pe copii, tot a\u0219a i-am \u00eenv\u0103\u021bat, nepo\u021bica, la fel. Eu sunt de acord cu greut\u0103\u021bile \u021b\u0103rilor, dar trebuie pu\u021bin m\u0103car s\u0103 se ridice \u0219i s\u0103 ias\u0103 s\u0103 spun\u0103, eu nu pot, nu pot s\u0103 v\u0103 ajut.<\/p>\n<p>Patru ani nu se vede nimeni \u0219i nu se aude nimeni, dup\u0103 4 ani umbl\u0103 to\u021bi \u201dc\u0103 o s\u0103 facem a\u0219a\u201d, \u201dc\u0103 o s\u0103 facem a\u0219a\u201d. Dint\u00e2i f\u0103, f\u0103 m\u0103re\u0219te pensia, f\u0103 locuri de munc\u0103 undeva mai bune \u0219i apoi c\u00e2nd ajungi atunci ai \u0219i inima \u00eemp\u0103cat\u0103 \u0219i spui: iat\u0103 eu o s\u0103 fac a\u0219a, iat\u0103 ce am f\u0103cut.<\/p>\n<p>Nu, nu ajunge nu ajunge \u00een primul r\u00e2nd toat\u0103 lumea e bolnav\u0103, to\u021bi umbl\u0103 dup\u0103 medicamente \u0219i apoi pl\u0103te\u0219te ap\u0103 lumin\u0103 gaz telefon \u0219i mai a\u0219teapt\u0103 la urm\u0103toarea leaf\u0103 care mai vrea o buc\u0103\u021bic\u0103 bun\u0103 nu \u0219tiu dac\u0103 mai apuc\u0103.<\/p>\n<p>\u00cen urma pre\u0219edintei, pe tema pensiilor, a decis s\u0103 se fac\u0103 remarcat, din vreun motiv, \u0219i ministrul de Externe, Mihai Pop\u0219oi. Ce bucurie! Spun\u00e2nd, de parc\u0103 ar fi: \u201eUita\u021bi-v\u0103, am promis \u0219i ne-am \u021binut de cuv\u00e2nt.\u201d<\/p>\n<p>La entuziasmul s\u0103u, Pop\u0219oi a ata\u0219at \u0219i un hashtag \u201eMoldova poate\u201d.<\/p>\n<p>Ne-am dori s\u0103 vedem fa\u021ba lui Pop\u0219oi dac\u0103 i-ar spune cineva: \u201e\u0218tii, Mihai, acum vei tr\u0103i cu 3.300 de lei \u0219i nici un leu \u00een plus.\u201d Aaaa, dar de ce e\u0219ti sup\u0103rat? \u021ai-e fric\u0103? Ei bine, pensionarilor le e fric\u0103 nu de via\u021b\u0103, ci de supravie\u021buire sub conducerea PAS. Hashtag-ul, desigur, Pop\u0219oi, l-a pus exact dup\u0103 Freud.<\/p>\n<p>Regimul PAS poate face chiar mai r\u0103u. Asta s-a demonstrat, a\u0219a cum s-ar spune, \u00een cei patru ani de guvernare \u00eentr-un mediu natural moldovenesc, unde ai senza\u021bia c\u0103 cet\u0103\u021benii sunt supu\u0219i la tot felul de experimente sociale de tip iezuit, acele experimente groaznice care au scopul a \u00een\u021belege sau de a influen\u021ba comportamentele umane \u00eentr-o societate. Vor supravie\u021bui sau nu oamenii no\u0219tri, vor muri sau nu.<\/p>\n<p>Revenind la promisiunea Maiei Sandu, cum \u021bine cuv\u00e2ntul regimul PAS, \u0219tie toat\u0103 \u021bara. Nici un punct din programul electoral nu a fost \u00eendeplinit, mai ales la capitolul pensii. \u00cen\u0219elarea pensionarilor a devenit aproape o politic\u0103 de stat a acestui partid, \u00eempreun\u0103 cu pre\u0219edinta.<\/p>\n<p>Este momentul s\u0103 ne amintim ce promitea Sandu \u0219i partidul ei \u00een 2021. Ast\u0103zi, toate aceste f\u0103g\u0103duin\u021bei, f\u0103r\u0103 excep\u021bie, nu doar c\u0103 nu au fost \u00eendeplinite, dar sunt percepute ca o batjocur\u0103.<\/p>\n<p>De exemplu, PAS promitea c\u0103 \u00een primele 100 de zile de guvernare pensia minim\u0103 va ajunge la 2000 de lei \u2013 aten\u021bie \u2013 pentru toate categoriile de pensionari. Ast\u0103zi, \u00een realitate, mul\u021bi nu primesc nici m\u0103car dou\u0103 mii de lei.<\/p>\n<p>\u00cen special, \u00een sate, exist\u0103 multe astfel de persoane. Regimul a promis \u0219i \u00eembun\u0103t\u0103\u021birea calit\u0103\u021bii vie\u021bii cet\u0103\u021benilor, precum \u0219i faptul c\u0103, odat\u0103 cu venirea lor la putere, tarifele la electricitate, ap\u0103 \u0219i gaz nu vor cre\u0219te, iar mul\u021bi au crezut.<\/p>\n<p>DIN PROMISIUNILE PREALEGERILE PAS DIN 2021:<\/p>\n<p>\u00cen primele 100 de zile de guvernare, PAS a promis:<br \/>\nCre\u0219terea pensiei minime pentru to\u021bi pensionarii p\u00e2n\u0103 la 2000 de lei.<br \/>\nP\u00e2n\u0103 \u00een 2025, salariul mediu va ajunge la 15.000 de lei.<br \/>\nCre\u0219terea ajutoarelor sociale \u0219i a burselor.<br \/>\nOprirea cre\u0219terii tarifelor pentru utilit\u0103\u021bi.<br \/>\n\u00cembun\u0103t\u0103\u021birea calit\u0103\u021bii vie\u021bii cet\u0103\u021benilor.<br \/>\nCrearea unui mediu favorabil investi\u021biilor.<br \/>\nImplementarea programelor pentru tineri.<br \/>\nConstruc\u021bia de \u0219coli, gr\u0103dini\u021be \u0219i spitale.<\/p>\n<p>Pe re\u021belele sociale se ironizeaz\u0103 \u00eengrozitor: \u201eOrchestra sub conducerea Maiei Sandu a interpretat sincron mar\u0219ul intitulat \u00abpre\u0219edinta rezolv\u0103 tot\u00bb.\u201d \u0218i se subliniaz\u0103: nu e cazul s\u0103 \u00ee\u0219i asume deja responsabilitatea pentru tot. \u0218i fermierul Victor Pogol\u0219a are multe \u00eentreb\u0103ri pentru Maia Sandu \u0219i partidul ei.<\/p>\n<p>VICTOR POGOL\u0218A, fermier<\/p>\n<p>Ieri a ap\u0103rut o \u0219tire care a fost titrat\u0103 pe paginile ministerilor \u0219i pe paginile p\u0103duchio\u0219ilor galbeni. Maia Sandu are o \u0219tire bun\u0103 pen tru pensionari: Pensia v-a fi m\u0103rit\u0103 cu 10 %.<\/p>\n<p>Stima\u021bi fanatici nici nu \u0219tiu cum s\u0103 v\u0103 spun, Da de c\u00eend func\u021bia pre\u0219edintelui are buget sau are atribu\u021bie la majorarea pensiei. Nu Guvernul nu Parlamentul decide majorarea pensiilor? Unu la m\u00e2n\u0103. Doi la m\u00een\u0103 da majorarea asta de 10 % vine nu cumva din mic\u0219orarea cheltuielilor pre\u0219eden\u021biei?<\/p>\n<p>Aparatul pre\u0219edintelui, despre care \u00een 2020, \u00eenainte de primul mandat al Maiei Sandu, a\u021bi spus c\u0103 cheltuielile pentru acesta sunt foarte mari \u0219i c\u0103 trebuie reduse. Dar \u00eentre 2020 \u0219i 2025, pe toat\u0103 aceast\u0103 perioad\u0103, cheltuielile doar au crescut. A\u0219 fi \u00een\u021beles dac\u0103 a\u021bi fi decis din 26 s\u0103 reduce\u021bi cheltuielile aparatului pre\u0219edintelui \u0219i s\u0103 cre\u0219te\u021bi pensiile.<\/p>\n<p>Dar nu! Acum dou\u0103 s\u0103pt\u0103m\u00e2ni, Maia Sandu, la Chi\u0219in\u0103u, \u00een Leova, a povestit o \u00eent\u00e2mplare: la \u00eentrebarea unui localnic despre problemele cu care se confrunt\u0103, ea a r\u0103spuns: \u201eNu am atribu\u021bii, nu am atribu\u021bii, guvernul, parlamentul!\u201d Iar ast\u0103zi, Maia Sandu se laud\u0103 c\u0103 m\u0103re\u0219te pensiile.<\/p>\n<p>Dup\u0103 alegerile din 2021, a avut loc o adev\u0103rat\u0103 \u00een\u0219el\u0103ciune, c\u00e2nd Mihai Pop\u0219oi, pe atunci deputat PAS, a postat un mesaj pe re\u021belele sociale \u00een care se l\u0103uda cu m\u0103surile luate de noul guvern pentru pensionari. \u00cen acea postare, el anun\u021ba cu m\u00e2ndrie c\u0103, \u00eencep\u00e2nd cu 1 octombrie, Moldova va avea parte de \u201eo majorare f\u0103r\u0103 precedent a pensiilor \u00een \u00eentreaga istorie\u201d. \u00cens\u0103, a\u0219a cum s-a dovedit ulterior, acest lucru nu a fost valabil pentru to\u021bi pensionarii.<\/p>\n<p>Majorarea a fost aplicat\u0103 doar celor care aveau un stagiu de munc\u0103 complet. Persoanele care nu \u00eendeplineau condi\u021bia au primit o m\u0103rire medie de doar 398 de lei. \u00cen acela\u0219i an, indexarea pensiilor a fost de doar 3,86%. V\u00e2rstnicii au r\u0103spuns cu multe comentarii critice la acest anun\u021b.<\/p>\n<p>Ru\u0219ine! Pensiile au fost promise a fi majorate pentru to\u021bi, dar unde sunt acum promisiunile voastre? Respecta\u021bi-v\u0103 aleg\u0103torii!<\/p>\n<p>Despre respectul fa\u021b\u0103 de cet\u0103\u021beni, moldovenii au aflat prea t\u00e2rziu c\u0103 acest principiu nu se aplic\u0103 PAS-ului. Dup\u0103 criza energetic\u0103 din 2022, c\u00e2nd infla\u021bia alimentar\u0103 a dep\u0103\u0219it 34%, ce a f\u0103cut regimul Sandu-PAS? A \u00eenc\u0103lcat legea \u0219i a indexat pensiile \u00een 2023 doar cu 14%, departe de nivelul infla\u021biei. De atunci, indexarea a fost la un nivel aproape inutil. \u00cen 2024, pensiile au fost majorate cu doar 6%, o m\u0103rire umilitoare.<\/p>\n<p>Ce \u00eenseamn\u0103 acest lucru \u00een realitate? Av\u00e2nd \u00een vedere pensia minim\u0103 de 2.777 de lei, suplimentul a fost de doar 157 de lei \u0219i 24 de bani. \u0218i nu conteaz\u0103 c\u0103 tarifele la c\u0103ldur\u0103 au crescut cu 40%, la electricitate cu 75%, iar la gaz cu 300%. Dragii pensionari, nu v\u0103 refuza\u021bi nimic!<\/p>\n<p>Anterior, fostul ministru al economiei, Octavian Calmic, a numit aceste cifre \u0219ocante \u00eentr-un comentariu pentru canalul nostru de televiziune.<\/p>\n<p>OCTAVIAN CALMIC, fost ministru al economiei<\/p>\n<p>\u201dDac\u0103 lu\u0103m \u00een considerare o perioad\u0103 de 4-5 ani, infla\u021bia cumulat\u0103 va ajunge la 60%, iar cre\u0219terea pre\u021burilor la produsele de baz\u0103 va dep\u0103\u0219i 200% sau mai mult de dou\u0103 ori. O astfel de cre\u0219tere a s\u0103r\u0103ciei \u00een Moldova nu a fost \u00eenregistrat\u0103 din anii \u201990.\u201d<\/p>\n<p>Nivelul s\u0103r\u0103ciei a dep\u0103\u0219it 35% \u00een Moldova. Conform datelor Biroului Na\u021bional de Statistic\u0103, veniturile disponibile ale popula\u021biei sunt, \u00een medie, de 4.915 lei pe lun\u0103, iar veniturile popula\u021biei \u00een termeni reali, \u021bin\u00e2nd cont de cre\u0219terea pre\u021burilor de consum, au crescut cu doar 1,9%. Majoritatea pensionarilor nu au nici m\u0103car acest minim.<\/p>\n<p>Exper\u021bii sus\u021bin c\u0103 minimul real de trai ar trebui s\u0103 fie stabilit la 10.000 de lei sau cel pu\u021bin 5.000 de lei. \u00cens\u0103, \u00een actuala guvernare, aceast\u0103 sum\u0103 r\u0103m\u00e2ne doar un vis. Recent, deputata Regina Apostolova din grupul parlamentar \u201eVictorie\u201d a propus majorarea pensiei minime la 5.000 de lei, dar ini\u021biativa a fost ignorat\u0103 de deputa\u021bii PAS.<\/p>\n<p>\u00cen schimb, autorit\u0103\u021bile tr\u0103iesc \u00een lux. F\u0103r\u0103 a include primele \u0219i alte beneficii, mini\u0219trii primesc mai mult de 50.000 de lei lunar, secretarii generali 40.000 de lei, iar \u0219efii departamentelor 30.000 de lei.<\/p>\n<p>Conduc\u0103torii institu\u021biilor sunt \u0219i mai bine remunera\u021bi: \u0219efa B\u0103ncii Na\u021bionale, Anca Dragu, c\u00e2\u0219tig\u0103 168.000 de lei lunar, directorul ANRE, Veaceslav Until\u0103, 115.000 de lei, iar pre\u0219edinta Cur\u021bii Constitu\u021bionale, Domnica Manole, are un venit anual de peste<br \/>\n785.000 de lei din salariu \u0219i \u00eenc\u0103 538.000 de lei din pensie.<\/p>\n<p>Mai mult, imediat dup\u0103 alegerile preziden\u021biale, guvernul Recean a luat decizia de a cre\u0219te salariile pentru peste 1.000 de angaja\u021bi dinm44 de institu\u021bii publice implicate \u00een procesul de integrare european\u0103, printre care: Biroul Na\u021bional de Statistic\u0103, Cancelaria de Stat, Ministerul Afacerilor Interne, Serviciul de Informa\u021bii \u0219i Securitate, Comisia Electoral\u0103 Central\u0103, Camera de Conturi, Procuratura General\u0103 \u0219i altele.<\/p>\n<p>Cre\u0219terea a fost de 50% din salariul deja existent. Pentru aceste scopuri, regimul de la putere a alocat 36 de milioane de lei. Pentru ei nu e problem\u0103 s\u0103 aloce fonduri. \u00cens\u0103 pentru pensionari \u0219i bugetari, nu sunt bani.<\/p>\n<p>Iat\u0103 \u00eenc\u0103 c\u00e2teva cifre interesante despre via\u021ba bun\u0103 a regimului Sandu-PAS. Doar \u00een prima jum\u0103tate a anului 2024, pentru \u00eentre\u021binerea aparatului birocratic umflat din guvernul PAS condus de Recean, s-au cheltuit cu 2 miliarde de lei mai mult dec\u00e2t \u00een aceea\u0219i perioad\u0103 din 2023. \u00cen acest an, cheltuielile vor cre\u0219te din nou.<\/p>\n<p>Pre\u0219edinta Maia Sandu nu are inten\u021bia de a reduce costurile pentru administra\u021bia sa. \u00cen patru ani, cifrele pentru aparatul s\u0103u au crescut cu 10 milioane de lei. Sandu s-a pl\u00e2ns c\u0103 asta se datoreaz\u0103 cre\u0219terii cheltuielilor pentru electricitate \u0219i salariile angaja\u021bilor.<\/p>\n<p>Compara\u021bi singuri: \u00een 2021, cheltuielile pentru salariile angaja\u021bilor administra\u021biei Sandu erau de 13,3 milioane de lei, iar \u00een 2025 acestea vor ajunge s\u0103 ne coste pe noi, contribuabilii, mai mult de 22 milioane de lei.<\/p>\n<p>\u00cen concluzie, regimul Sandu-PAS continu\u0103 s\u0103 aloce fonduri pentru proprii angaja\u021bi \u0219i pentru men\u021binerea unui aparat birocratic costisitor, \u00een timp ce pensionarii \u0219i cet\u0103\u021benii care tr\u0103iesc \u00een s\u0103r\u0103cie sunt ignora\u021bi.<\/p>\n<\/div>\n","protected":false},"excerpt":{"rendered":"<div><img loading=\"lazy\" decoding=\"async\" width=\"300\" height=\"168\" src=\"https:\/\/canal5.md\/wp-content\/uploads\/2024\/12\/maia-sandu-republica-moldova-scaled-e1699104804756-1200x673-1-300x168-1-optimized.webp\" class=\"attachment-large size-large wp-post-image\" alt=\"\">Majorarea pensiei minime cu 523 de lei este prezentat\u0103 de regimul de la putere Sandu-PAS \u00eentr-o manier\u0103 pompoas\u0103, ca o mare favoare pentru pensionari. Mai mult, de aceast\u0103 cre\u0219tere nu vor beneficia to\u021bi pensionarii, ci doar cei care vor dovedi c\u0103 au un stagiu de cotizare de peste 40 de ani. Pensionarii au fost din [\u2026]<\/div>\n","protected":false},"author":1,"featured_media":67953,"comment_status":"closed","ping_status":"closed","sticky":false,"template":"","format":"standard","meta":{"jnews-multi-image_gallery":[],"jnews_single_post":[],"jnews_primary_category":[],"jnews_social_meta":[],"jnews_override_counter":[],"footnotes":""},"categories":[30],"tags":[],"class_list":["post-67952","post","type-post","status-publish","format-standard","has-post-thumbnail","hentry","category-social_ro"],"_links":{"self":[{"href":"https:\/\/orheifm.live\/index.php\/wp-json\/wp\/v2\/posts\/67952","targetHints":{"allow":["GET"]}}],"collection":[{"href":"https:\/\/orheifm.live\/index.php\/wp-json\/wp\/v2\/posts"}],"about":[{"href":"https:\/\/orheifm.live\/index.php\/wp-json\/wp\/v2\/types\/post"}],"author":[{"embeddable":true,"href":"https:\/\/orheifm.live\/index.php\/wp-json\/wp\/v2\/users\/1"}],"replies":[{"embeddable":true,"href":"https:\/\/orheifm.live\/index.php\/wp-json\/wp\/v2\/comments?post=67952"}],"version-history":[{"count":0,"href":"https:\/\/orheifm.live\/index.php\/wp-json\/wp\/v2\/posts\/67952\/revisions"}],"wp:featuredmedia":[{"embeddable":true,"href":"https:\/\/orheifm.live\/index.php\/wp-json\/wp\/v2\/media\/67953"}],"wp:attachment":[{"href":"https:\/\/orheifm.live\/index.php\/wp-json\/wp\/v2\/media?parent=67952"}],"wp:term":[{"taxonomy":"category","embeddable":true,"href":"https:\/\/orheifm.live\/index.php\/wp-json\/wp\/v2\/categories?post=67952"},{"taxonomy":"post_tag","embeddable":true,"href":"https:\/\/orheifm.live\/index.php\/wp-json\/wp\/v2\/tags?post=67952"}],"curies":[{"name":"wp","href":"https:\/\/api.w.org\/{rel}","templated":true}]}}