{"id":67950,"date":"2025-02-26T21:20:08","date_gmt":"2025-02-26T19:20:08","guid":{"rendered":"https:\/\/orheifm.live\/index.php\/2025\/02\/26\/calin-georgescu-retinut-si-audiat-in-romania-cum-au-explicat-autoritatile-aceasta-decizie-video\/"},"modified":"2025-02-26T21:20:08","modified_gmt":"2025-02-26T19:20:08","slug":"calin-georgescu-retinut-si-audiat-in-romania-cum-au-explicat-autoritatile-aceasta-decizie-video","status":"publish","type":"post","link":"https:\/\/orheifm.live\/index.php\/2025\/02\/26\/calin-georgescu-retinut-si-audiat-in-romania-cum-au-explicat-autoritatile-aceasta-decizie-video\/","title":{"rendered":"C\u0103lin Georgescu re\u021binut \u0219i audiat \u00een Rom\u00e2nia. Cum au explicat autorit\u0103\u021bile aceast\u0103 decizie\u201d |VIDEO"},"content":{"rendered":"<div>\n<p><strong>C\u0103lin Georgescu a fost re\u021binut \u00een Rom\u00e2nia. Politicianul a fost oprit \u00een trafic \u0219i dus pentru audieri la Parchetul General. Presa din Rom\u00e2nia public\u0103 informa\u021bii contradictorii despre motivele re\u021binerii \u0219i statutul lui Georgescu. <\/strong><br \/>\n<iframe loading=\"lazy\" title=\"YouTube video player\" src=\"https:\/\/www.youtube.com\/embed\/dk6TMDkSg_g?si=nqvuJ1QnRNttg0s9\" width=\"560\" height=\"315\" frameborder=\"0\" allowfullscreen=\"allowfullscreen\"><\/iframe><br \/>\nEl este numit at\u00e2t suspect, c\u00e2t \u0219i martor \u00eentr-un dosar penal legat de crearea unei organiza\u021bii fasciste care ar avea rolul de a submina ordinea constitu\u021bional\u0103 \u0219i finan\u021barea ilegal\u0103 a campaniei electorale.<\/p>\n<p>\u00centre timp, anturajul politicianului a relatat c\u0103 Georgescu tocmai urma s\u0103-\u0219i prezinte candidatura la pre\u0219edin\u021bie pentru scrutinul repetat repetate, care va avea loc \u00een luna mai a acestui an.<\/p>\n<p>Film\u0103ri cu re\u021binerea lui C\u0103lin Georgescu au fost postate pe re\u021beaua X de jurnalistul american Mario Navfal. Dup\u0103 cum scrie presa din Rom\u00e2nia, Georgescu a reu\u0219it s\u0103-l informeze despre asta \u00een timpul arest\u0103rii. \u201eA c\u00e2\u0219tigat alegerile preziden\u021biale, le-au anulat, iar acum l-au re\u021binut. \u201eDemocra\u021bia\u201d \u00een ac\u021biune \u00eentr-o \u021bar\u0103 membr\u0103 a UE \u0219i NATO\u201d, a scris Nawfal.<\/p>\n<p>Georgescu a fost re\u021binut \u00een ma\u0219ina sa chiar \u00een drum \u0219i dus la audieri la Parchetul General.<\/p>\n<p>\u2013 Aceasta este o copie a mandatului de arestare. V\u0103 rug\u0103m s\u0103 scrie\u021bi c\u0103 a\u021bi primit o copie \u0219i s\u0103 semna\u021bi.<br \/>\n\u00cemi pare r\u0103u, dar mai \u00eent\u00e2i eu\u2026<br \/>\nNicio problem\u0103, contacta\u021bi-m\u0103 dac\u0103 exist\u0103 o astfel de nevoie. Nu vedem probleme.<\/p>\n<p>Potrivit presei din Rom\u00e2nia, C\u0103lin Georgescu a fost re\u021binut \u00eentr-un dosar legat de crearea unei organiza\u021bii fasciste cu scopul de a submina ordinea constitu\u021bional\u0103 \u0219i finan\u021barea ilegal\u0103 a campaniei electorale. Are Georgescu statut de suspect sau de martor \u00een acest dosar penal, informa\u021biile difer\u0103. Sursele News.ro au anun\u021bat c\u0103 Georgescu a fost audiat \u00een calitate de suspect.<\/p>\n<p>La r\u00e2ndul s\u0103u, filiala rom\u00e2neasc\u0103 Radio Liberty a raportat c\u0103 \u00een momentul de fa\u021b\u0103 politicianul nu este suspect \u00een dosarul penal privind finan\u021barea ilegal\u0103 a campaniei \u0219i alte \u00eenc\u0103lc\u0103ri ale legisla\u021biei electorale \u0219i este re\u021binut ca martor.<\/p>\n<p>Se mai spune c\u0103 zeci de perchezi\u021bii au fost efectuate \u00een aceast\u0103 diminea\u021b\u0103 la asocia\u021bii lui Georgescu, inclusiv la \u0219eful g\u0103rzii de corp al politicianului Hora\u021biu Potra. Se presupune c\u0103 \u00een timpul perchezi\u021biei casei sale ar fi fost g\u0103site milioane de dolari \u00een numerar, arme \u0219i chiar bilete la Moscova.<\/p>\n<p>\u00centre timp, echipa lui C\u0103lin Georgescu a postat un mesaj pe Facebook spun\u00e2nd c\u0103 politicianul urma s\u0103-\u0219i depun\u0103 din nou candidatura la func\u021bia de \u0219ef al statului la alegerile preziden\u021biale care vor avea loc \u00een mai. \u201eUnde este democra\u021bia, unde sunt partenerii care ar trebui s\u0103 apere democra\u021bia?\u201d se spune \u00een mesaj.<\/p>\n<p>Partidul Alian\u021ba pentru Unitatea Rom\u00e2nilor, care \u00eel sus\u021bine pe Georgescu, a anun\u021bat un protest la Parchetul General \u00een leg\u0103tur\u0103 cu re\u021binerea politicianului. Conducerea Partidului Tinerilor a\u00eendemnat \u0219i ea proteste. Dup\u0103 cum a spus liderul forma\u021biunii, Anamaria Gavrila, candidatul la preziden\u021biale, C\u0103lin Georgescu, a fost tratat ca un criminal, ceea ce este inacceptabil, scrie pescurt.ro.<\/p>\n<p>La alegerile prezidentiale care au avut loc pe 24 noiembrie anul trecut, Calin Georgescu a c\u00e2\u0219tigat din primul tur, \u00eens\u0103 Curtea Constitu\u021bional\u0103 a anulat rezultatele votului.<\/p>\n<p>Motivul este c\u0103 Georgescu ar fi un candidat pro-rus, c\u0103 \u201ear fi fost \u00eentreprinse atacuri cibernetice pentru a influen\u021ba corectitudinea procesului electoral\u201d, inclusiv din Rusia, \u0219i c\u0103 popularitatea \u00een mas\u0103 a lui C\u0103lin Georgescu ar fi ap\u0103rut \u201emul\u021bumit\u0103 preferin\u021belor\u201d de pe TikTok. Mai t\u00e2rziu, \u00eens\u0103, s-a dovedit c\u0103 publicitatea TikTok a fost pl\u0103tit\u0103 de partidul PNL al pre\u0219edintelui de atunci, Iohanis, pentru a deruta aleg\u0103torii.<\/p>\n<p>\u00cen ciuda tuturor acuza\u021biilor, potrivit ultimelor sondaje, C\u0103lin Georgescu s-ar afla pe primul loc la alegerile preziden\u021biale repetate. Anterior, Bloomberg, cit\u00e2nd surse, a scris c\u0103 la Conferin\u021ba de Securitate de la M\u00fcnchen, oficialii americani au cerut \u00een privat colegilor lor rom\u00e2ni s\u0103 nu se amestece \u00een participarea lui C\u0103lin Georgescu la alegerile preziden\u021biale din mai.<\/p>\n<\/div>\n","protected":false},"excerpt":{"rendered":"<div><img loading=\"lazy\" decoding=\"async\" width=\"360\" height=\"240\" src=\"https:\/\/canal5.md\/wp-content\/uploads\/2025\/02\/i-8-optimized.webp\" class=\"attachment-large size-large wp-post-image\" alt=\"\" srcset=\"https:\/\/canal5.md\/wp-content\/uploads\/2025\/02\/i-8-optimized.webp 360w, https:\/\/canal5.md\/wp-content\/uploads\/2025\/02\/i-8-300x200-optimized.webp 300w\">C\u0103lin Georgescu a fost re\u021binut \u00een Rom\u00e2nia. Politicianul a fost oprit \u00een trafic \u0219i dus pentru audieri la Parchetul General. Presa din Rom\u00e2nia public\u0103 informa\u021bii contradictorii despre motivele re\u021binerii \u0219i statutul lui Georgescu. El este numit at\u00e2t suspect, c\u00e2t \u0219i martor \u00eentr-un dosar penal legat de crearea unei organiza\u021bii fasciste care ar avea rolul de [\u2026]<\/div>\n","protected":false},"author":1,"featured_media":67951,"comment_status":"closed","ping_status":"closed","sticky":false,"template":"","format":"standard","meta":{"jnews-multi-image_gallery":[],"jnews_single_post":[],"jnews_primary_category":[],"jnews_social_meta":[],"jnews_override_counter":[],"footnotes":""},"categories":[29],"tags":[],"class_list":["post-67950","post","type-post","status-publish","format-standard","has-post-thumbnail","hentry","category-externe_ro"],"_links":{"self":[{"href":"https:\/\/orheifm.live\/index.php\/wp-json\/wp\/v2\/posts\/67950","targetHints":{"allow":["GET"]}}],"collection":[{"href":"https:\/\/orheifm.live\/index.php\/wp-json\/wp\/v2\/posts"}],"about":[{"href":"https:\/\/orheifm.live\/index.php\/wp-json\/wp\/v2\/types\/post"}],"author":[{"embeddable":true,"href":"https:\/\/orheifm.live\/index.php\/wp-json\/wp\/v2\/users\/1"}],"replies":[{"embeddable":true,"href":"https:\/\/orheifm.live\/index.php\/wp-json\/wp\/v2\/comments?post=67950"}],"version-history":[{"count":0,"href":"https:\/\/orheifm.live\/index.php\/wp-json\/wp\/v2\/posts\/67950\/revisions"}],"wp:featuredmedia":[{"embeddable":true,"href":"https:\/\/orheifm.live\/index.php\/wp-json\/wp\/v2\/media\/67951"}],"wp:attachment":[{"href":"https:\/\/orheifm.live\/index.php\/wp-json\/wp\/v2\/media?parent=67950"}],"wp:term":[{"taxonomy":"category","embeddable":true,"href":"https:\/\/orheifm.live\/index.php\/wp-json\/wp\/v2\/categories?post=67950"},{"taxonomy":"post_tag","embeddable":true,"href":"https:\/\/orheifm.live\/index.php\/wp-json\/wp\/v2\/tags?post=67950"}],"curies":[{"name":"wp","href":"https:\/\/api.w.org\/{rel}","templated":true}]}}