{"id":67946,"date":"2025-02-26T21:12:56","date_gmt":"2025-02-26T19:12:56","guid":{"rendered":"https:\/\/orheifm.live\/index.php\/2025\/02\/26\/vanzarea-palatului-de-cultura-al-feroviarilor-angajatii-se-opun-iar-istoricul-si-valoarea-culturala-risca-sa-fie-pierdute-pentru-datoriile-cfm-video\/"},"modified":"2025-02-26T21:12:56","modified_gmt":"2025-02-26T19:12:56","slug":"vanzarea-palatului-de-cultura-al-feroviarilor-angajatii-se-opun-iar-istoricul-si-valoarea-culturala-risca-sa-fie-pierdute-pentru-datoriile-cfm-video","status":"publish","type":"post","link":"https:\/\/orheifm.live\/index.php\/2025\/02\/26\/vanzarea-palatului-de-cultura-al-feroviarilor-angajatii-se-opun-iar-istoricul-si-valoarea-culturala-risca-sa-fie-pierdute-pentru-datoriile-cfm-video\/","title":{"rendered":"V\u00e2nzarea Palatului de Cultur\u0103 al Feroviarilor: Angaja\u021bii se opun, iar istoricul \u0219i valoarea cultural\u0103 risc\u0103 s\u0103 fie pierdute pentru datoriile CFM |VIDEO"},"content":{"rendered":"<div>\n<p><strong>\u201eAr fi o crim\u0103 dac\u0103 nu s-ar p\u0103stra aceast\u0103 institu\u021bie de cultur\u0103.\u201d De aceast\u0103 p\u0103rere sunt angaja\u021bii Palatului de Cultur\u0103 al Feroviarilor, dup\u0103 ce ministrul Infrastructurii, Vladimir Bolea, a declarat c\u0103 pentru a acoperi datoriile de milioane pe care le are CFM, inclusiv pentru plata salariilor, o solu\u021bie ar fi v\u00e2nzarea Casei de Cultur\u0103.<\/strong><br \/>\n<iframe loading=\"lazy\" title=\"YouTube video player\" src=\"https:\/\/www.youtube.com\/embed\/K0OrVbis3Rs?si=tEAqRwfhmhciZckM\" width=\"560\" height=\"315\" frameborder=\"0\" allowfullscreen=\"allowfullscreen\"><\/iframe><br \/>\nUnii lucr\u0103tori care activeaz\u0103 aici de ani mul\u021bi ne-au declarat c\u0103 institu\u021bia \u00eenseamn\u0103 pentru ei o a doua cas\u0103, c\u0103reia s-au dedicat din tot sufletul, iar v\u00e2nzarea acesteia va l\u0103sa \u00een urm\u0103 o mare triste\u021be.<\/p>\n<p>Angaja\u021bii Palatului de Cultur\u0103 al Feroviarilor s-au ar\u0103tat indigna\u021bi de ideea \u201egenial\u0103\u201d a ministrului Vladimir Bolea de a scoate la v\u00e2nzare cl\u0103direa cu o istorie \u0219i o semnifica\u021bie arhitectural\u0103 aparte. Cu at\u00e2t mai mult cu c\u00e2t ei nici m\u0103car nu au fost informa\u021bi anterior despre aceast\u0103 ini\u021biativ\u0103. Regizorul institu\u021biei culturale este de p\u0103rere c\u0103 ar fi o mare pierdere dac\u0103 aceasta nu ar fi p\u0103strat\u0103.<\/p>\n<p>GUTIERA PRODAN, regizorul Palatului de Cultur\u0103 a Feroviarilor<\/p>\n<p>\u2013 Sincer, eu personal nu am v\u0103zut interviul, dar am v\u0103zut reac\u021biile din pres\u0103 \u0219i am r\u0103mas nedumerit\u0103, pentru c\u0103 lucr\u0103torii Palatului nu \u0219tiu nimic despre asta, adic\u0103 nou\u0103 nu ni s-a comunicat nimic. \u00cen rest, vreau s\u0103 v\u0103 spun c\u0103 ar fi un mare p\u0103cat, pentru c\u0103 acest Palat este cu adev\u0103rat o comoar\u0103 pentru Republica Moldova \u0219i o spun din experien\u021ba mea.<\/p>\n<p>Este prima cl\u0103dire cu acoperi\u0219 de sticl\u0103, uita\u021bi-v\u0103 ce frumuse\u021be este aici, \u00een Republica Moldova, iar toat\u0103 aceast\u0103 frumuse\u021be pe care o vede\u021bi aici, magnolia \u0219i palmierii, sunt crescu\u021bi \u00een condi\u021bii naturale \u0219i au 45 de ani. Eu cred c\u0103 ar fi o crim\u0103 dac\u0103 nu s-ar p\u0103stra aceast\u0103 institu\u021bie de cultur\u0103.<\/p>\n<p>\u0218i directoarea bibliotecii din cadrul Palatului de Cultur\u0103 al Feroviarilor este de aceea\u0219i p\u0103rere. Odat\u0103 v\u00e2ndut\u0103 institu\u021bia, se vor pierde toate c\u0103r\u021bile valoroase care nu se mai g\u0103sesc nic\u0103ieri \u00een \u021bar\u0103, spune ea.<\/p>\n<p>NADEJDA CNEAZEVA, directorul bibliotecii al Palatului de Cultur\u0103 a Feroviarilor<\/p>\n<p>\u2013 Aceste c\u0103r\u021bi nu se mai g\u0103sesc nic\u0103ieri \u00een Republica Moldova, este un fond unic \u0219i enorm. Vorbim despre instruc\u021biuni \u0219i materiale deidactice. Dac\u0103 manualele se mai g\u0103sesc pe undeva \u0219i pot fi desc\u0103rcate, atunci instruc\u021biunile nu se mai g\u0103sesc nic\u0103ieri, iar de acestea se ghideaz\u0103 \u00een activitatea sa toat\u0103 Calea Ferat\u0103.<\/p>\n<p>\u2013 S\u0103 presupunem c\u0103 acest Palat va fi v\u00e2ndut, ce se va \u00eent\u00e2mpla cu toate aceste c\u0103r\u021bi?<\/p>\n<p>Sper\u0103m la mai bine, suntem optimi\u0219ti, eu cred c\u0103 acest fond totu\u0219i trebuie p\u0103strat.<\/p>\n<p>\u00cen cadrul Palatului de Cultur\u0103 al Feroviarilor se desf\u0103\u0219oar\u0103 \u0219i numeroase activit\u0103\u021bi pentru copii, iar conduc\u0103torul artistic, spune c\u0103 ministrul Bolea o va l\u0103sa pur \u0219i simplu f\u0103r\u0103 a doua cas\u0103.<\/p>\n<p>ANGELA COBARI RO\u0218COVAN, conduc\u0103tor artistic al Palatului de Cultur\u0103 a Feroviarilor<\/p>\n<p>\u2013 Palatul de Cultur\u0103 al Feroviarilor este a doua cas\u0103 a mea, practic aici m\u0103 trezesc, aici m\u0103 culc. Nu \u0219tiu, dar un lucru este clar: va fi trist de tot, fiindc\u0103 noi aici avem totul la \u00eendem\u00e2n\u0103: \u0219i sala mic\u0103, \u0219i sala mare, \u0219i po\u021bi s\u0103 faci repeti\u021bii, \u0219i s\u0103 lucrezi lini\u0219tit cu copiii, iar pentru mine, ca interpret\u0103, dac\u0103 nu va fi o pauz\u0103 mare, pentru copii \u2013 da. Trist de tot.<\/p>\n<p>Ludmila Gheorghiev care activeaz\u0103 la Palatul de Cultur\u0103 din 1981. \u00cen prezent, ea este director administrativ \u0219i spune c\u0103 \u00eei este greu s\u0103-\u0219i imagineze ce se va \u00eent\u00e2mpla mai departe cu institu\u021bia \u00een care \u0219i-a petrecut cei mai mul\u021bi \u0219i mai frumo\u0219i ani din via\u021b\u0103.<\/p>\n<p>LUDMILA GHEORGHIEV, directorul administrativ al Palatului de Cultur\u0103 a Feroviarilor<\/p>\n<p>\u2013 \u00cen primul r\u00e2nd, e foarte dureros, iar prima \u00een\u0219tiin\u021bare am primit-o de la participan\u021bi.<\/p>\n<p>\u2013 Dup\u0103 aceea, ce a urmat? \u2013 St\u0103m pe g\u00e2nduri \u0219i ne g\u00e2ndim ce ne a\u0219teapt\u0103 pe viitor.<\/p>\n<p>\u2013 Cum crede\u021bi, Palatul ar putea fi v\u00e2ndut p\u00e2n\u0103 la urm\u0103?<\/p>\n<p>\u2013 Noi o s\u0103 lupt\u0103m ca Palatul s\u0103 existe.<\/p>\n<p>\u2013 Dvs. deja ave\u021bi o v\u00e2rst\u0103, d Dac\u0103 va fi \u00eenchis acest Palat, ce ve\u021bi face mai departe?<\/p>\n<p>\u2013 Eu o s\u0103 stau acas\u0103, ca pensionar.<\/p>\n<p>Palatul are \u00een gestiune \u0219i Muzeul de Istorie \u00centreprinderii de Stat Calea Ferat\u0103 din Moldova. Directoarea acestuia, Alina Co\u021baga, consider\u0103 c\u0103 istoria trebuie p\u0103strat\u0103 cu orice pre\u021b, pentru a fi transmis\u0103 genera\u021biilor viitoare.<\/p>\n<p>ALINA CO\u021aAGA, directorul muzeului C\u0103ii Ferate din Moldova<\/p>\n<p>\u2013 Noi, to\u021bi cet\u0103\u021benii Republicii Moldova, suntem datori s\u0103 p\u0103str\u0103m istoria \u0219i cultura pentru toate genera\u021biile, fiindc\u0103 to\u021bi vizitatorii no\u0219tri care vin la muzeu r\u0103m\u00e2n impresiona\u021bi cu at\u00e2ta recuno\u0219tin\u021b\u0103 \u0219i bucurie de exponatele muzeului, de istorie, de cum arat\u0103 diferite exponate rare, machetele, iar toate dolean\u021bele vizitatorilor sunt s\u0103 p\u0103str\u0103m aceast\u0103 tradi\u021bie \u0219i pe mai departe.<\/p>\n<p>\u00cen afara camerelor de luat vederi, unii angaja\u021bi au spus c\u0103, \u00een opinia lor, la mijloc ar exista un interes ascuns, iar suma pentru care va fi v\u00e2ndut acest Palat nu va fi suficient\u0103 pentru a remedia aceste restan\u021be salariale ale feroviarilor.<\/p>\n<p>\u2013 Eu pun pariu c\u0103 nu \u0219tiu peste c\u00e2\u021bi ani o s\u0103 apar\u0103 ni\u0219te case de locuit una dup\u0103 alta.<\/p>\n<p>\u2013 Eu cred c\u0103 aici este un interes ascuns.<\/p>\n<p>\u2013 Dar noi \u00eentre\u021binem aici tot din banii no\u0219tri proprii c\u0103ut\u0103m \u00eengr\u0103\u0219\u0103minte, sp\u0103l\u0103m, cur\u0103\u021bim \u0219i acum s\u0103 vin\u0103 cineva \u0219i s\u0103 distrug\u0103 chiar ne doare sufletul.<\/p>\n<p>Chiar \u0219i lucr\u0103torii feroviari, coment\u00e2nd ini\u021biativa lui Vladimir Bolea pe re\u021belele de socializare, au subliniat c\u0103 v\u00e2nzarea acestui activ nu va rezolva problema datoriilor salariale \u0219i c\u0103, \u00een loc de asta, autorit\u0103\u021bile ar trebui s\u0103 se concentreze pe m\u0103suri de redresare a \u00eentreprinderii, nu pe modalit\u0103\u021bi de a ob\u021bine profit de pe urma ei.<\/p>\n<p>Am contactat \u0219i un agent imobiliar pentru a a afla cu ce pre\u021b ar putea fi v\u00e2ndut Palatul. Dumitru T\u0103r\u0103burc\u0103 considr\u0103 c\u0103 de zon\u0103 ar putea fi interesa\u021bi dezvoltatorii pentru construc\u021bia cl\u0103dirilor reziden\u021biale.<\/p>\n<p>DUMITRU T\u0102R\u0102BURC\u0102, agent imobiliar<\/p>\n<p>\u2013 Acolo este zona C3, cam dou\u0103 hectare, da, dac\u0103 vorbim \u00een termenii regimului urbanistic, este cam 40.000 de euro per suta de metri p\u0103tra\u021bi, adic\u0103 aproximativ 6 milioane de euro, dar dezvoltatorii no\u0219tri sunt obi\u0219nui\u021bi s\u0103 m\u0103soare totul \u00een termeni de blocuri \u00eenalte, reziden\u021biale, da, \u0219i \u00een acest regim, ar putea ajunge \u0219i la 12 milioane de euro.<\/p>\n<p>\u00cen\u021belege\u021bi, adic\u0103 dac\u0103 acolo vor fi construite blocuri de 100 de etaje, deci cl\u0103direa \u00een sine nu este interesant\u0103, dac\u0103 cineva o va cump\u0103ra, o va cump\u0103ra, \u0219i cu siguran\u021b\u0103 vor ap\u0103rea blocuri reziden\u021biale. A\u0219a este structurat\u0103 politica noastr\u0103 urbanistic\u0103 din ultimii ani, din p\u0103cate.<\/p>\n<p>Palatul de Cultur\u0103 al Feroviarilor din Chi\u0219in\u0103u a fost construit \u00een perioada 1953-1955. Cl\u0103direa a fost edificat\u0103 cu scopul de a servi drept centru cultural pentru angaja\u021bii C\u0103ilor Ferate din Moldova, dar \u0219i pentru a g\u0103zdui evenimente culturale, inclusiv spectacole, concerte, expozi\u021bii, activit\u0103\u021bi educa\u021bionale \u0219i repeti\u021bii pentru diverse grupuri de arti\u0219ti.<\/p>\n<\/div>\n","protected":false},"excerpt":{"rendered":"<div><img loading=\"lazy\" decoding=\"async\" width=\"696\" height=\"392\" src=\"https:\/\/canal5.md\/wp-content\/uploads\/2025\/02\/md.c.c_-_palatul_de_cultura_al_feroviarilor_-_jun_2020_01-1024x576-optimized.jpg\" class=\"attachment-large size-large wp-post-image\" alt=\"\" srcset=\"https:\/\/canal5.md\/wp-content\/uploads\/2025\/02\/md.c.c_-_palatul_de_cultura_al_feroviarilor_-_jun_2020_01-1024x576-optimized.jpg 1024w, https:\/\/canal5.md\/wp-content\/uploads\/2025\/02\/md.c.c_-_palatul_de_cultura_al_feroviarilor_-_jun_2020_01-300x169-optimized.jpg 300w, https:\/\/canal5.md\/wp-content\/uploads\/2025\/02\/md.c.c_-_palatul_de_cultura_al_feroviarilor_-_jun_2020_01-768x432-optimized.jpg 768w, https:\/\/canal5.md\/wp-content\/uploads\/2025\/02\/md.c.c_-_palatul_de_cultura_al_feroviarilor_-_jun_2020_01-1536x864-optimized.jpg 1536w, https:\/\/canal5.md\/wp-content\/uploads\/2025\/02\/md.c.c_-_palatul_de_cultura_al_feroviarilor_-_jun_2020_01-696x392-optimized.jpg 696w, https:\/\/canal5.md\/wp-content\/uploads\/2025\/02\/md.c.c_-_palatul_de_cultura_al_feroviarilor_-_jun_2020_01-1068x601-optimized.jpg 1068w, https:\/\/canal5.md\/wp-content\/uploads\/2025\/02\/md.c.c_-_palatul_de_cultura_al_feroviarilor_-_jun_2020_01-optimized.jpg 1600w\">\u201eAr fi o crim\u0103 dac\u0103 nu s-ar p\u0103stra aceast\u0103 institu\u021bie de cultur\u0103.\u201d De aceast\u0103 p\u0103rere sunt angaja\u021bii Palatului de Cultur\u0103 al Feroviarilor, dup\u0103 ce ministrul Infrastructurii, Vladimir Bolea, a declarat c\u0103 pentru a acoperi datoriile de milioane pe care le are CFM, inclusiv pentru plata salariilor, o solu\u021bie ar fi v\u00e2nzarea Casei de Cultur\u0103. Unii [\u2026]<\/div>\n","protected":false},"author":1,"featured_media":67947,"comment_status":"closed","ping_status":"closed","sticky":false,"template":"","format":"standard","meta":{"jnews-multi-image_gallery":[],"jnews_single_post":[],"jnews_primary_category":[],"jnews_social_meta":[],"jnews_override_counter":[],"footnotes":""},"categories":[23],"tags":[],"class_list":["post-67946","post","type-post","status-publish","format-standard","has-post-thumbnail","hentry","category-politica_ro"],"_links":{"self":[{"href":"https:\/\/orheifm.live\/index.php\/wp-json\/wp\/v2\/posts\/67946","targetHints":{"allow":["GET"]}}],"collection":[{"href":"https:\/\/orheifm.live\/index.php\/wp-json\/wp\/v2\/posts"}],"about":[{"href":"https:\/\/orheifm.live\/index.php\/wp-json\/wp\/v2\/types\/post"}],"author":[{"embeddable":true,"href":"https:\/\/orheifm.live\/index.php\/wp-json\/wp\/v2\/users\/1"}],"replies":[{"embeddable":true,"href":"https:\/\/orheifm.live\/index.php\/wp-json\/wp\/v2\/comments?post=67946"}],"version-history":[{"count":0,"href":"https:\/\/orheifm.live\/index.php\/wp-json\/wp\/v2\/posts\/67946\/revisions"}],"wp:featuredmedia":[{"embeddable":true,"href":"https:\/\/orheifm.live\/index.php\/wp-json\/wp\/v2\/media\/67947"}],"wp:attachment":[{"href":"https:\/\/orheifm.live\/index.php\/wp-json\/wp\/v2\/media?parent=67946"}],"wp:term":[{"taxonomy":"category","embeddable":true,"href":"https:\/\/orheifm.live\/index.php\/wp-json\/wp\/v2\/categories?post=67946"},{"taxonomy":"post_tag","embeddable":true,"href":"https:\/\/orheifm.live\/index.php\/wp-json\/wp\/v2\/tags?post=67946"}],"curies":[{"name":"wp","href":"https:\/\/api.w.org\/{rel}","templated":true}]}}