{"id":67942,"date":"2025-02-26T21:06:34","date_gmt":"2025-02-26T19:06:34","guid":{"rendered":"https:\/\/orheifm.live\/index.php\/2025\/02\/26\/flashmob-al-blocului-victorie-langa-casa-de-lux-a-sefului-igp-viorel-cernautanu-cereri-pentru-o-ancheta-privind-averea-si-sursele-acesteia-video\/"},"modified":"2025-02-26T21:06:34","modified_gmt":"2025-02-26T19:06:34","slug":"flashmob-al-blocului-victorie-langa-casa-de-lux-a-sefului-igp-viorel-cernautanu-cereri-pentru-o-ancheta-privind-averea-si-sursele-acesteia-video","status":"publish","type":"post","link":"https:\/\/orheifm.live\/index.php\/2025\/02\/26\/flashmob-al-blocului-victorie-langa-casa-de-lux-a-sefului-igp-viorel-cernautanu-cereri-pentru-o-ancheta-privind-averea-si-sursele-acesteia-video\/","title":{"rendered":"Flashmob al Blocului \u201eVictorie\u201d l\u00e2ng\u0103 casa de lux a \u0219efului IGP Viorel Cern\u0103u\u021banu: Cereri pentru o anchet\u0103 privind averea \u0219i sursele acesteia |VIDEO"},"content":{"rendered":"<div>\n<p><strong>Reprezentan\u021bii Blocului \u201dVictorie\u201d au organizat un flashmob l\u00e2ng\u0103 casa, unde potrivit unor informa\u021bii, locuie\u0219te \u0219efului Inspectoratului General al Poli\u021biei, Viorel Cern\u0103u\u021beanu. Ace\u0219tia au cerut conduc\u0103torului IGP s\u0103-\u0219i justifice averea \u0219i s\u0103 explice cum a ob\u021binut ace\u0219ti bani din care \u0219i-a construit un adev\u0103rat castel. <\/strong><br \/>\n<iframe loading=\"lazy\" title=\"YouTube video player\" src=\"https:\/\/www.youtube.com\/embed\/Z62ije3Bg3M?si=ue1rnachzRP_2IcW\" width=\"560\" height=\"315\" frameborder=\"0\" allowfullscreen=\"allowfullscreen\"><\/iframe><br \/>\nManifestan\u021bii au solicitat Procuraturii Anticorup\u021bie s\u0103 investigheze \u00eembog\u0103\u021birea ilicit\u0103 a acestuia, deoarece spun ei, salariul mediu al unui poli\u021bist este de circa 9.000 de lei, iar cu a\u0219a un venit, nu-\u021bi po\u021bi permite o s\u0103 ridici un palat de lux.<\/p>\n<p>Reprezentan\u021bii Blocului \u201dVictorie\u201d au organizat flashmob-ul la Coloni\u021ba, l\u00e2ng\u0103 o cas\u0103 de lux, acolo unde, potrivit informa\u021biilor ap\u0103rute \u00een spa\u021biul public, ar locui \u0219eful IGP, Viorel Cern\u0103u\u021beanu.<\/p>\n<p>Cu pancarte \u00een m\u00e2ini, pe care era scris: \u201dCern\u0103u\u021beanu nu min\u021bi\u201d, \u201dTransparen\u021b\u0103 pentru to\u021bi\u201d, \u201dPAS controleaz\u0103 poli\u021bia\u201d, \u201dSandu, ia-\u021bi sluga!\u201d \u0219i \u201d\u2019Casa de la Coloni\u021ba este un monument al corup\u021biei\u201d, \u0219i \u201d\u2019Casa de la Coloni\u021ba este un monument al corup\u021biei\u2019 reprezentan\u021bii forma\u021biunii politice au cerut \u0219efului IGP s\u0103 prezinte o declara\u021bie de avere veridic\u0103, iar institu\u021biilor competente \u2013 s\u0103 investigheze din ce surse \u0219i-a cump\u0103rat casa de milioane \u0219eful poli\u021bi\u0219tilor.<\/p>\n<p>Apropo, \u00een declara\u021bia pentru 2023, Cern\u0103u\u021beanu a men\u021bionat c\u0103 a cump\u0103rat o cas\u0103 privat\u0103 cu 1 milion de lei, \u00eens\u0103 \u00een declara\u021bia din 2024, imobilul de 243 de metri p\u0103tra\u021bi este trecut deja cu valoarea de 1 milion 850 mii lei.<\/p>\n<p>ALEXEI LUNGU, liderul partidului \u201e\u0218ans\u0103\u201d<\/p>\n<p>Noi am venit s\u0103 ar\u0103t\u0103m realitatea crud\u0103 din RM, s\u0103 le ar\u0103t\u0103m poli\u021bi\u0219tilor de r\u00e2nd care execut\u0103 cu ochii \u00eenchi\u0219i ordinile criminale ale lui Cern\u0103u\u021benau cum tr\u0103ie\u0219te \u0219eful lor \u0219i s\u0103 se g\u00e2ndeasc\u0103 \u00een ce condi\u021bii tr\u0103iesc ei. Vedem o cas\u0103 de milioane de euro \u0219i nu a\u0219a cum spune Viorel Cern\u0103u\u021beanu c\u0103 ar costa \u00een declara\u021bie.<\/p>\n<p>A\u0219tept\u0103m ca Procuratura Anticorup\u021bie s\u0103 porneasc\u0103 un dosar penal de \u00eembog\u0103\u021bire ilicit\u0103 \u0219i s\u0103 arate oamenilor de r\u00e2nd de unde Cern\u0103u\u021beanu are a\u0219a bani pentru a construi un adev\u0103rat Castel.<\/p>\n<p>Vrem s\u0103-l vedem pe Cern\u0103u\u021beanu, dac\u0103 este a\u0219a de cinstit, s\u0103 ias\u0103 \u0219i s\u0103 spun\u0103 \u00eentregului popor de unde d\u00e2nsul are asemenea bani pentru asemenia cas\u0103.<\/p>\n<p>PAVEL VEREJANU, membru al Blocului \u201eVictorie\u201d<\/p>\n<p>Cunoa\u0219tem c\u0103 el nu are business-uri, nu are \u00eentreprinderi, a fost \u00eentotdeauna un func\u021bionar public, de aceea, cu siguran\u021b\u0103 aici se v\u0103d anume bani din corup\u021bie, bani din mu\u0219amalizarea cazurilor, bani din protejarea traficului de \u021big\u0103ri, droguri, etc.1 800 000 cic\u0103 cost\u0103 acest Palat, noi cu to\u021bii \u00een\u021belegem c\u0103 aici doar gardul cost\u0103 1 800 000 de lei.<\/p>\n<p>Reprezentan\u021bii Blocului Victorie au cerut demisia lui Viorel Cern\u0103u\u021bianu, deoarece, potrivit lor, acesta este o ru\u0219ine pentru poli\u021bia na\u021bional\u0103, iar \u0219eful IGP, \u00een loc s\u0103 se ocupe de crimele grave \u0219i accidentele tragice care au loc tot mai des, \u00een ultima perioad\u0103, pe teritoriul \u021b\u0103rii, ar \u00eendeplini cerin\u021bele politice ale actualei guvern\u0103ri bazate pe campanii electorale, \u0219i ar intimida politicienii din opizi\u021bie prin perchezi\u021bii \u0219i presiuni.<\/p>\n<p>ANDREI POPA, membru al partidului \u201e\u0218ans\u0103\u201d<\/p>\n<p>Doar imagina\u021bi-v\u0103 c\u00e2t cost\u0103 s\u0103 \u00eentre\u021bii o astfel de cas\u0103, nemaivorbind \u2013 s\u0103 o construie\u0219ti.<\/p>\n<p>El spune c\u0103 i-a \u00eemprumutat p\u0103rin\u021bii s\u0103i, ok. Mama mea \u0219i tat\u0103l meu din anul 2001 pleac\u0103 peste hotare la munc\u0103, eu personal am fost peste hotare timp de 7 ani, dar eu nici pentru astfel de por\u021bi nu am acumulat.<\/p>\n<p>Prin aceast\u0103 cas\u0103 ne-a scuipat tuturor \u00een fa\u021b\u0103 pentru c\u0103 noi cu dumneavoastr\u0103 lucr\u0103m de la un salariu la altul ca s\u0103 achit\u0103m facturile enorme, dar aici pur \u0219i simplu de nic\u0103ieri omului are o cas\u0103.<\/p>\n<p>CRISTINA VULPE, membru al Blocului \u201eVictorie\u201d<\/p>\n<p>Cum a spus guvernarea actual\u0103 \u2013 niciodat\u0103 poporul RM nu a tr\u0103it at\u00e2t de bine, precum tr\u0103ie\u0219te ast\u0103zi, pe vremea conducerii PAS, a\u0219a c\u0103 haide\u021bi s\u0103 ne punem \u00eentrebarea fiecare dintre noi \u2013 c\u00e2t ne cost\u0103 aceste vremuri bune \u0219i c\u00e2t \u00eei cost\u0103 aceste vremuri bune pe cei care au palate, castele pe muchii de ora\u0219, \u0219i cei care au condi\u021bii suprabune, fa\u021b\u0103 de oamenii de la \u021bar\u0103 \u0219i fa\u021b\u0103 de oamenii simpli ai ora\u0219ului Chi\u0219in\u0103u, care o duc de azi pe m\u00e2ine.<\/p>\n<p>\u00cen fa\u021ba protestatarilor nu a ie\u0219it nimeni. Echipa noastr\u0103 de filmare a \u00eencercat s\u0103 discute cu proprietarii locuin\u021bei, am sunat la poart\u0103, dar nu a ie\u0219it nimeni.<\/p>\n<p>Spre casa care se presupune c\u0103 ar fi a \u0219efului IGP duce un drum asfaltat, zona este supravegheat\u0103 de camere video, iar accesul este limitat, de o barier\u0103 la mijlocul drumului. Nu sunt vecini \u00een apropiere, deoarece majoritatea caselor fie sunt \u00een construc\u021bie fie \u00een renovare. Cu toate acestea, CANAL5 a realizat o anchet\u0103, iar aceasta ne-a condus \u0219i pe noi la aceast\u0103 adres\u0103.<\/p>\n<p>Preciz\u0103m c\u0103 \u00eensu\u0219i Viorel Cern\u0103u\u021banu nu a venit cu o reac\u021bie \u0219i nu a dat nicio explica\u021bie cu privire la imobilele pe care le de\u021bine, \u00eencredin\u021b\u00e2nd acest lucru subalternilor s\u0103i. Serviciul de pres\u0103 al Inspectoratului General de Poli\u021bie a emis un comunicat \u00een care se spunea c\u0103 imobilul din Coloni\u021ba, nu are nicio leg\u0103tur\u0103 cu Cern\u0103u\u021beanu.<\/p>\n<p>Canal 5 a \u00eencercat de nenum\u0103rate ori s\u0103 afle mai multe detalii de la \u0219eful IGP, \u00eens\u0103 nu ne-a reu\u0219it. Amintim c\u0103 deputatul Blocului \u201dVictorie Marina Tauber a depus o pl\u00e2ngere la Autoritatea Na\u021bional\u0103 de Integritate, prin care cere verificarea veniturilor \u0219i propriet\u0103\u021bilor \u0219efului Inspectoratului general de Poli\u021bie, Viorel Cern\u0103u\u021beanu.<\/p>\n<\/div>\n","protected":false},"excerpt":{"rendered":"<div><img decoding=\"async\" width=\"696\" height=\"315\" src=\"https:\/\/canal5.md\/wp-content\/uploads\/2025\/02\/blob-15-1-1024x463-optimized.jpg\" class=\"attachment-large size-large wp-post-image\" alt=\"\" loading=\"lazy\" srcset=\"https:\/\/canal5.md\/wp-content\/uploads\/2025\/02\/blob-15-1-1024x463-optimized.jpg 1024w, https:\/\/canal5.md\/wp-content\/uploads\/2025\/02\/blob-15-1-300x136-optimized.jpg 300w, https:\/\/canal5.md\/wp-content\/uploads\/2025\/02\/blob-15-1-768x347-optimized.jpg 768w, https:\/\/canal5.md\/wp-content\/uploads\/2025\/02\/blob-15-1-696x315-optimized.jpg 696w, https:\/\/canal5.md\/wp-content\/uploads\/2025\/02\/blob-15-1-optimized.jpg 1035w\">Reprezentan\u021bii Blocului \u201dVictorie\u201d au organizat un flashmob l\u00e2ng\u0103 casa, unde potrivit unor informa\u021bii, locuie\u0219te \u0219efului Inspectoratului General al Poli\u021biei, Viorel Cern\u0103u\u021beanu. Ace\u0219tia au cerut conduc\u0103torului IGP s\u0103-\u0219i justifice averea \u0219i s\u0103 explice cum a ob\u021binut ace\u0219ti bani din care \u0219i-a construit un adev\u0103rat castel. Manifestan\u021bii au solicitat Procuraturii Anticorup\u021bie s\u0103 investigheze \u00eembog\u0103\u021birea ilicit\u0103 a acestuia, [\u2026]<\/div>\n","protected":false},"author":1,"featured_media":67943,"comment_status":"closed","ping_status":"closed","sticky":false,"template":"","format":"standard","meta":{"jnews-multi-image_gallery":[],"jnews_single_post":[],"jnews_primary_category":[],"jnews_social_meta":[],"jnews_override_counter":[],"footnotes":""},"categories":[23],"tags":[],"class_list":["post-67942","post","type-post","status-publish","format-standard","has-post-thumbnail","hentry","category-politica_ro"],"_links":{"self":[{"href":"https:\/\/orheifm.live\/index.php\/wp-json\/wp\/v2\/posts\/67942","targetHints":{"allow":["GET"]}}],"collection":[{"href":"https:\/\/orheifm.live\/index.php\/wp-json\/wp\/v2\/posts"}],"about":[{"href":"https:\/\/orheifm.live\/index.php\/wp-json\/wp\/v2\/types\/post"}],"author":[{"embeddable":true,"href":"https:\/\/orheifm.live\/index.php\/wp-json\/wp\/v2\/users\/1"}],"replies":[{"embeddable":true,"href":"https:\/\/orheifm.live\/index.php\/wp-json\/wp\/v2\/comments?post=67942"}],"version-history":[{"count":0,"href":"https:\/\/orheifm.live\/index.php\/wp-json\/wp\/v2\/posts\/67942\/revisions"}],"wp:featuredmedia":[{"embeddable":true,"href":"https:\/\/orheifm.live\/index.php\/wp-json\/wp\/v2\/media\/67943"}],"wp:attachment":[{"href":"https:\/\/orheifm.live\/index.php\/wp-json\/wp\/v2\/media?parent=67942"}],"wp:term":[{"taxonomy":"category","embeddable":true,"href":"https:\/\/orheifm.live\/index.php\/wp-json\/wp\/v2\/categories?post=67942"},{"taxonomy":"post_tag","embeddable":true,"href":"https:\/\/orheifm.live\/index.php\/wp-json\/wp\/v2\/tags?post=67942"}],"curies":[{"name":"wp","href":"https:\/\/api.w.org\/{rel}","templated":true}]}}