{"id":67938,"date":"2025-02-26T20:57:53","date_gmt":"2025-02-26T18:57:53","guid":{"rendered":"https:\/\/orheifm.live\/index.php\/2025\/02\/26\/atitudine-evaziva-din-partea-autoritatilor-in-cazul-mortii-liubei-babutchi-ministrul-de-interne-si-cel-al-sanatatii-evita-intrebarile-legate-de-ancheta-si-legatura-cu-igor-curov-video\/"},"modified":"2025-02-26T20:57:53","modified_gmt":"2025-02-26T18:57:53","slug":"atitudine-evaziva-din-partea-autoritatilor-in-cazul-mortii-liubei-babutchi-ministrul-de-interne-si-cel-al-sanatatii-evita-intrebarile-legate-de-ancheta-si-legatura-cu-igor-curov-video","status":"publish","type":"post","link":"https:\/\/orheifm.live\/index.php\/2025\/02\/26\/atitudine-evaziva-din-partea-autoritatilor-in-cazul-mortii-liubei-babutchi-ministrul-de-interne-si-cel-al-sanatatii-evita-intrebarile-legate-de-ancheta-si-legatura-cu-igor-curov-video\/","title":{"rendered":"Atitudine evaziv\u0103 din partea autorit\u0103\u021bilor \u00een cazul mor\u021bii Liubei Babu\u021bchi: Ministrul de Interne \u0219i cel al S\u0103n\u0103t\u0103\u021bii evit\u0103 \u00eentreb\u0103rile legate de anchet\u0103 \u0219i leg\u0103tura cu Igor Curov |VIDEO"},"content":{"rendered":"<div>\n<p><strong>Atitudine evaziv\u0103 \u0219i lipsit\u0103 de claritate \u00een cazul Liubei Babi\u021bchi, femeia de afaceri decedat\u0103 dup\u0103 o procedur\u0103 \u00eentr-un salon de \u00eenfrumuse\u021bare din Chi\u0219in\u0103u. Ministrul de Interne, Daniela Misail Nichitin, a confirmat cauza mor\u021bii, dar a evitat s\u0103 r\u0103spund\u0103 la acuza\u021biile care vizeaz\u0103 direct activitatea poli\u021biei. <\/strong><br \/>\n<iframe loading=\"lazy\" title=\"YouTube video player\" src=\"https:\/\/www.youtube.com\/embed\/BuDsYswGuqo?si=D8SdSSJV7WNhHaOU\" width=\"560\" height=\"315\" frameborder=\"0\" allowfullscreen=\"allowfullscreen\"><\/iframe><br \/>\n\u00cen mod similar, ministrul S\u0103n\u0103t\u0103\u021bii, Ala Nemerenco, evit\u0103 s\u0103 comenteze expertiza medical\u0103 \u0219i posibilele acoperiri din sistemul de s\u0103n\u0103tate, inclusiv leg\u0103tura cu Igor Curov \u0219i protec\u021bia anestezistei implicate. Asta \u00een ciuda solicit\u0103rii so\u021bului victimei pentru o implicare c\u00e2t mai mare care s\u0103 elucideze adev\u0103rul \u00een acest caz \u0219i s\u0103-i aduc\u0103 \u00een fa\u021ba justi\u021biei pe pe cei responsabili. Detalii, \u00een reportaj.<\/p>\n<p>Ministrul de Interne, Daniela Misail-Nichitin, a informat jurnali\u0219tii despre cauza decesului Liubei Babu\u021bchi, dar nu a oferit detalii privind desf\u0103\u0219urarea anchetei, preciz\u00e2nd c\u0103 doar Procuratura General\u0103 poate furniza aceste informa\u021bii.<\/p>\n<p>DANIELA MISAIL-NICHITIN, ministrul Afacerilor Interne<\/p>\n<p>Cauza decesului este o embolie. Cauza penal\u0103 este \u00een gestiunea Procuraturii. Organul de urm\u0103rire penal\u0103 a \u00eentreprins toate ac\u021biunile care au fost solicitate din partea Procuraturii. Dup\u0103 cum cunoa\u0219te\u021bi, sunt dou\u0103 persoane puse sub \u00eenvinuire \u0219i mai multe detalii v\u0103 sugerez s\u0103 solicita\u021bi de la Procuratura General\u0103 pe marginea acestui caz.<\/p>\n<p>Chiar dac\u0103 de la tragedie a trecut aproape o lun\u0103, autorit\u0103\u021bile \u00eenc\u0103 nu \u0219tiu unde se ascunde proprietara salonului \u00een care s-a \u00eent\u00e2mplat nenorocirea.<\/p>\n<p>DANIELA MISAIL-NICHITIN, ministrul Afacerilor Interne<\/p>\n<p>La moment nu se cunoa\u0219te locul afl\u0103rii. Din informa\u021biile pe care le avem, proprietarul salonului, fiind de cet\u0103\u021benie ucrainean\u0103, a p\u0103r\u0103sit teritoriul Republicii Moldova \u00een ziua respectiv\u0103, travers\u00e2nd prin punctul de frontier\u0103 Palanca-Udobnoe\u201d.<\/p>\n<p>Ministrul nu a spus dac\u0103 a cerut ajutorul colegilor ucraineni pentru identificarea femeii. Daniela Nichitin nu a comentat nici acuza\u021biile aduse poli\u021biei de c\u0103tre so\u021bul victimei, Roman Babu\u021bchi, care a sus\u021binut c\u0103 inspectorii ajun\u0219i la fa\u021ba locului \u00een ziua tragediei nu \u0219i-ar fi \u00eendeplinit corespunz\u0103tor sarcinile \u0219i ar fi \u00eencercat s\u0103 ascund\u0103 probele.<\/p>\n<p>\u0218i dac\u0103 \u0219efa de la MAI a dezv\u0103luit cauza decesului Liubei Babu\u021bchi, ministrul S\u0103n\u0103t\u0103\u021bii, Ala Nemerenco a refuzat s\u0103 o fac\u0103, invoc\u00e2nd c\u0103 doar ofi\u021berul de urm\u0103rire penal\u0103 \u0219i medicii care au efectuat expertiza au voie s\u0103 comunice rezultatul.<\/p>\n<p>Nemerenco nu a spus nimic nici despre medicul Igor Curov, care potrivit so\u021bului victimei, ar proteja-o pe Ecaterina Maniun, medicul anestezist, \u0219i nici nu a spus dac\u0103 se va implica \u00een \u201ddemascarea ilegalit\u0103\u021bilor comise \u00een acest caz\u201d, a\u0219a cum i-a cerut Roman Babu\u021bchi, \u00eentr-o conferin\u021b\u0103 de pres\u0103.<\/p>\n<p>ROMAN BABU\u021aCHI, so\u021bul Liubei Babu\u021bchi, decedat\u0103 \u00eentr-un salon de \u00eenfrumuse\u021bare<\/p>\n<p>Circula\u021bia ilegal\u0103 de anestezie, intr\u0103 \u00een competen\u021ba Ministerului S\u0103n\u0103t\u0103\u021bii sau spitalul de urgen\u021b\u0103 din Chi\u0219in\u0103u intr\u0103 \u00een competen\u021ba Ministerului S\u0103n\u0103t\u0103\u021bii, sau opera\u021biile ilegale care se f\u0103ceau \u00een spitalul din Ministerul S\u0103n\u0103t\u0103\u021bii, unde director era Igor Curov, c\u00e2nd f\u0103cea cu iubirea lui Ecaterina Maniuc, asta intr\u0103 \u00een competen\u021ba Ministerului S\u0103n\u0103t\u0103\u021bii?<\/p>\n<p>ALA NEMERENCO, ministra S\u0103n\u0103t\u0103\u021bii<\/p>\n<p>Ministerul S\u0103n\u0103t\u0103\u021bii nu este \u00eendrept s\u0103 se expun\u0103 la acest subiect, cu at\u00e2t mai mult c\u0103 noi nici nu am fost ordonatori \u0219i nu am primit aceast\u0103 expertiz\u0103 la Ministerul S\u0103n\u0103t\u0103\u021bii. Eu personal cunosc, dar nu am dreptul s\u0103 fac declara\u021bii pe acest subiect.<\/p>\n<p>\u00cen cazul de fa\u021b\u0103, deoarece cazul a avut loc \u00eentr-un local non-medical, deci noi nu am demarat o expertiz\u0103, o anchet\u0103 proprie, deoarece nu este c\u00e2mpul nostru de ac\u021biune.<\/p>\n<p>Am contactat Procuratura General\u0103 pentru a afla de ce sunt \u00eenvinui\u021bi cei pu\u0219i sub acuzare \u0219i cine este a doua persoan\u0103, av\u00e2nd \u00een vedere c\u0103 medicul Ecaterina Maniuc, despre care se spunea c\u0103 i- ar fi administrat anestezie general\u0103 Liubei Babu\u021bchi, a fost re\u021binut.<\/p>\n<p>De asemenea, am vrut s\u0103 afl\u0103m dac\u0103 expertiza a constatat c\u0103 victimei i s-a administrat narcoz\u0103 general\u0103 sau nu, a\u0219a cum spunea anterior avocatul lui Babu\u021bchi. Purt\u0103toarea de cuv\u00e2nt a Procuraturii Generale, Violina Moraru, nu ne-a oferit niciun fel de detalii \u00een acest caz.<\/p>\n<\/div>\n","protected":false},"excerpt":{"rendered":"<div><img loading=\"lazy\" decoding=\"async\" width=\"696\" height=\"392\" src=\"https:\/\/canal5.md\/wp-content\/uploads\/2025\/02\/c8966c7bea2745234fda987c99cc47a2-optimized.jpg\" class=\"attachment-large size-large wp-post-image\" alt=\"\" srcset=\"https:\/\/canal5.md\/wp-content\/uploads\/2025\/02\/c8966c7bea2745234fda987c99cc47a2-optimized.jpg 809w, https:\/\/canal5.md\/wp-content\/uploads\/2025\/02\/c8966c7bea2745234fda987c99cc47a2-300x169-optimized.jpg 300w, https:\/\/canal5.md\/wp-content\/uploads\/2025\/02\/c8966c7bea2745234fda987c99cc47a2-768x433-optimized.jpg 768w, https:\/\/canal5.md\/wp-content\/uploads\/2025\/02\/c8966c7bea2745234fda987c99cc47a2-696x392-optimized.jpg 696w\">Atitudine evaziv\u0103 \u0219i lipsit\u0103 de claritate \u00een cazul Liubei Babi\u021bchi, femeia de afaceri decedat\u0103 dup\u0103 o procedur\u0103 \u00eentr-un salon de \u00eenfrumuse\u021bare din Chi\u0219in\u0103u. Ministrul de Interne, Daniela Misail Nichitin, a confirmat cauza mor\u021bii, dar a evitat s\u0103 r\u0103spund\u0103 la acuza\u021biile care vizeaz\u0103 direct activitatea poli\u021biei. \u00cen mod similar, ministrul S\u0103n\u0103t\u0103\u021bii, Ala Nemerenco, evit\u0103 s\u0103 comenteze [\u2026]<\/div>\n","protected":false},"author":1,"featured_media":67939,"comment_status":"closed","ping_status":"closed","sticky":false,"template":"","format":"standard","meta":{"jnews-multi-image_gallery":[],"jnews_single_post":[],"jnews_primary_category":[],"jnews_social_meta":[],"jnews_override_counter":[],"footnotes":""},"categories":[23],"tags":[],"class_list":["post-67938","post","type-post","status-publish","format-standard","has-post-thumbnail","hentry","category-politica_ro"],"_links":{"self":[{"href":"https:\/\/orheifm.live\/index.php\/wp-json\/wp\/v2\/posts\/67938","targetHints":{"allow":["GET"]}}],"collection":[{"href":"https:\/\/orheifm.live\/index.php\/wp-json\/wp\/v2\/posts"}],"about":[{"href":"https:\/\/orheifm.live\/index.php\/wp-json\/wp\/v2\/types\/post"}],"author":[{"embeddable":true,"href":"https:\/\/orheifm.live\/index.php\/wp-json\/wp\/v2\/users\/1"}],"replies":[{"embeddable":true,"href":"https:\/\/orheifm.live\/index.php\/wp-json\/wp\/v2\/comments?post=67938"}],"version-history":[{"count":0,"href":"https:\/\/orheifm.live\/index.php\/wp-json\/wp\/v2\/posts\/67938\/revisions"}],"wp:featuredmedia":[{"embeddable":true,"href":"https:\/\/orheifm.live\/index.php\/wp-json\/wp\/v2\/media\/67939"}],"wp:attachment":[{"href":"https:\/\/orheifm.live\/index.php\/wp-json\/wp\/v2\/media?parent=67938"}],"wp:term":[{"taxonomy":"category","embeddable":true,"href":"https:\/\/orheifm.live\/index.php\/wp-json\/wp\/v2\/categories?post=67938"},{"taxonomy":"post_tag","embeddable":true,"href":"https:\/\/orheifm.live\/index.php\/wp-json\/wp\/v2\/tags?post=67938"}],"curies":[{"name":"wp","href":"https:\/\/api.w.org\/{rel}","templated":true}]}}