{"id":67936,"date":"2025-02-26T20:54:12","date_gmt":"2025-02-26T18:54:12","guid":{"rendered":"https:\/\/orheifm.live\/index.php\/2025\/02\/26\/expertiza-medico-legala-in-cazul-liubei-babutchi-dezvaluie-cauza-oficiala-a-mortii-dar-lasa-multe-intrebari-fara-raspuns-video\/"},"modified":"2025-02-26T20:54:12","modified_gmt":"2025-02-26T18:54:12","slug":"expertiza-medico-legala-in-cazul-liubei-babutchi-dezvaluie-cauza-oficiala-a-mortii-dar-lasa-multe-intrebari-fara-raspuns-video","status":"publish","type":"post","link":"https:\/\/orheifm.live\/index.php\/2025\/02\/26\/expertiza-medico-legala-in-cazul-liubei-babutchi-dezvaluie-cauza-oficiala-a-mortii-dar-lasa-multe-intrebari-fara-raspuns-video\/","title":{"rendered":"Expertiza medico-legal\u0103 \u00een cazul Liubei Babu\u021bchi dezv\u0103luie cauza oficial\u0103 a mor\u021bii, dar las\u0103 multe \u00eentreb\u0103ri f\u0103r\u0103 r\u0103spuns |VIDEO"},"content":{"rendered":"<div>\n<p><strong>Expertiza medico-legal\u0103 \u00een cazul decesului Liubei Babu\u021bchi a fost finalizat\u0103. Informa\u021biile s-au scurs \u00een pres\u0103. Potrivit rezultatelor, moartea ar fi survenit \u00een urma \u00een urma administr\u0103rii mai multor medicamente, care au provocat embolie. <\/strong><br \/>\n<iframe loading=\"lazy\" title=\"YouTube video player\" src=\"https:\/\/www.youtube.com\/embed\/Cskf9b5yMsU?si=q1Ye0BS5nxQYNCt2\" width=\"560\" height=\"315\" frameborder=\"0\" allowfullscreen=\"allowfullscreen\"><\/iframe><br \/>\nNu se spune nimic despre anestezie, a\u0219a cum afirmau rudele victimei. So\u021bul femeii, Roman Babu\u021bchi sus\u021bine c\u0103 \u00eenc\u0103 nu a primit concluziile oficiale ale expertizei. Nici rezultatele expertizei din Rom\u00e2nia, nu sunt gata, ne- a mai spus Roman.<\/p>\n<p>Potrivit expertizei, moartea Liubei Babu\u021bchi ar fi survenit \u00een urma inject\u0103rii mai multor medicamente, care au provocat embolie. \u00cen termeni medicali aceasta \u00eenseamn\u0103 o obstruc\u021bie, adic\u0103 blocarea unui vas, cel mai des o arter\u0103, prin migrarea unui corp str\u0103in, numit embol, transportat prin intermediul circula\u021biei sangvine.<\/p>\n<p>\u00cen cazul Liubei Babu\u021bchi, inject\u0103rile ar fi fost efectuate \u00een fese, g\u00e2t \u0219i b\u0103rbie. Totodat\u0103, \u00een expertiz\u0103 nu s-ar men\u021biona exact dac\u0103 a fost sau nu administrat\u0103 anestezie general\u0103, a\u0219a cum afirm\u0103 rudele victimei, fapt negat de altfel de avocatul Ecaterinei Maniuc.<\/p>\n<p>Potrivit surselor portalului Pulsmedia din cadrul Procuraturii Generale, anestezista Ecaterina Maniuc, singura persoan\u0103 re\u021binut\u0103 \u00een acest dosar, ar fi declarat c\u0103 procedurile ar fi fost efectuate de c\u0103tre proprietara salonului cosmetologic, ucraineanca Irina Borodkina, care a fugit din Moldova. Canal 5 a \u00eencercat s\u0103 confirme informa\u021biile ap\u0103rute \u00een pres\u0103, iar responsabili de la Centrul de medicin\u0103 legal\u0103 ne-au declarat c\u0103, directorul institu\u021biei este \u00eentr-o \u0219edin\u021b\u0103 \u0219i va reveni cu un apel.<\/p>\n<p>Eu transmit dlui director, dar acum vom intra \u00eentr-o \u0219edin\u021b\u0103 \u0219i\u2026 \u2013 Bine, voi a\u0219tepta apelul dumnealui.<\/p>\n<p>Ulterior, am primit refuz de la medicina legal\u0103.<\/p>\n<p>EXPERTIZA 2 , angajat\u0103 a Centrului de Medicin\u0103 Legal\u0103<\/p>\n<p>Eu am coordonat cu conducerea institu\u021biei \u0219i centru de medicin\u0103 legal\u0103 nu se expune asupra rezultatelor sau asupra investiga\u021biilor \u00een cadrul expertizei medico-legale, astfel este prev\u0103zut de legea 68 din 2016.<\/p>\n<p>Dar, cum a ajuns informa\u021bia \u00een spa\u021biul public. \u2013 Dna, la revedere.<\/p>\n<p>Contactat de noi, Roman Babu\u021bchi ne-a spus c\u0103 el \u00eenc\u0103 nu a primit rezultatele expertizei \u0219i nu-\u0219i poate explica cum acestea s- au scurs \u00een pres\u0103.<\/p>\n<p>ROMAN BABU\u021aCHI, so\u021bul Liubei Babu\u021bchi<\/p>\n<p>\u2013 Eu aceast\u0103 expertiz\u0103 \u00eenc\u0103 nu am citit-o. Am v\u0103zut la \u0219tiri ce au scris, dar eu personal nu am citit-o. Nu \u0219tiu ce medicamente i-au g\u0103sit sau ce altceva i-au mai g\u0103sit. C\u00e2nd o voi citi, atunci voi putea face careva comentarii, dar acum nu pot spune nimic. Am citit doar la \u0219tiri.<\/p>\n<p>\u2013 Dar a\u021bi primit-o?<\/p>\n<p>\u2013 Eu personal nu am v\u0103zut-o, eu personal nu am primit-o.<\/p>\n<p>\u2013 Dar cum considera\u021bi cum a ajuns \u00een mediul online, rezultatele expertizei, lu\u00e2nd \u00een considera\u021bie c\u0103 dvs nu a\u021bi citit-o \u00eenc\u0103?<\/p>\n<p>\u2013 Eu nu \u0219tiu, nu \u0219tiu.<\/p>\n<p>Liba Babu\u021bchi a decedat \u00een data de 30 ianuarie dup\u0103 o interven\u021bie chirurgical\u0103 ilegal\u0103, efectuat\u0103 \u00eentr-o frizerie. \u0218i doar dup\u0103 ce cazul a ap\u0103rut \u00een pres\u0103 \u0219i a st\u00e2rnit revolte, la o s\u0103pt\u0103m\u00e2n\u0103 de la tragedie a fost re\u021binut medicul anestiziolog Ecaterina Maniuc. Ea este cercetat\u0103 penal pentru \u201epracticarea ilegal\u0103 a medicinei\u201d.<\/p>\n<p>Proprietara salonului, Irina Borodkina, a p\u0103r\u0103sit Moldova, la c\u00e2teva ore dup\u0103 decesul victimei. So\u021bul acesteia, Roman Babu\u021bchi, sus\u021bine c\u0103 \u00een spatele celor dou\u0103 s-ar afla persoane influente care \u00eencearc\u0103 s\u0103 mu\u0219amalizeze dosarul \u0219i s\u0103 distrug\u0103 probele, astfel \u00eenc\u00e2t nimeni s\u0103 nu fie tras la r\u0103spundere pentru crim\u0103. El spune c\u0103 acesta ar fi medicul cercetat penal, Igor Curov, care este \u0219i vicepre\u0219edintele Mi\u0219c\u0103rii \u201eRespect Moldova\u201d, condus de Eugeniu Nichiforciuc.<\/p>\n<p>Curov respinge acuza\u021biile. Babu\u021bchi mai spune c\u0103, ar fi primit amenin\u021b\u0103ri ca s\u0103 nu investigheze cazul. La 25 februarie, avocatul Oxana Ivanov a anun\u021bat c\u0103 se retrage, din cauza amenin\u021b\u0103rilor cu moartea, pe care le-ar fi primit. La aproape o lun\u0103 de la omorul femeii, nu exist\u0103 nicio persoan\u0103 \u00eenvinuit\u0103 de moartea ei.<\/p>\n<\/div>\n","protected":false},"excerpt":{"rendered":"<div><img loading=\"lazy\" decoding=\"async\" width=\"600\" height=\"315\" src=\"https:\/\/canal5.md\/wp-content\/uploads\/2025\/02\/01f3c55cc128de39010787afb994fb51-optimized.jpg\" class=\"attachment-large size-large wp-post-image\" alt=\"\" srcset=\"https:\/\/canal5.md\/wp-content\/uploads\/2025\/02\/01f3c55cc128de39010787afb994fb51-optimized.jpg 600w, https:\/\/canal5.md\/wp-content\/uploads\/2025\/02\/01f3c55cc128de39010787afb994fb51-300x158-optimized.jpg 300w\">Expertiza medico-legal\u0103 \u00een cazul decesului Liubei Babu\u021bchi a fost finalizat\u0103. Informa\u021biile s-au scurs \u00een pres\u0103. Potrivit rezultatelor, moartea ar fi survenit \u00een urma \u00een urma administr\u0103rii mai multor medicamente, care au provocat embolie. Nu se spune nimic despre anestezie, a\u0219a cum afirmau rudele victimei. So\u021bul femeii, Roman Babu\u021bchi sus\u021bine c\u0103 \u00eenc\u0103 nu a primit concluziile [\u2026]<\/div>\n","protected":false},"author":1,"featured_media":67937,"comment_status":"closed","ping_status":"closed","sticky":false,"template":"","format":"standard","meta":{"jnews-multi-image_gallery":[],"jnews_single_post":[],"jnews_primary_category":[],"jnews_social_meta":[],"jnews_override_counter":[],"footnotes":""},"categories":[30],"tags":[],"class_list":["post-67936","post","type-post","status-publish","format-standard","has-post-thumbnail","hentry","category-social_ro"],"_links":{"self":[{"href":"https:\/\/orheifm.live\/index.php\/wp-json\/wp\/v2\/posts\/67936","targetHints":{"allow":["GET"]}}],"collection":[{"href":"https:\/\/orheifm.live\/index.php\/wp-json\/wp\/v2\/posts"}],"about":[{"href":"https:\/\/orheifm.live\/index.php\/wp-json\/wp\/v2\/types\/post"}],"author":[{"embeddable":true,"href":"https:\/\/orheifm.live\/index.php\/wp-json\/wp\/v2\/users\/1"}],"replies":[{"embeddable":true,"href":"https:\/\/orheifm.live\/index.php\/wp-json\/wp\/v2\/comments?post=67936"}],"version-history":[{"count":0,"href":"https:\/\/orheifm.live\/index.php\/wp-json\/wp\/v2\/posts\/67936\/revisions"}],"wp:featuredmedia":[{"embeddable":true,"href":"https:\/\/orheifm.live\/index.php\/wp-json\/wp\/v2\/media\/67937"}],"wp:attachment":[{"href":"https:\/\/orheifm.live\/index.php\/wp-json\/wp\/v2\/media?parent=67936"}],"wp:term":[{"taxonomy":"category","embeddable":true,"href":"https:\/\/orheifm.live\/index.php\/wp-json\/wp\/v2\/categories?post=67936"},{"taxonomy":"post_tag","embeddable":true,"href":"https:\/\/orheifm.live\/index.php\/wp-json\/wp\/v2\/tags?post=67936"}],"curies":[{"name":"wp","href":"https:\/\/api.w.org\/{rel}","templated":true}]}}