{"id":67934,"date":"2025-02-26T20:26:30","date_gmt":"2025-02-26T18:26:30","guid":{"rendered":"https:\/\/orheifm.live\/index.php\/2025\/02\/26\/calin-georgescu-pus-sub-control-judiciar-pentru-60-de-zile-dupa-audierile-de-la-parchetul-general-sustinatorii-cer-sa-l-sustina-in-continuare-pentru-candidatura\/"},"modified":"2025-02-26T20:26:30","modified_gmt":"2025-02-26T18:26:30","slug":"calin-georgescu-pus-sub-control-judiciar-pentru-60-de-zile-dupa-audierile-de-la-parchetul-general-sustinatorii-cer-sa-l-sustina-in-continuare-pentru-candidatura","status":"publish","type":"post","link":"https:\/\/orheifm.live\/index.php\/2025\/02\/26\/calin-georgescu-pus-sub-control-judiciar-pentru-60-de-zile-dupa-audierile-de-la-parchetul-general-sustinatorii-cer-sa-l-sustina-in-continuare-pentru-candidatura\/","title":{"rendered":"C\u0103lin Georgescu pus sub control judiciar pentru 60 de zile dup\u0103 audierile de la Parchetul General; sus\u021bin\u0103torii cer s\u0103-l sus\u021bin\u0103 \u00een continuare pentru candidatur\u0103"},"content":{"rendered":"<div>\n<p><strong>Spre sear\u0103, C\u0103lin Georgescu a plecat de la Parchetul General. Cinci ore a fost \u021binut la audieri, la finalul c\u0103rora a fost pus sub control judiciar, pentru 60 de zile \u0219i nu are voie s\u0103 p\u0103r\u0103seasc\u0103 \u021bara.<\/strong><\/p>\n<p>Procurorii i-au adus la cuno\u0219tin\u021b\u0103 c\u0103 este inculpat \u0219i acuzat, printre altele, de s\u0103v\u00e2r\u0219irea infrac\u021biunilor de instigare la ac\u021biuni \u00eempotriva ordinii constitu\u021bionale, comunicarea de informa\u021bii false, fals \u00een declara\u021bii \u0219i promovarea cultului persoanelor acuzate de genocid.<\/p>\n<p>Amintim, el a fost re\u021binut chiar \u00een ziua \u00een care urma s\u0103 anun\u021be c\u0103 o s\u0103 candideze din nou pentru func\u021bia de pre\u0219edinte al Rom\u00e2niei. De altfel, \u00eentrebat dac\u0103 va mai candida, Georgescu a spus: \u201eO s\u0103 vedem\u201d.<\/p>\n<p>\u00centrebat dac\u0103 VA FI L\u0102SAT s\u0103 candideze, acesta a spus: \u201eUita\u021bi-v\u0103 ce e aici. Nu mai conteaz\u0103 nimic dec\u00e2t poporul\u201d. Sute de sus\u021bin\u0103tori l-au a\u0219teptat s\u0103 ias\u0103 din sediul Parchetului, printre ei \u0219i politicieni din AUR \u0219i POT.<\/p>\n<p>\u00cenainte de a pleca de la Parchetul General, C\u0103lin Georgescu a fost urcat pe pragul ma\u0219inii pentru a saluta mul\u021bimea. George Simion, liderul AUR, cheam\u0103 rom\u00e2nii \u00een strad\u0103 s\u00e2mb\u0103t\u0103, 1 martie.<\/p>\n<\/div>\n","protected":false},"excerpt":{"rendered":"<div><img loading=\"lazy\" decoding=\"async\" width=\"696\" height=\"393\" src=\"https:\/\/canal5.md\/wp-content\/uploads\/2025\/02\/ndqwjmhhc2g9zgq4mwe3odu1m2niodzjyweyzjqwmdhmn2fiy2zmnmq.thumb_-optimized.jpg\" class=\"attachment-large size-large wp-post-image\" alt=\"\" srcset=\"https:\/\/canal5.md\/wp-content\/uploads\/2025\/02\/ndqwjmhhc2g9zgq4mwe3odu1m2niodzjyweyzjqwmdhmn2fiy2zmnmq.thumb_-optimized.jpg 780w, https:\/\/canal5.md\/wp-content\/uploads\/2025\/02\/ndqwjmhhc2g9zgq4mwe3odu1m2niodzjyweyzjqwmdhmn2fiy2zmnmq.thumb_-300x169-optimized.jpg 300w, https:\/\/canal5.md\/wp-content\/uploads\/2025\/02\/ndqwjmhhc2g9zgq4mwe3odu1m2niodzjyweyzjqwmdhmn2fiy2zmnmq.thumb_-768x433-optimized.jpg 768w, https:\/\/canal5.md\/wp-content\/uploads\/2025\/02\/ndqwjmhhc2g9zgq4mwe3odu1m2niodzjyweyzjqwmdhmn2fiy2zmnmq.thumb_-696x393-optimized.jpg 696w\">Spre sear\u0103, C\u0103lin Georgescu a plecat de la Parchetul General. Cinci ore a fost \u021binut la audieri, la finalul c\u0103rora a fost pus sub control judiciar, pentru 60 de zile \u0219i nu are voie s\u0103 p\u0103r\u0103seasc\u0103 \u021bara. Procurorii i-au adus la cuno\u0219tin\u021b\u0103 c\u0103 este inculpat \u0219i acuzat, printre altele, de s\u0103v\u00e2r\u0219irea infrac\u021biunilor de instigare la [\u2026]<\/div>\n","protected":false},"author":1,"featured_media":67935,"comment_status":"closed","ping_status":"closed","sticky":false,"template":"","format":"standard","meta":{"jnews-multi-image_gallery":[],"jnews_single_post":[],"jnews_primary_category":[],"jnews_social_meta":[],"jnews_override_counter":[],"footnotes":""},"categories":[29],"tags":[],"class_list":["post-67934","post","type-post","status-publish","format-standard","has-post-thumbnail","hentry","category-externe_ro"],"_links":{"self":[{"href":"https:\/\/orheifm.live\/index.php\/wp-json\/wp\/v2\/posts\/67934","targetHints":{"allow":["GET"]}}],"collection":[{"href":"https:\/\/orheifm.live\/index.php\/wp-json\/wp\/v2\/posts"}],"about":[{"href":"https:\/\/orheifm.live\/index.php\/wp-json\/wp\/v2\/types\/post"}],"author":[{"embeddable":true,"href":"https:\/\/orheifm.live\/index.php\/wp-json\/wp\/v2\/users\/1"}],"replies":[{"embeddable":true,"href":"https:\/\/orheifm.live\/index.php\/wp-json\/wp\/v2\/comments?post=67934"}],"version-history":[{"count":0,"href":"https:\/\/orheifm.live\/index.php\/wp-json\/wp\/v2\/posts\/67934\/revisions"}],"wp:featuredmedia":[{"embeddable":true,"href":"https:\/\/orheifm.live\/index.php\/wp-json\/wp\/v2\/media\/67935"}],"wp:attachment":[{"href":"https:\/\/orheifm.live\/index.php\/wp-json\/wp\/v2\/media?parent=67934"}],"wp:term":[{"taxonomy":"category","embeddable":true,"href":"https:\/\/orheifm.live\/index.php\/wp-json\/wp\/v2\/categories?post=67934"},{"taxonomy":"post_tag","embeddable":true,"href":"https:\/\/orheifm.live\/index.php\/wp-json\/wp\/v2\/tags?post=67934"}],"curies":[{"name":"wp","href":"https:\/\/api.w.org\/{rel}","templated":true}]}}