{"id":67932,"date":"2025-02-26T20:29:38","date_gmt":"2025-02-26T18:29:38","guid":{"rendered":"https:\/\/orheifm.live\/index.php\/2025\/02\/26\/ilan-sor-comenteaza-eliberarea-lui-calin-georgescu-si-acuzatiile-de-finantare-ilegala-metode-clasice-de-oprire-a-opozitiei\/"},"modified":"2025-02-26T20:29:38","modified_gmt":"2025-02-26T18:29:38","slug":"ilan-sor-comenteaza-eliberarea-lui-calin-georgescu-si-acuzatiile-de-finantare-ilegala-metode-clasice-de-oprire-a-opozitiei","status":"publish","type":"post","link":"https:\/\/orheifm.live\/index.php\/2025\/02\/26\/ilan-sor-comenteaza-eliberarea-lui-calin-georgescu-si-acuzatiile-de-finantare-ilegala-metode-clasice-de-oprire-a-opozitiei\/","title":{"rendered":"Ilan \u0218or comenteaz\u0103 eliberarea lui C\u0103lin Georgescu \u0219i acuza\u021biile de finan\u021bare ilegal\u0103: \u2018Metode clasice de oprire a opozi\u021biei\u2019"},"content":{"rendered":"<div>\n<p><strong>Liderul Blocului \u201eVictorie\u201d, Ilan \u0218or, a comentat vestea despre eliberarea lui C\u0103lin Georgescu, \u00een urma re\u021binerii acestuia \u00een Rom\u00e2nia. \u00centr-o postare pe Telegram, \u0218or a declarat c\u0103 Georgescu a fost acuzat de \u201efinan\u021bare ilegal\u0103 a campaniei electorale\u201d, o acuza\u021bie pe care o consider\u0103 o metod\u0103 \u201eclasic\u0103\u201d de a-l opri pe acesta din cale.<\/strong><\/p>\n<p>\u201eMetode cunoscute, nu-i a\u0219a, Maia? Cartea de metodologie este deja complet uzat\u0103\u201d, a scris liderul politic.<\/p>\n<p>De asemenea, \u0218or a subliniat faptul c\u0103 Georgescu inten\u021biona s\u0103-\u0219i depun\u0103 candidatura la alegerile preziden\u021biale din Rom\u00e2nia, reamintind c\u0103 acesta c\u00e2\u0219tigase primul tur de scrutin, iar rezultatele sale au fost anulate de Bruxelles printr-o interven\u021bie direct\u0103 \u00een procesul electoral, utiliz\u00e2nd instan\u021ba local\u0103.<\/p>\n<p>\u201eTotul \u00een conformitate cu clasica uzurpatoare: perchezi\u021bii la apropia\u021bi ai lui Georgescu, interogatorii la procuratur\u0103. Este doar o copie a circului electoral moldovenesc organizat de regimul sandist\u201d, a ad\u0103ugat Ilan \u0218or.<\/p>\n<p>\u00cen final, liderul Blocului \u201eVictorie\u201d a lansat o \u00eentrebare retoric\u0103: \u201eUrm\u0103torul pas: cei indezirabili vor fi \u00eempu\u0219ca\u021bi? C\u0103tre asta se \u00eendreapt\u0103 \u201edemocra\u021bia\u201d occidental\u0103?\u201d. Astfel, \u0218or sugereaz\u0103 c\u0103, din perspectiva sa, situa\u021bia seam\u0103n\u0103 mult cu ac\u021biunile regimului de la Chi\u0219in\u0103u, iar atacurile politice la adresa celor care se opun sunt \u00een continu\u0103 expansiune.<\/p>\n<\/div>\n","protected":false},"excerpt":{"rendered":"<div><img loading=\"lazy\" decoding=\"async\" width=\"480\" height=\"320\" src=\"https:\/\/canal5.md\/wp-content\/uploads\/2025\/02\/i-9-optimized.webp\" class=\"attachment-large size-large wp-post-image\" alt=\"\" srcset=\"https:\/\/canal5.md\/wp-content\/uploads\/2025\/02\/i-9-optimized.webp 480w, https:\/\/canal5.md\/wp-content\/uploads\/2025\/02\/i-9-300x200-optimized.webp 300w\">Liderul Blocului \u201eVictorie\u201d, Ilan \u0218or, a comentat vestea despre eliberarea lui C\u0103lin Georgescu, \u00een urma re\u021binerii acestuia \u00een Rom\u00e2nia. \u00centr-o postare pe Telegram, \u0218or a declarat c\u0103 Georgescu a fost acuzat de \u201efinan\u021bare ilegal\u0103 a campaniei electorale\u201d, o acuza\u021bie pe care o consider\u0103 o metod\u0103 \u201eclasic\u0103\u201d de a-l opri pe acesta din cale. \u201eMetode cunoscute, [\u2026]<\/div>\n","protected":false},"author":1,"featured_media":67933,"comment_status":"closed","ping_status":"closed","sticky":false,"template":"","format":"standard","meta":{"jnews-multi-image_gallery":[],"jnews_single_post":[],"jnews_primary_category":[],"jnews_social_meta":[],"jnews_override_counter":[],"footnotes":""},"categories":[30],"tags":[],"class_list":["post-67932","post","type-post","status-publish","format-standard","has-post-thumbnail","hentry","category-social_ro"],"_links":{"self":[{"href":"https:\/\/orheifm.live\/index.php\/wp-json\/wp\/v2\/posts\/67932","targetHints":{"allow":["GET"]}}],"collection":[{"href":"https:\/\/orheifm.live\/index.php\/wp-json\/wp\/v2\/posts"}],"about":[{"href":"https:\/\/orheifm.live\/index.php\/wp-json\/wp\/v2\/types\/post"}],"author":[{"embeddable":true,"href":"https:\/\/orheifm.live\/index.php\/wp-json\/wp\/v2\/users\/1"}],"replies":[{"embeddable":true,"href":"https:\/\/orheifm.live\/index.php\/wp-json\/wp\/v2\/comments?post=67932"}],"version-history":[{"count":0,"href":"https:\/\/orheifm.live\/index.php\/wp-json\/wp\/v2\/posts\/67932\/revisions"}],"wp:featuredmedia":[{"embeddable":true,"href":"https:\/\/orheifm.live\/index.php\/wp-json\/wp\/v2\/media\/67933"}],"wp:attachment":[{"href":"https:\/\/orheifm.live\/index.php\/wp-json\/wp\/v2\/media?parent=67932"}],"wp:term":[{"taxonomy":"category","embeddable":true,"href":"https:\/\/orheifm.live\/index.php\/wp-json\/wp\/v2\/categories?post=67932"},{"taxonomy":"post_tag","embeddable":true,"href":"https:\/\/orheifm.live\/index.php\/wp-json\/wp\/v2\/tags?post=67932"}],"curies":[{"name":"wp","href":"https:\/\/api.w.org\/{rel}","templated":true}]}}