{"id":67835,"date":"2025-02-25T17:00:35","date_gmt":"2025-02-25T15:00:35","guid":{"rendered":"https:\/\/orheifm.live\/index.php\/2025\/02\/25\/ministerul-apararii-sanctioneaza-purtarea-ilegala-a-uniformelor-militare-pe-retelele-sociale\/"},"modified":"2025-02-25T17:00:35","modified_gmt":"2025-02-25T15:00:35","slug":"ministerul-apararii-sanctioneaza-purtarea-ilegala-a-uniformelor-militare-pe-retelele-sociale","status":"publish","type":"post","link":"https:\/\/orheifm.live\/index.php\/2025\/02\/25\/ministerul-apararii-sanctioneaza-purtarea-ilegala-a-uniformelor-militare-pe-retelele-sociale\/","title":{"rendered":"Ministerul Ap\u0103r\u0103rii sanc\u021bioneaz\u0103 purtarea ilegal\u0103 a uniformelor militare pe re\u021belele sociale"},"content":{"rendered":"<div>\n<p><strong>Ministerul Ap\u0103r\u0103rii al Republicii Moldova avertizeaz\u0103 cu privire la apari\u021bia unor videoclipuri pe TikTok \u0219i alte platforme sociale, \u00een care persoane \u00eembr\u0103cate \u00een uniforme militare pretind c\u0103 fac parte din Armata Na\u021bional\u0103, de\u0219i acest lucru nu este adev\u0103rat.<\/strong><\/p>\n<p>Potrivit legisla\u021biei na\u021bionale, purtarea neautorizat\u0103 a uniformei militare este ilegal\u0103. Cei care nu fac parte din armat\u0103 sau nu au permisiunea de a purta uniforma, precum cei trecu\u021bi \u00een rezerv\u0103, risc\u0103 amenzi cuprinse \u00eentre 1.000 \u0219i 4.000 de lei.<\/p>\n<p>O prim\u0103 persoan\u0103 sanc\u021bionat\u0103 este o femeie din raionul S\u00eengerei, n\u0103scut\u0103 \u00een 1999, care a fost amendat\u0103 dup\u0103 ce a postat un videoclip \u00een uniform\u0103 militar\u0103, de\u0219i nu avea acest drept. Ministerul Ap\u0103r\u0103rii anun\u021b\u0103 c\u0103 va lua m\u0103suri pentru prevenirea \u0219i sanc\u021bionarea utiliz\u0103rii ilegale a uniformelor militare \u0219i a semnelor distinctive. Autorit\u0103\u021bile \u00eendeamn\u0103 cet\u0103\u021benii s\u0103 respecte legea \u0219i s\u0103 nu se lase influen\u021ba\u021bi de informa\u021biile false distribuite pe re\u021belele sociale.<\/p>\n<\/div>\n","protected":false},"excerpt":{"rendered":"<div><img loading=\"lazy\" decoding=\"async\" width=\"696\" height=\"458\" src=\"https:\/\/canal5.md\/wp-content\/uploads\/2025\/02\/799948-optimized.webp\" class=\"attachment-large size-large wp-post-image\" alt=\"\" srcset=\"https:\/\/canal5.md\/wp-content\/uploads\/2025\/02\/799948-optimized.webp 760w, https:\/\/canal5.md\/wp-content\/uploads\/2025\/02\/799948-300x197-optimized.webp 300w, https:\/\/canal5.md\/wp-content\/uploads\/2025\/02\/799948-696x458-optimized.webp 696w\">Ministerul Ap\u0103r\u0103rii al Republicii Moldova avertizeaz\u0103 cu privire la apari\u021bia unor videoclipuri pe TikTok \u0219i alte platforme sociale, \u00een care persoane \u00eembr\u0103cate \u00een uniforme militare pretind c\u0103 fac parte din Armata Na\u021bional\u0103, de\u0219i acest lucru nu este adev\u0103rat. Potrivit legisla\u021biei na\u021bionale, purtarea neautorizat\u0103 a uniformei militare este ilegal\u0103. Cei care nu fac parte din armat\u0103 [\u2026]<\/div>\n","protected":false},"author":1,"featured_media":67836,"comment_status":"closed","ping_status":"closed","sticky":false,"template":"","format":"standard","meta":{"jnews-multi-image_gallery":[],"jnews_single_post":[],"jnews_primary_category":[],"jnews_social_meta":[],"jnews_override_counter":[],"footnotes":""},"categories":[30],"tags":[],"class_list":["post-67835","post","type-post","status-publish","format-standard","has-post-thumbnail","hentry","category-social_ro"],"_links":{"self":[{"href":"https:\/\/orheifm.live\/index.php\/wp-json\/wp\/v2\/posts\/67835","targetHints":{"allow":["GET"]}}],"collection":[{"href":"https:\/\/orheifm.live\/index.php\/wp-json\/wp\/v2\/posts"}],"about":[{"href":"https:\/\/orheifm.live\/index.php\/wp-json\/wp\/v2\/types\/post"}],"author":[{"embeddable":true,"href":"https:\/\/orheifm.live\/index.php\/wp-json\/wp\/v2\/users\/1"}],"replies":[{"embeddable":true,"href":"https:\/\/orheifm.live\/index.php\/wp-json\/wp\/v2\/comments?post=67835"}],"version-history":[{"count":0,"href":"https:\/\/orheifm.live\/index.php\/wp-json\/wp\/v2\/posts\/67835\/revisions"}],"wp:featuredmedia":[{"embeddable":true,"href":"https:\/\/orheifm.live\/index.php\/wp-json\/wp\/v2\/media\/67836"}],"wp:attachment":[{"href":"https:\/\/orheifm.live\/index.php\/wp-json\/wp\/v2\/media?parent=67835"}],"wp:term":[{"taxonomy":"category","embeddable":true,"href":"https:\/\/orheifm.live\/index.php\/wp-json\/wp\/v2\/categories?post=67835"},{"taxonomy":"post_tag","embeddable":true,"href":"https:\/\/orheifm.live\/index.php\/wp-json\/wp\/v2\/tags?post=67835"}],"curies":[{"name":"wp","href":"https:\/\/api.w.org\/{rel}","templated":true}]}}