{"id":67827,"date":"2025-02-25T16:20:57","date_gmt":"2025-02-25T14:20:57","guid":{"rendered":"https:\/\/orheifm.live\/index.php\/2025\/02\/25\/vitalie-dragancea-pas-construieste-un-perete-in-jurul-sau-pentru-a-se-delimita-de-presa-incomoda\/"},"modified":"2025-02-25T16:20:57","modified_gmt":"2025-02-25T14:20:57","slug":"vitalie-dragancea-pas-construieste-un-perete-in-jurul-sau-pentru-a-se-delimita-de-presa-incomoda","status":"publish","type":"post","link":"https:\/\/orheifm.live\/index.php\/2025\/02\/25\/vitalie-dragancea-pas-construieste-un-perete-in-jurul-sau-pentru-a-se-delimita-de-presa-incomoda\/","title":{"rendered":"Vitalie Dragancea: \u201ePAS construie\u0219te un perete \u00een jurul s\u0103u pentru a se delimita de presa incomod\u0103"},"content":{"rendered":"<div>\n<p><strong>\u201dPartidul de guvernare construie\u0219te \u00een jurul s\u0103u un perete mare pentru a se delimita de presa care nu c\u00e2nt\u0103 \u00een strun\u0103, dar totu\u0219i, va veni timpul c\u00e2nd PAS-ul va r\u0103spunde la toate \u00eentreb\u0103rile\u201d. O spune expertul \u00een comunicare \u0219i tehnologii politice, Vitalie Dragancea. El a f\u0103cut declara\u021bia \u00een cadrul emisiunii \u201dPULS\u201d de la postul nostru \u2013 Canal 5, unde a mai afirmat c\u0103, ce-i care interzic presei s\u0103 participe la evenimentele publice, se tem de \u00eentreb\u0103rile incomode la care nu au r\u0103spuns.<\/strong><br \/>\n<iframe loading=\"lazy\" title=\"YouTube video player\" src=\"https:\/\/www.youtube.com\/embed\/DHA-q93T1Dc?si=EY6a87_U53KAn8nd\" width=\"560\" height=\"315\" frameborder=\"0\" allowfullscreen=\"allowfullscreen\"><\/iframe><\/p>\n<p>Vitalie Dragancea, expert \u00een comunicare \u0219i tehnologii politice, consider\u0103 c\u0103 noul regulament de acreditare a mass-media, adoptat peste noapte de autorit\u0103\u021bi, are scopul de a evita \u00eentreb\u0103rile incomode.<\/p>\n<p>VITALIE DRAGANCEA, expert \u00een comunicare \u0219i tehnologii politice<\/p>\n<ul>\n<li>Ei se<\/li>\n<li>De ce s-ar teme?<\/li>\n<li>Nu au r\u0103spunsuri la \u00eentreb\u0103ri. Pur \u0219i simplu, nu au r\u0103spunsuri. Toate ie\u0219irile lor publice, fie c\u0103 este vorba de Maia Sandu, fie Recean sau al\u021bii, ie\u0219irile lor publice comode pentru ei, atunci c\u00e2nd ei au ie\u0219it, au vorbit \u0219i s-au dus. Ei nu pot r\u0103spunde la \u00eentreb\u0103ri. \u0218i probabil c\u0103 voi a\u021bi avut neaten\u021bia s\u0103 ave\u021bi \u00eentreb\u0103ri.<\/li>\n<\/ul>\n<p>Totu\u0219i, Dragancea a recomandat jurnali\u0219tilor Canal 5, accesul c\u0103rora a fost \u00eenchis \u00een institu\u021biile statului, tocmai prin acest regulament, s\u0103 fie perseveren\u021bi \u0219i s\u0103 nu renun\u021be la dorin\u021ba de a ob\u021bine r\u0103spunsuri.<\/p>\n<p>VITALIE DRAGANCEA, expert \u00een comunicare \u0219i tehnologii politice<\/p>\n<p>Dar eu v\u0103 \u00eencurajez ca toate aceste \u00eentreb\u0103ri s\u0103 le nota\u021bi \u0219i s\u0103 le p\u0103stra\u021bi, pentru c\u0103 va veni un moment c\u00e2nd ve\u021bi avea ocazia s\u0103-i opri\u021bi, poate chiar pe drum, pe Recean sau pe Maia Sandu \u0219i s\u0103 le pune\u021bi aceste \u00eentreb\u0103ri. La modul serios. Le aminti\u021bi: \u201eAtunci nu am putut s\u0103 \u00eentreb, nu mi-a\u021bi dat voie, r\u0103spune-\u021bi acum.\u201d Trebuie s\u0103 fim mai \u00eenc\u0103p\u0103\u021b\u00e2na\u021bi dec\u00e2t ei. \u0218i, cum se spune, \u201enu mor caii c\u00e2nd vor c\u00e2inii\u201d, putem s\u0103-i transmitem domnului Recean: \u201eVa veni momentul c\u00e2nd te vom prinde \u0219i te vom \u00eentreba. Preg\u0103te\u0219te-te!\u201d<\/p>\n<p>Men\u021bion\u0103m c\u0103, de mai bine de dou\u0103 s\u0103pt\u0103m\u00e2ni, Canal 5 nu mai poate participa la \u0219edin\u021bele guvernului sub pretextul c\u0103 trebuie s\u0103 semn\u0103m un cod deontologic, iar institu\u021bia pe care o reprezent\u0103m s\u0103 fie avizat\u0103 la consiliul audiovizualului. Asta de\u0219i, SRL-ul la care lucr\u0103m este o companie activ\u0103, iar munca noastr\u0103 se desf\u0103\u0219oar\u0103 \u00een regim online, unde nu exist\u0103 restric\u021bii de acest fel.<\/p>\n<\/div>\n","protected":false},"excerpt":{"rendered":"<div><img loading=\"lazy\" decoding=\"async\" width=\"696\" height=\"471\" src=\"https:\/\/canal5.md\/wp-content\/uploads\/2024\/07\/screenshot-2024-07-24-150438-optimized.png\" class=\"attachment-large size-large wp-post-image\" alt=\"\" srcset=\"https:\/\/canal5.md\/wp-content\/uploads\/2024\/07\/screenshot-2024-07-24-150438-optimized.png 1015w, https:\/\/canal5.md\/wp-content\/uploads\/2024\/07\/screenshot-2024-07-24-150438-300x203-optimized.png 300w, https:\/\/canal5.md\/wp-content\/uploads\/2024\/07\/screenshot-2024-07-24-150438-768x520-optimized.png 768w, https:\/\/canal5.md\/wp-content\/uploads\/2024\/07\/screenshot-2024-07-24-150438-696x471-optimized.png 696w\">\u201dPartidul de guvernare construie\u0219te \u00een jurul s\u0103u un perete mare pentru a se delimita de presa care nu c\u00e2nt\u0103 \u00een strun\u0103, dar totu\u0219i, va veni timpul c\u00e2nd PAS-ul va r\u0103spunde la toate \u00eentreb\u0103rile\u201d. O spune expertul \u00een comunicare \u0219i tehnologii politice, Vitalie Dragancea. El a f\u0103cut declara\u021bia \u00een cadrul emisiunii \u201dPULS\u201d de la postul nostru [\u2026]<\/div>\n","protected":false},"author":1,"featured_media":67828,"comment_status":"closed","ping_status":"closed","sticky":false,"template":"","format":"standard","meta":{"jnews-multi-image_gallery":[],"jnews_single_post":[],"jnews_primary_category":[],"jnews_social_meta":[],"jnews_override_counter":[],"footnotes":""},"categories":[23],"tags":[],"class_list":["post-67827","post","type-post","status-publish","format-standard","has-post-thumbnail","hentry","category-politica_ro"],"_links":{"self":[{"href":"https:\/\/orheifm.live\/index.php\/wp-json\/wp\/v2\/posts\/67827","targetHints":{"allow":["GET"]}}],"collection":[{"href":"https:\/\/orheifm.live\/index.php\/wp-json\/wp\/v2\/posts"}],"about":[{"href":"https:\/\/orheifm.live\/index.php\/wp-json\/wp\/v2\/types\/post"}],"author":[{"embeddable":true,"href":"https:\/\/orheifm.live\/index.php\/wp-json\/wp\/v2\/users\/1"}],"replies":[{"embeddable":true,"href":"https:\/\/orheifm.live\/index.php\/wp-json\/wp\/v2\/comments?post=67827"}],"version-history":[{"count":0,"href":"https:\/\/orheifm.live\/index.php\/wp-json\/wp\/v2\/posts\/67827\/revisions"}],"wp:featuredmedia":[{"embeddable":true,"href":"https:\/\/orheifm.live\/index.php\/wp-json\/wp\/v2\/media\/67828"}],"wp:attachment":[{"href":"https:\/\/orheifm.live\/index.php\/wp-json\/wp\/v2\/media?parent=67827"}],"wp:term":[{"taxonomy":"category","embeddable":true,"href":"https:\/\/orheifm.live\/index.php\/wp-json\/wp\/v2\/categories?post=67827"},{"taxonomy":"post_tag","embeddable":true,"href":"https:\/\/orheifm.live\/index.php\/wp-json\/wp\/v2\/tags?post=67827"}],"curies":[{"name":"wp","href":"https:\/\/api.w.org\/{rel}","templated":true}]}}