{"id":67825,"date":"2025-02-25T16:20:54","date_gmt":"2025-02-25T14:20:54","guid":{"rendered":"https:\/\/orheifm.live\/index.php\/2025\/02\/25\/in-loc-sa-rezolve-criza-financiara-autoritatile-vor-sa-vanda-palatul-feroviarilor-pentru-a-acoperi-datoriile-caii-ferate\/"},"modified":"2025-02-25T16:20:54","modified_gmt":"2025-02-25T14:20:54","slug":"in-loc-sa-rezolve-criza-financiara-autoritatile-vor-sa-vanda-palatul-feroviarilor-pentru-a-acoperi-datoriile-caii-ferate","status":"publish","type":"post","link":"https:\/\/orheifm.live\/index.php\/2025\/02\/25\/in-loc-sa-rezolve-criza-financiara-autoritatile-vor-sa-vanda-palatul-feroviarilor-pentru-a-acoperi-datoriile-caii-ferate\/","title":{"rendered":"\u00cen loc s\u0103 rezolve criza financiar\u0103, autorit\u0103\u021bile vor s\u0103 v\u00e2nd\u0103 Palatul Feroviarilor pentru a acoperi datoriile C\u0103ii Ferate"},"content":{"rendered":"<div>\n<p><strong>\u00cen loc s\u0103 caute solu\u021bii pentru normalizarea activit\u0103\u021bii CFM, autorit\u0103\u021bile prefer\u0103 s\u0103 v\u00e2nd\u0103 activele \u00eentreprinderii pentru a acoperi datoriile salariale. De exemplu, s\u0103 v\u00e2nd\u0103 un obiect atractiv din centrul capitalei \u2013 Pentru a putea acoperi cheltuielile de la Calea Ferat\u0103 \u0219i a achita datoriile enorme fa\u021b\u0103 de angaja\u021bi, ar putea fi scos la v\u00e2nzare Palatul de Cultur\u0103 a Feroviarilor, dar \u0219i alte active valoroase. Ideea \u00eei apar\u021bine ministrului Infrastructurii, Vladimir Bolea \u0219i a fost expus\u0103 \u00een cadrul unei emisiuni de la Jurnal TV.\u00a0<\/strong><br \/>\n<iframe loading=\"lazy\" title=\"YouTube video player\" src=\"https:\/\/www.youtube.com\/embed\/Dkjo4-nYbmw?si=SSwvEWDTlJ1SP_5M\" width=\"560\" height=\"315\" frameborder=\"0\" allowfullscreen=\"allowfullscreen\"><\/iframe><\/p>\n<p>VLADIMIR BOLEA, ministrul Infrastructurii \u0219i Dezvolt\u0103rii Regionale<\/p>\n<p>\u2013 \u0218i dac\u0103 noi cu adev\u0103rat vrem ca Calea Ferat\u0103 s\u0103 revin\u0103 la linia de plutire avem de f\u0103cut ni\u0219te pa\u0219i \u00eempreun\u0103 cu ei \u0219i aici e \u00een felul urm\u0103tor: au o mul\u021bime de active care urmeaz\u0103 s\u0103 fie date, dup\u0103 care au alte active care nu le folosesc \u0219i ele trebuiesc v\u00e2ndute. \u2013 Ca de exemplu? \u2013 Locomotive, Casa de Cultur\u0103 care st\u0103 \u00een centru \u0219i apar\u021bine C\u0103ilor Ferate, eu cred c\u0103 ei trebuie s\u0103 o scoat\u0103 la v\u00e2nzare, s\u0103 v\u00e2nd\u0103 aceast\u0103 Cas\u0103 de Cultur\u0103, s\u0103 \u00eencaseze resurse financiare, s\u0103 pl\u0103teasc\u0103 salarii, s\u0103-\u0219i cumpere vagoane. \u2013 Palatul Feroviarilor. \u2013 Da, \u00een 2023 de abia le-a fost preluat Spitalul Feroviarilor, a fost dat la Ministerul S\u0103n\u0103t\u0103\u021bii pentru c\u0103, iar\u0103\u0219i, era la capitolul cheltuieli.<\/p>\n<p>Anterior \u0219i spitalul Feroviarilor a fost transferat c\u0103tre Ministerul S\u0103n\u0103t\u0103\u021bii, tot din motiv c\u0103 \u00eentre\u021binerea acestuia era prea costisitoare. A\u0219adar, r\u0103m\u00e2ne de v\u0103zut cum se vor desf\u0103\u0219ura lucrurile \u00een continuare \u0219i dac\u0103, \u00eentr-adev\u0103r, m\u0103surile propuse vor solu\u021biona problemele fundamentale ale C\u0103ilor Ferate sau dac\u0103 vom asista la o redistribuire a resurselor imobiliare \u00een favoarea altor interese.<\/p>\n<p>Preciz\u0103m c\u0103 \u00eentreprinderea de stat Calea Ferat\u0103 din Moldova se confrunt\u0103 cu dificult\u0103\u021bi financiare, \u00eenregistr\u00e2nd pierderi de 228 de milioane de lei \u00een 2024, iar activitatea curent\u0103 nu acoper\u0103 cheltuielile. Anterior, angaja\u021bii C\u0103ii Ferate au organizat mai multe proteste pentru a cere plata salariilor.<\/p>\n<p>Potrivit analizei financiare \u0219i economice a companiei, \u00een ultimii 10 ani, pierderile totale ale CFM au ajuns la aproape dou\u0103 miliarde de lei. .<\/p>\n<p>\u00cen acela\u0219i timp, exper\u021bii sunt de p\u0103rere c\u0103 \u00eentreprinderea ar putea fi sprijinit\u0103, de exemplu, prin alocarea \u00eentr-un cont special a unor contribu\u021bii din veniturile transporturilor de m\u0103rfuri din Ucraina, care reprezint\u0103 cea mai mare pondere din volumul total. \u00cens\u0103 autorit\u0103\u021bile din Moldova nu au luat aceast\u0103 m\u0103sur\u0103. S\u0103 nu se cheltuie sume colosale pe \u00eenarmare, pe aparatul birocratic, pe salariile func\u021bionarilor \u0219i pe deplas\u0103rile acestora. Dar, desigur, este mai u\u0219or \u0219i mai avantajos s\u0103 fie v\u00e2ndute activele.<\/p>\n<\/div>\n","protected":false},"excerpt":{"rendered":"<div><img decoding=\"async\" width=\"696\" height=\"325\" src=\"https:\/\/canal5.md\/wp-content\/uploads\/2025\/02\/snimok-ekrana_25-2-2025_14345_www.youtube.com_-optimized.jpeg\" class=\"attachment-large size-large wp-post-image\" alt=\"\" loading=\"lazy\" srcset=\"https:\/\/canal5.md\/wp-content\/uploads\/2025\/02\/snimok-ekrana_25-2-2025_14345_www.youtube.com_-optimized.jpeg 1005w, https:\/\/canal5.md\/wp-content\/uploads\/2025\/02\/snimok-ekrana_25-2-2025_14345_www.youtube.com_-300x140-optimized.jpeg 300w, https:\/\/canal5.md\/wp-content\/uploads\/2025\/02\/snimok-ekrana_25-2-2025_14345_www.youtube.com_-768x359-optimized.jpeg 768w, https:\/\/canal5.md\/wp-content\/uploads\/2025\/02\/snimok-ekrana_25-2-2025_14345_www.youtube.com_-696x325-optimized.jpeg 696w\">\u00cen loc s\u0103 caute solu\u021bii pentru normalizarea activit\u0103\u021bii CFM, autorit\u0103\u021bile prefer\u0103 s\u0103 v\u00e2nd\u0103 activele \u00eentreprinderii pentru a acoperi datoriile salariale. De exemplu, s\u0103 v\u00e2nd\u0103 un obiect atractiv din centrul capitalei \u2013 Pentru a putea acoperi cheltuielile de la Calea Ferat\u0103 \u0219i a achita datoriile enorme fa\u021b\u0103 de angaja\u021bi, ar putea fi scos la v\u00e2nzare Palatul [\u2026]<\/div>\n","protected":false},"author":1,"featured_media":67826,"comment_status":"closed","ping_status":"closed","sticky":false,"template":"","format":"standard","meta":{"jnews-multi-image_gallery":[],"jnews_single_post":[],"jnews_primary_category":[],"jnews_social_meta":[],"jnews_override_counter":[],"footnotes":""},"categories":[23],"tags":[],"class_list":["post-67825","post","type-post","status-publish","format-standard","has-post-thumbnail","hentry","category-politica_ro"],"_links":{"self":[{"href":"https:\/\/orheifm.live\/index.php\/wp-json\/wp\/v2\/posts\/67825","targetHints":{"allow":["GET"]}}],"collection":[{"href":"https:\/\/orheifm.live\/index.php\/wp-json\/wp\/v2\/posts"}],"about":[{"href":"https:\/\/orheifm.live\/index.php\/wp-json\/wp\/v2\/types\/post"}],"author":[{"embeddable":true,"href":"https:\/\/orheifm.live\/index.php\/wp-json\/wp\/v2\/users\/1"}],"replies":[{"embeddable":true,"href":"https:\/\/orheifm.live\/index.php\/wp-json\/wp\/v2\/comments?post=67825"}],"version-history":[{"count":0,"href":"https:\/\/orheifm.live\/index.php\/wp-json\/wp\/v2\/posts\/67825\/revisions"}],"wp:featuredmedia":[{"embeddable":true,"href":"https:\/\/orheifm.live\/index.php\/wp-json\/wp\/v2\/media\/67826"}],"wp:attachment":[{"href":"https:\/\/orheifm.live\/index.php\/wp-json\/wp\/v2\/media?parent=67825"}],"wp:term":[{"taxonomy":"category","embeddable":true,"href":"https:\/\/orheifm.live\/index.php\/wp-json\/wp\/v2\/categories?post=67825"},{"taxonomy":"post_tag","embeddable":true,"href":"https:\/\/orheifm.live\/index.php\/wp-json\/wp\/v2\/tags?post=67825"}],"curies":[{"name":"wp","href":"https:\/\/api.w.org\/{rel}","templated":true}]}}