{"id":67821,"date":"2025-02-25T15:20:19","date_gmt":"2025-02-25T13:20:19","guid":{"rendered":"https:\/\/orheifm.live\/index.php\/2025\/02\/25\/tanara-din-edinet-recunoaste-folosirea-ilegala-a-uniformei-de-politist-pe-tiktok\/"},"modified":"2025-02-25T15:20:19","modified_gmt":"2025-02-25T13:20:19","slug":"tanara-din-edinet-recunoaste-folosirea-ilegala-a-uniformei-de-politist-pe-tiktok","status":"publish","type":"post","link":"https:\/\/orheifm.live\/index.php\/2025\/02\/25\/tanara-din-edinet-recunoaste-folosirea-ilegala-a-uniformei-de-politist-pe-tiktok\/","title":{"rendered":"T\u00e2n\u0103r\u0103 din Edine\u021b recunoa\u0219te folosirea ilegal\u0103 a uniformei de poli\u021bist pe TikTok"},"content":{"rendered":"<div>\n<p><strong>T\u00e2n\u0103ra de 31 de ani din raionul Edine\u021b, care a postat pe TikTok un video \u00een care se afi\u0219a \u00eembr\u0103cat\u0103 \u00een uniform\u0103 de poli\u021bist, \u0219i-a recunoscut vina \u0219i a exprimat regret pentru comportamentul s\u0103u. <\/strong><\/p>\n<p>Ea s-a prezentat la Inspectoratul de Poli\u021bie Edine\u021b, unde a fost documentat\u0103 \u0219i i s-a \u00eentocmit un proces-verbal pentru \u201euzurparea de calit\u0103\u021bi oficiale prin folosirea ilegal\u0103 a uniformei cu \u00eensemnele autorit\u0103\u021bilor publice\u201d.<\/p>\n<p>\u00cen timpul audierilor, aceasta a afirmat c\u0103 ar fi fost sub influen\u021ba alcoolului \u0219i a precizat c\u0103 a luat uniforma de la sora sa, fost\u0103 angajat\u0103 a poli\u021biei, dar care fusese concediat\u0103.<\/p>\n<\/div>\n","protected":false},"excerpt":{"rendered":"<div><img loading=\"lazy\" decoding=\"async\" width=\"696\" height=\"392\" src=\"https:\/\/canal5.md\/wp-content\/uploads\/2025\/02\/6d2cd5acb53695c4069c461860a62ee0-optimized.jpg\" class=\"attachment-large size-large wp-post-image\" alt=\"\" srcset=\"https:\/\/canal5.md\/wp-content\/uploads\/2025\/02\/6d2cd5acb53695c4069c461860a62ee0-optimized.jpg 809w, https:\/\/canal5.md\/wp-content\/uploads\/2025\/02\/6d2cd5acb53695c4069c461860a62ee0-300x169-optimized.jpg 300w, https:\/\/canal5.md\/wp-content\/uploads\/2025\/02\/6d2cd5acb53695c4069c461860a62ee0-768x433-optimized.jpg 768w, https:\/\/canal5.md\/wp-content\/uploads\/2025\/02\/6d2cd5acb53695c4069c461860a62ee0-696x392-optimized.jpg 696w\">T\u00e2n\u0103ra de 31 de ani din raionul Edine\u021b, care a postat pe TikTok un video \u00een care se afi\u0219a \u00eembr\u0103cat\u0103 \u00een uniform\u0103 de poli\u021bist, \u0219i-a recunoscut vina \u0219i a exprimat regret pentru comportamentul s\u0103u. Ea s-a prezentat la Inspectoratul de Poli\u021bie Edine\u021b, unde a fost documentat\u0103 \u0219i i s-a \u00eentocmit un proces-verbal pentru \u201euzurparea de [\u2026]<\/div>\n","protected":false},"author":1,"featured_media":67822,"comment_status":"closed","ping_status":"closed","sticky":false,"template":"","format":"standard","meta":{"jnews-multi-image_gallery":[],"jnews_single_post":[],"jnews_primary_category":[],"jnews_social_meta":[],"jnews_override_counter":[],"footnotes":""},"categories":[30],"tags":[],"class_list":["post-67821","post","type-post","status-publish","format-standard","has-post-thumbnail","hentry","category-social_ro"],"_links":{"self":[{"href":"https:\/\/orheifm.live\/index.php\/wp-json\/wp\/v2\/posts\/67821","targetHints":{"allow":["GET"]}}],"collection":[{"href":"https:\/\/orheifm.live\/index.php\/wp-json\/wp\/v2\/posts"}],"about":[{"href":"https:\/\/orheifm.live\/index.php\/wp-json\/wp\/v2\/types\/post"}],"author":[{"embeddable":true,"href":"https:\/\/orheifm.live\/index.php\/wp-json\/wp\/v2\/users\/1"}],"replies":[{"embeddable":true,"href":"https:\/\/orheifm.live\/index.php\/wp-json\/wp\/v2\/comments?post=67821"}],"version-history":[{"count":0,"href":"https:\/\/orheifm.live\/index.php\/wp-json\/wp\/v2\/posts\/67821\/revisions"}],"wp:featuredmedia":[{"embeddable":true,"href":"https:\/\/orheifm.live\/index.php\/wp-json\/wp\/v2\/media\/67822"}],"wp:attachment":[{"href":"https:\/\/orheifm.live\/index.php\/wp-json\/wp\/v2\/media?parent=67821"}],"wp:term":[{"taxonomy":"category","embeddable":true,"href":"https:\/\/orheifm.live\/index.php\/wp-json\/wp\/v2\/categories?post=67821"},{"taxonomy":"post_tag","embeddable":true,"href":"https:\/\/orheifm.live\/index.php\/wp-json\/wp\/v2\/tags?post=67821"}],"curies":[{"name":"wp","href":"https:\/\/api.w.org\/{rel}","templated":true}]}}