{"id":67815,"date":"2025-02-25T13:40:04","date_gmt":"2025-02-25T11:40:04","guid":{"rendered":"https:\/\/orheifm.live\/index.php\/2025\/02\/25\/teroare-pe-zborul-chisinau-larnaca-pasager-retinut-dupa-alerta-de-terorism\/"},"modified":"2025-02-25T13:40:04","modified_gmt":"2025-02-25T11:40:04","slug":"teroare-pe-zborul-chisinau-larnaca-pasager-retinut-dupa-alerta-de-terorism","status":"publish","type":"post","link":"https:\/\/orheifm.live\/index.php\/2025\/02\/25\/teroare-pe-zborul-chisinau-larnaca-pasager-retinut-dupa-alerta-de-terorism\/","title":{"rendered":"Teroare pe zborul Chi\u0219in\u0103u-Larnaca: Pasager re\u021binut dup\u0103 alerta de terorism"},"content":{"rendered":"<div>\n<p><strong>Autorit\u0103\u021bile din Cipru au re\u021binut un pasager al unui zbor din Moldova, dup\u0103 ce au fost alertate de un posibil caz de terorism.<\/strong><\/p>\n<p>Alarma a fost declan\u0219at\u0103 c\u00e2nd autorit\u0103\u021bile moldovene\u0219ti au primit informa\u021bii c\u0103 unul dintre pasagerii unui avion cu destina\u021bia Larnaca ar fi implicat \u00eentr-o activitate terorist\u0103. Autorit\u0103\u021bile din Moldova au informat imediat omologii ciprio\u021bi.<\/p>\n<p>Dup\u0103 aterizarea avionului \u00een Larnaca, aeronava a fost direc\u021bionat\u0103 \u00eentr-o zon\u0103 de securitate, iar poli\u021bia \u0219i pompierii au fost mobiliza\u021bi conform protocoalelor de urgen\u021b\u0103. Suspectul a fost extras din avion \u0219i dus la Departamentul de Investiga\u021bii Criminale pentru interogatoriu.<\/p>\n<p>Pasagerii au r\u0103mas la bord \u00een timp ce securitatea aeroportului a fost asigurat\u0103. Aeroportul a fost \u00eenchis timp de 10 minute, ceea ce a dus la redirec\u021bionarea unui zbor din Qatar c\u0103tre Paphos. Dup\u0103 aplicarea protocoalelor de securitate, opera\u021biunile aeroportuare au fost reluate. Incidentul a avut loc la bordul unei aeronave FlyOne Airlines.<\/p>\n<\/div>\n","protected":false},"excerpt":{"rendered":"<div><img loading=\"lazy\" decoding=\"async\" width=\"696\" height=\"392\" src=\"https:\/\/canal5.md\/wp-content\/uploads\/2025\/02\/7bffcd4ba235569ac38d85c84f704b53-optimized.jpg\" class=\"attachment-large size-large wp-post-image\" alt=\"\" srcset=\"https:\/\/canal5.md\/wp-content\/uploads\/2025\/02\/7bffcd4ba235569ac38d85c84f704b53-optimized.jpg 809w, https:\/\/canal5.md\/wp-content\/uploads\/2025\/02\/7bffcd4ba235569ac38d85c84f704b53-300x169-optimized.jpg 300w, https:\/\/canal5.md\/wp-content\/uploads\/2025\/02\/7bffcd4ba235569ac38d85c84f704b53-768x433-optimized.jpg 768w, https:\/\/canal5.md\/wp-content\/uploads\/2025\/02\/7bffcd4ba235569ac38d85c84f704b53-696x392-optimized.jpg 696w\">Autorit\u0103\u021bile din Cipru au re\u021binut un pasager al unui zbor din Moldova, dup\u0103 ce au fost alertate de un posibil caz de terorism. Alarma a fost declan\u0219at\u0103 c\u00e2nd autorit\u0103\u021bile moldovene\u0219ti au primit informa\u021bii c\u0103 unul dintre pasagerii unui avion cu destina\u021bia Larnaca ar fi implicat \u00eentr-o activitate terorist\u0103. Autorit\u0103\u021bile din Moldova au informat imediat omologii [\u2026]<\/div>\n","protected":false},"author":1,"featured_media":67816,"comment_status":"closed","ping_status":"closed","sticky":false,"template":"","format":"standard","meta":{"jnews-multi-image_gallery":[],"jnews_single_post":[],"jnews_primary_category":[],"jnews_social_meta":[],"jnews_override_counter":[],"footnotes":""},"categories":[30],"tags":[],"class_list":["post-67815","post","type-post","status-publish","format-standard","has-post-thumbnail","hentry","category-social_ro"],"_links":{"self":[{"href":"https:\/\/orheifm.live\/index.php\/wp-json\/wp\/v2\/posts\/67815","targetHints":{"allow":["GET"]}}],"collection":[{"href":"https:\/\/orheifm.live\/index.php\/wp-json\/wp\/v2\/posts"}],"about":[{"href":"https:\/\/orheifm.live\/index.php\/wp-json\/wp\/v2\/types\/post"}],"author":[{"embeddable":true,"href":"https:\/\/orheifm.live\/index.php\/wp-json\/wp\/v2\/users\/1"}],"replies":[{"embeddable":true,"href":"https:\/\/orheifm.live\/index.php\/wp-json\/wp\/v2\/comments?post=67815"}],"version-history":[{"count":0,"href":"https:\/\/orheifm.live\/index.php\/wp-json\/wp\/v2\/posts\/67815\/revisions"}],"wp:featuredmedia":[{"embeddable":true,"href":"https:\/\/orheifm.live\/index.php\/wp-json\/wp\/v2\/media\/67816"}],"wp:attachment":[{"href":"https:\/\/orheifm.live\/index.php\/wp-json\/wp\/v2\/media?parent=67815"}],"wp:term":[{"taxonomy":"category","embeddable":true,"href":"https:\/\/orheifm.live\/index.php\/wp-json\/wp\/v2\/categories?post=67815"},{"taxonomy":"post_tag","embeddable":true,"href":"https:\/\/orheifm.live\/index.php\/wp-json\/wp\/v2\/tags?post=67815"}],"curies":[{"name":"wp","href":"https:\/\/api.w.org\/{rel}","templated":true}]}}