{"id":67808,"date":"2025-02-25T12:20:16","date_gmt":"2025-02-25T10:20:16","guid":{"rendered":"https:\/\/orheifm.live\/index.php\/2025\/02\/25\/caz-de-coruptie-in-sistemul-medical-directorul-centrului-de-excelenta-demis\/"},"modified":"2025-02-25T12:20:16","modified_gmt":"2025-02-25T10:20:16","slug":"caz-de-coruptie-in-sistemul-medical-directorul-centrului-de-excelenta-demis","status":"publish","type":"post","link":"https:\/\/orheifm.live\/index.php\/2025\/02\/25\/caz-de-coruptie-in-sistemul-medical-directorul-centrului-de-excelenta-demis\/","title":{"rendered":"Caz de corup\u021bie \u00een sistemul medical: Directorul Centrului de Excelen\u021b\u0103 demis"},"content":{"rendered":"<div>\n<p><strong>Ministra S\u0103n\u0103t\u0103\u021bii, Ala Nemerenco, a anun\u021bat demiterea directorului Centrului de Excelen\u021b\u0103 \u00een Medicin\u0103 \u0219i Farmacie, care este implicat \u00eentr-un dosar penal ce vizeaz\u0103 o schem\u0103 de delapidare a banilor publici.<\/strong><\/p>\n<p>\u201eAm luat decizia de a-l demite pe directorul institu\u021biei. Procurorii cer suspendarea acestuia din func\u021bie \u0219i voi cere demisia \u00eentregii echipe. Nu mai au dreptul moral de a interac\u021biona cu elevii \u0219i de a le predica valori morale\u201d, a scris Nemerenco.<\/p>\n<p>Conform ministrului, responsabilii institu\u021biei nu doar c\u0103 au abandonat misiunea de a forma cadre medicale competente, dar au promovat corup\u021bia, implic\u00e2ndu-se \u00een scheme de angaj\u0103ri fictive, colectarea de bani de la studen\u021bi, trucarea achizi\u021biilor publice \u0219i folosirea resurselor institu\u021biei \u00een scopuri private. \u201eAce\u0219ti indivizi au stricat valorile etice ale noii genera\u021bii de medici\u201d, a ad\u0103ugat Nemerenco.<\/p>\n<p>\u00cen urma investiga\u021biilor, CNA a desf\u0103\u0219urat 45 de perchezi\u021bii, iar patru persoane, printre care directorul, contabilul-\u0219ef, un specialist \u00een resurse umane \u0219i o \u0219ef\u0103 de sec\u021bie, au fost re\u021binute pentru 72 de ore. Alte cinci persoane sunt \u00een prezent suspecte \u00een acest dosar de delapidare.<\/p>\n<p>Ministra a subliniat c\u0103 to\u021bi erau con\u0219tien\u021bi de aceste practici \u0219i c\u0103 perchezi\u021biile \u0219i re\u021binerile au \u00eent\u00e2rziat semnificativ. Discu\u021biile \u00eenregistrate de CNA au relevat detalii ale acestei scheme de corup\u021bie, inclusiv despre sumele de bani implicate \u0219i despre cum func\u021bionau aceste ilegalit\u0103\u021bi.<\/p>\n<\/div>\n","protected":false},"excerpt":{"rendered":"<div><img loading=\"lazy\" decoding=\"async\" width=\"696\" height=\"392\" src=\"https:\/\/canal5.md\/wp-content\/uploads\/2025\/02\/ddeab58535aba750b23bc952acecb600ed52126756a1b5ab2659f8460229d3a9-optimized.png\" class=\"attachment-large size-large wp-post-image\" alt=\"\" srcset=\"https:\/\/canal5.md\/wp-content\/uploads\/2025\/02\/ddeab58535aba750b23bc952acecb600ed52126756a1b5ab2659f8460229d3a9-optimized.png 800w, https:\/\/canal5.md\/wp-content\/uploads\/2025\/02\/ddeab58535aba750b23bc952acecb600ed52126756a1b5ab2659f8460229d3a9-300x169-optimized.png 300w, https:\/\/canal5.md\/wp-content\/uploads\/2025\/02\/ddeab58535aba750b23bc952acecb600ed52126756a1b5ab2659f8460229d3a9-768x432-optimized.png 768w, https:\/\/canal5.md\/wp-content\/uploads\/2025\/02\/ddeab58535aba750b23bc952acecb600ed52126756a1b5ab2659f8460229d3a9-696x392-optimized.png 696w\">Ministra S\u0103n\u0103t\u0103\u021bii, Ala Nemerenco, a anun\u021bat demiterea directorului Centrului de Excelen\u021b\u0103 \u00een Medicin\u0103 \u0219i Farmacie, care este implicat \u00eentr-un dosar penal ce vizeaz\u0103 o schem\u0103 de delapidare a banilor publici. \u201eAm luat decizia de a-l demite pe directorul institu\u021biei. Procurorii cer suspendarea acestuia din func\u021bie \u0219i voi cere demisia \u00eentregii echipe. Nu mai au dreptul [\u2026]<\/div>\n","protected":false},"author":1,"featured_media":67809,"comment_status":"closed","ping_status":"closed","sticky":false,"template":"","format":"standard","meta":{"jnews-multi-image_gallery":[],"jnews_single_post":[],"jnews_primary_category":[],"jnews_social_meta":[],"jnews_override_counter":[],"footnotes":""},"categories":[30],"tags":[],"class_list":["post-67808","post","type-post","status-publish","format-standard","has-post-thumbnail","hentry","category-social_ro"],"_links":{"self":[{"href":"https:\/\/orheifm.live\/index.php\/wp-json\/wp\/v2\/posts\/67808","targetHints":{"allow":["GET"]}}],"collection":[{"href":"https:\/\/orheifm.live\/index.php\/wp-json\/wp\/v2\/posts"}],"about":[{"href":"https:\/\/orheifm.live\/index.php\/wp-json\/wp\/v2\/types\/post"}],"author":[{"embeddable":true,"href":"https:\/\/orheifm.live\/index.php\/wp-json\/wp\/v2\/users\/1"}],"replies":[{"embeddable":true,"href":"https:\/\/orheifm.live\/index.php\/wp-json\/wp\/v2\/comments?post=67808"}],"version-history":[{"count":0,"href":"https:\/\/orheifm.live\/index.php\/wp-json\/wp\/v2\/posts\/67808\/revisions"}],"wp:featuredmedia":[{"embeddable":true,"href":"https:\/\/orheifm.live\/index.php\/wp-json\/wp\/v2\/media\/67809"}],"wp:attachment":[{"href":"https:\/\/orheifm.live\/index.php\/wp-json\/wp\/v2\/media?parent=67808"}],"wp:term":[{"taxonomy":"category","embeddable":true,"href":"https:\/\/orheifm.live\/index.php\/wp-json\/wp\/v2\/categories?post=67808"},{"taxonomy":"post_tag","embeddable":true,"href":"https:\/\/orheifm.live\/index.php\/wp-json\/wp\/v2\/tags?post=67808"}],"curies":[{"name":"wp","href":"https:\/\/api.w.org\/{rel}","templated":true}]}}