{"id":67804,"date":"2025-02-25T11:45:21","date_gmt":"2025-02-25T09:45:21","guid":{"rendered":"https:\/\/orheifm.live\/index.php\/2025\/02\/25\/conflict-pe-strada-stefan-cel-mare-barbat-retinut-pentru-ultragierea-unui-politist\/"},"modified":"2025-02-25T11:45:21","modified_gmt":"2025-02-25T09:45:21","slug":"conflict-pe-strada-stefan-cel-mare-barbat-retinut-pentru-ultragierea-unui-politist","status":"publish","type":"post","link":"https:\/\/orheifm.live\/index.php\/2025\/02\/25\/conflict-pe-strada-stefan-cel-mare-barbat-retinut-pentru-ultragierea-unui-politist\/","title":{"rendered":"Conflict pe strada \u0218tefan cel Mare: B\u0103rbat re\u021binut pentru ultragierea unui poli\u021bist"},"content":{"rendered":"<div>\n<p><strong>Un b\u0103rbat de 64 de ani a fost re\u021binut dup\u0103 ce a agresat un angajat al Ministerului Afacerilor Interne.<\/strong><\/p>\n<p>Incidentul a avut loc pe 24 februarie, \u00een jurul orei 12:15, pe strada \u0218tefan cel Mare din B\u0103cioi, Chi\u0219in\u0103u. B\u0103rbatul l-a atacat pe \u0218eful Sectorului Nr. 7 al IP Botanica, \u00een timp ce acesta documenta un conflict mai vechi.<\/p>\n<p>\u00cen urma alterca\u021biei, agresorul a fost \u00eenc\u0103tu\u0219at \u0219i dus la IP Botanica, unde a fost re\u021binut pentru 72 de ore, fiind deschis un dosar penal pentru ultragierea poli\u021bistului.<\/p>\n<p>De asemenea, un alt angajat al IP Botanica a fost agresat de avocata Aliona Palamari \u00een aceea\u0219i perioad\u0103, \u00een timp ce escorta un t\u00e2n\u0103r suspectat de escrocherie.<\/p>\n<\/div>\n","protected":false},"excerpt":{"rendered":"<div><img loading=\"lazy\" decoding=\"async\" width=\"696\" height=\"392\" src=\"https:\/\/canal5.md\/wp-content\/uploads\/2025\/02\/7c02796650aec30c6f44318d703e1b05c25e29d0f858e0229b87f3723224b2a2-1024x576-optimized.png\" class=\"attachment-large size-large wp-post-image\" alt=\"\" srcset=\"https:\/\/canal5.md\/wp-content\/uploads\/2025\/02\/7c02796650aec30c6f44318d703e1b05c25e29d0f858e0229b87f3723224b2a2-1024x576-optimized.png 1024w, https:\/\/canal5.md\/wp-content\/uploads\/2025\/02\/7c02796650aec30c6f44318d703e1b05c25e29d0f858e0229b87f3723224b2a2-300x169-optimized.png 300w, https:\/\/canal5.md\/wp-content\/uploads\/2025\/02\/7c02796650aec30c6f44318d703e1b05c25e29d0f858e0229b87f3723224b2a2-768x432-optimized.png 768w, https:\/\/canal5.md\/wp-content\/uploads\/2025\/02\/7c02796650aec30c6f44318d703e1b05c25e29d0f858e0229b87f3723224b2a2-696x392-optimized.png 696w, https:\/\/canal5.md\/wp-content\/uploads\/2025\/02\/7c02796650aec30c6f44318d703e1b05c25e29d0f858e0229b87f3723224b2a2-1068x601-optimized.png 1068w, https:\/\/canal5.md\/wp-content\/uploads\/2025\/02\/7c02796650aec30c6f44318d703e1b05c25e29d0f858e0229b87f3723224b2a2-optimized.png 1200w\">Un b\u0103rbat de 64 de ani a fost re\u021binut dup\u0103 ce a agresat un angajat al Ministerului Afacerilor Interne. Incidentul a avut loc pe 24 februarie, \u00een jurul orei 12:15, pe strada \u0218tefan cel Mare din B\u0103cioi, Chi\u0219in\u0103u. B\u0103rbatul l-a atacat pe \u0218eful Sectorului Nr. 7 al IP Botanica, \u00een timp ce acesta documenta un [\u2026]<\/div>\n","protected":false},"author":1,"featured_media":67805,"comment_status":"closed","ping_status":"closed","sticky":false,"template":"","format":"standard","meta":{"jnews-multi-image_gallery":[],"jnews_single_post":[],"jnews_primary_category":[],"jnews_social_meta":[],"jnews_override_counter":[],"footnotes":""},"categories":[30],"tags":[],"class_list":["post-67804","post","type-post","status-publish","format-standard","has-post-thumbnail","hentry","category-social_ro"],"_links":{"self":[{"href":"https:\/\/orheifm.live\/index.php\/wp-json\/wp\/v2\/posts\/67804","targetHints":{"allow":["GET"]}}],"collection":[{"href":"https:\/\/orheifm.live\/index.php\/wp-json\/wp\/v2\/posts"}],"about":[{"href":"https:\/\/orheifm.live\/index.php\/wp-json\/wp\/v2\/types\/post"}],"author":[{"embeddable":true,"href":"https:\/\/orheifm.live\/index.php\/wp-json\/wp\/v2\/users\/1"}],"replies":[{"embeddable":true,"href":"https:\/\/orheifm.live\/index.php\/wp-json\/wp\/v2\/comments?post=67804"}],"version-history":[{"count":0,"href":"https:\/\/orheifm.live\/index.php\/wp-json\/wp\/v2\/posts\/67804\/revisions"}],"wp:featuredmedia":[{"embeddable":true,"href":"https:\/\/orheifm.live\/index.php\/wp-json\/wp\/v2\/media\/67805"}],"wp:attachment":[{"href":"https:\/\/orheifm.live\/index.php\/wp-json\/wp\/v2\/media?parent=67804"}],"wp:term":[{"taxonomy":"category","embeddable":true,"href":"https:\/\/orheifm.live\/index.php\/wp-json\/wp\/v2\/categories?post=67804"},{"taxonomy":"post_tag","embeddable":true,"href":"https:\/\/orheifm.live\/index.php\/wp-json\/wp\/v2\/tags?post=67804"}],"curies":[{"name":"wp","href":"https:\/\/api.w.org\/{rel}","templated":true}]}}