{"id":67800,"date":"2025-02-25T11:05:15","date_gmt":"2025-02-25T09:05:15","guid":{"rendered":"https:\/\/orheifm.live\/index.php\/2025\/02\/25\/doi-cetateni-ucraineni-cer-azil-in-moldova-dupa-ce-unul-dintre-ei-s-a-ranit-grav-la-frontiera\/"},"modified":"2025-02-25T11:05:15","modified_gmt":"2025-02-25T09:05:15","slug":"doi-cetateni-ucraineni-cer-azil-in-moldova-dupa-ce-unul-dintre-ei-s-a-ranit-grav-la-frontiera","status":"publish","type":"post","link":"https:\/\/orheifm.live\/index.php\/2025\/02\/25\/doi-cetateni-ucraineni-cer-azil-in-moldova-dupa-ce-unul-dintre-ei-s-a-ranit-grav-la-frontiera\/","title":{"rendered":"Doi cet\u0103\u021beni ucraineni cer azil \u00een Moldova dup\u0103 ce unul dintre ei s-a r\u0103nit grav la frontier\u0103"},"content":{"rendered":"<div>\n<p><strong>Pe 22 februarie 2025, o patrul\u0103 mobil\u0103 a Serviciului Protec\u021biei a Frontierei Larga, aflat\u0103 \u00een misiune de supraveghere a frontierei, a g\u0103sit un cet\u0103\u021bean str\u0103in \u00een stare de panic\u0103 \u0219i disperare \u00een zona de frontier\u0103.<\/strong><\/p>\n<p>\u00cen timpul discu\u021biei, b\u0103rbatul le-a povestit c\u0103 fratele s\u0103u, care fugise din calea r\u0103zboiului, se afla \u00een apropiere, r\u0103nit \u0219i epuizat. Cei doi traversaser\u0103 un traseu periculos, risc\u00e2ndu-\u0219i vie\u021bile pentru a intra ilegal \u00een Republica Moldova.<\/p>\n<p>Din p\u0103cate, fratele a alunecat \u0219i \u0219i-a fracturat grav glezna, iar durerea i-a f\u0103cut imposibil\u0103 deplasarea. Poli\u021bi\u0219tii de frontier\u0103 au reac\u021bionat rapid, solicit\u00e2nd asisten\u021b\u0103 medical\u0103 \u0219i acord\u00e2nd primul ajutor b\u0103rbatului r\u0103nit.<\/p>\n<p>\u00cen urma document\u0103rii, cei doi cet\u0103\u021beni ucraineni au solicitat azil pe teritoriul Republicii Moldova. Autorit\u0103\u021bile din cadrul Direc\u021biei regionale Nord continu\u0103 s\u0103 investigheze incidentul sub toate aspectele legale pentru a stabili toate circumstan\u021bele.<\/p>\n<\/div>\n","protected":false},"excerpt":{"rendered":"<div><img loading=\"lazy\" decoding=\"async\" width=\"696\" height=\"392\" src=\"https:\/\/canal5.md\/wp-content\/uploads\/2025\/02\/894f9be5862e2912a2b27189491179cbd7efc8870fdb3794a84e055134794ca0-1024x576-optimized.jpg\" class=\"attachment-large size-large wp-post-image\" alt=\"\" srcset=\"https:\/\/canal5.md\/wp-content\/uploads\/2025\/02\/894f9be5862e2912a2b27189491179cbd7efc8870fdb3794a84e055134794ca0-1024x576-optimized.jpg 1024w, https:\/\/canal5.md\/wp-content\/uploads\/2025\/02\/894f9be5862e2912a2b27189491179cbd7efc8870fdb3794a84e055134794ca0-300x169-optimized.jpg 300w, https:\/\/canal5.md\/wp-content\/uploads\/2025\/02\/894f9be5862e2912a2b27189491179cbd7efc8870fdb3794a84e055134794ca0-768x432-optimized.jpg 768w, https:\/\/canal5.md\/wp-content\/uploads\/2025\/02\/894f9be5862e2912a2b27189491179cbd7efc8870fdb3794a84e055134794ca0-696x392-optimized.jpg 696w, https:\/\/canal5.md\/wp-content\/uploads\/2025\/02\/894f9be5862e2912a2b27189491179cbd7efc8870fdb3794a84e055134794ca0-1068x601-optimized.jpg 1068w, https:\/\/canal5.md\/wp-content\/uploads\/2025\/02\/894f9be5862e2912a2b27189491179cbd7efc8870fdb3794a84e055134794ca0-optimized.jpg 1200w\">Pe 22 februarie 2025, o patrul\u0103 mobil\u0103 a Serviciului Protec\u021biei a Frontierei Larga, aflat\u0103 \u00een misiune de supraveghere a frontierei, a g\u0103sit un cet\u0103\u021bean str\u0103in \u00een stare de panic\u0103 \u0219i disperare \u00een zona de frontier\u0103. \u00cen timpul discu\u021biei, b\u0103rbatul le-a povestit c\u0103 fratele s\u0103u, care fugise din calea r\u0103zboiului, se afla \u00een apropiere, r\u0103nit \u0219i [\u2026]<\/div>\n","protected":false},"author":1,"featured_media":67801,"comment_status":"closed","ping_status":"closed","sticky":false,"template":"","format":"standard","meta":{"jnews-multi-image_gallery":[],"jnews_single_post":[],"jnews_primary_category":[],"jnews_social_meta":[],"jnews_override_counter":[],"footnotes":""},"categories":[30],"tags":[],"class_list":["post-67800","post","type-post","status-publish","format-standard","has-post-thumbnail","hentry","category-social_ro"],"_links":{"self":[{"href":"https:\/\/orheifm.live\/index.php\/wp-json\/wp\/v2\/posts\/67800","targetHints":{"allow":["GET"]}}],"collection":[{"href":"https:\/\/orheifm.live\/index.php\/wp-json\/wp\/v2\/posts"}],"about":[{"href":"https:\/\/orheifm.live\/index.php\/wp-json\/wp\/v2\/types\/post"}],"author":[{"embeddable":true,"href":"https:\/\/orheifm.live\/index.php\/wp-json\/wp\/v2\/users\/1"}],"replies":[{"embeddable":true,"href":"https:\/\/orheifm.live\/index.php\/wp-json\/wp\/v2\/comments?post=67800"}],"version-history":[{"count":0,"href":"https:\/\/orheifm.live\/index.php\/wp-json\/wp\/v2\/posts\/67800\/revisions"}],"wp:featuredmedia":[{"embeddable":true,"href":"https:\/\/orheifm.live\/index.php\/wp-json\/wp\/v2\/media\/67801"}],"wp:attachment":[{"href":"https:\/\/orheifm.live\/index.php\/wp-json\/wp\/v2\/media?parent=67800"}],"wp:term":[{"taxonomy":"category","embeddable":true,"href":"https:\/\/orheifm.live\/index.php\/wp-json\/wp\/v2\/categories?post=67800"},{"taxonomy":"post_tag","embeddable":true,"href":"https:\/\/orheifm.live\/index.php\/wp-json\/wp\/v2\/tags?post=67800"}],"curies":[{"name":"wp","href":"https:\/\/api.w.org\/{rel}","templated":true}]}}