{"id":67798,"date":"2025-02-25T10:55:49","date_gmt":"2025-02-25T08:55:49","guid":{"rendered":"https:\/\/orheifm.live\/index.php\/2025\/02\/25\/atac-violent-in-straisteni-un-barbat-a-fost-lovit-cu-cutitul-de-cumnatul-sau\/"},"modified":"2025-02-25T10:55:49","modified_gmt":"2025-02-25T08:55:49","slug":"atac-violent-in-straisteni-un-barbat-a-fost-lovit-cu-cutitul-de-cumnatul-sau","status":"publish","type":"post","link":"https:\/\/orheifm.live\/index.php\/2025\/02\/25\/atac-violent-in-straisteni-un-barbat-a-fost-lovit-cu-cutitul-de-cumnatul-sau\/","title":{"rendered":"Atac violent \u00een Str\u0103isteni: Un b\u0103rbat a fost lovit cu cu\u021bitul de cumnatul s\u0103u"},"content":{"rendered":"<div>\n<p data-pm-slice=\"1 1 []\"><strong>Un b\u0103rbat de 46 de ani a fost atacat cu un cu\u021bit de cumnatul s\u0103u, un individ de 33 de ani care este sub tratament psihiatric.<\/strong><\/p>\n<p data-pm-slice=\"1 1 []\">Incidentul a avut loc \u00een noaptea de 24 februarie, \u00een jurul orei 23:30, \u00een localitatea Str\u0103isteni, municipiul Chi\u0219in\u0103u. Victima, aflat\u0103 \u00een curtea casei, a fost atacat\u0103 f\u0103r\u0103 avertisment cu un cu\u021bit de buc\u0103t\u0103rie, suferind mai multe lovituri \u00een zona toracic\u0103.<\/p>\n<p>\u00cen urma agresiunii, b\u0103rbatul a fost transportat de urgen\u021b\u0103 la Institutul de Medicin\u0103 Urgent\u0103 din Chi\u0219in\u0103u. \u00centre timp, atacatorul a fost re\u021binut de autorit\u0103\u021bi \u0219i escortat la spitalul de psihiatrie pentru evaluare, av\u00e2nd \u00een vedere starea sa psihic\u0103. Ancheta este \u00een curs pentru a determina motivele acestui atac \u0219i pentru a stabili toate circumstan\u021bele \u00een care a avut loc.<\/p>\n<p>\u00a0<\/p>\n<\/div>\n","protected":false},"excerpt":{"rendered":"<div><img loading=\"lazy\" decoding=\"async\" width=\"696\" height=\"392\" src=\"https:\/\/canal5.md\/wp-content\/uploads\/2025\/02\/7cc978260a7133e9aae831fcf3666a2876267d9f958ba48c96e3f44be7ba9cee-1024x576-optimized.jpg\" class=\"attachment-large size-large wp-post-image\" alt=\"\" srcset=\"https:\/\/canal5.md\/wp-content\/uploads\/2025\/02\/7cc978260a7133e9aae831fcf3666a2876267d9f958ba48c96e3f44be7ba9cee-1024x576-optimized.jpg 1024w, https:\/\/canal5.md\/wp-content\/uploads\/2025\/02\/7cc978260a7133e9aae831fcf3666a2876267d9f958ba48c96e3f44be7ba9cee-300x169-optimized.jpg 300w, https:\/\/canal5.md\/wp-content\/uploads\/2025\/02\/7cc978260a7133e9aae831fcf3666a2876267d9f958ba48c96e3f44be7ba9cee-768x432-optimized.jpg 768w, https:\/\/canal5.md\/wp-content\/uploads\/2025\/02\/7cc978260a7133e9aae831fcf3666a2876267d9f958ba48c96e3f44be7ba9cee-696x392-optimized.jpg 696w, https:\/\/canal5.md\/wp-content\/uploads\/2025\/02\/7cc978260a7133e9aae831fcf3666a2876267d9f958ba48c96e3f44be7ba9cee-1068x601-optimized.jpg 1068w, https:\/\/canal5.md\/wp-content\/uploads\/2025\/02\/7cc978260a7133e9aae831fcf3666a2876267d9f958ba48c96e3f44be7ba9cee-optimized.jpg 1200w\">Un b\u0103rbat de 46 de ani a fost atacat cu un cu\u021bit de cumnatul s\u0103u, un individ de 33 de ani care este sub tratament psihiatric. Incidentul a avut loc \u00een noaptea de 24 februarie, \u00een jurul orei 23:30, \u00een localitatea Str\u0103isteni, municipiul Chi\u0219in\u0103u. Victima, aflat\u0103 \u00een curtea casei, a fost atacat\u0103 f\u0103r\u0103 avertisment cu [\u2026]<\/div>\n","protected":false},"author":1,"featured_media":67799,"comment_status":"closed","ping_status":"closed","sticky":false,"template":"","format":"standard","meta":{"jnews-multi-image_gallery":[],"jnews_single_post":[],"jnews_primary_category":[],"jnews_social_meta":[],"jnews_override_counter":[],"footnotes":""},"categories":[30],"tags":[],"class_list":["post-67798","post","type-post","status-publish","format-standard","has-post-thumbnail","hentry","category-social_ro"],"_links":{"self":[{"href":"https:\/\/orheifm.live\/index.php\/wp-json\/wp\/v2\/posts\/67798","targetHints":{"allow":["GET"]}}],"collection":[{"href":"https:\/\/orheifm.live\/index.php\/wp-json\/wp\/v2\/posts"}],"about":[{"href":"https:\/\/orheifm.live\/index.php\/wp-json\/wp\/v2\/types\/post"}],"author":[{"embeddable":true,"href":"https:\/\/orheifm.live\/index.php\/wp-json\/wp\/v2\/users\/1"}],"replies":[{"embeddable":true,"href":"https:\/\/orheifm.live\/index.php\/wp-json\/wp\/v2\/comments?post=67798"}],"version-history":[{"count":0,"href":"https:\/\/orheifm.live\/index.php\/wp-json\/wp\/v2\/posts\/67798\/revisions"}],"wp:featuredmedia":[{"embeddable":true,"href":"https:\/\/orheifm.live\/index.php\/wp-json\/wp\/v2\/media\/67799"}],"wp:attachment":[{"href":"https:\/\/orheifm.live\/index.php\/wp-json\/wp\/v2\/media?parent=67798"}],"wp:term":[{"taxonomy":"category","embeddable":true,"href":"https:\/\/orheifm.live\/index.php\/wp-json\/wp\/v2\/categories?post=67798"},{"taxonomy":"post_tag","embeddable":true,"href":"https:\/\/orheifm.live\/index.php\/wp-json\/wp\/v2\/tags?post=67798"}],"curies":[{"name":"wp","href":"https:\/\/api.w.org\/{rel}","templated":true}]}}