{"id":67794,"date":"2025-02-25T10:20:35","date_gmt":"2025-02-25T08:20:35","guid":{"rendered":"https:\/\/orheifm.live\/index.php\/2025\/02\/25\/76927\/"},"modified":"2025-02-25T10:20:35","modified_gmt":"2025-02-25T08:20:35","slug":"76927","status":"publish","type":"post","link":"https:\/\/orheifm.live\/index.php\/2025\/02\/25\/76927\/","title":{"rendered":"Avocat\u0103 din Chi\u0219in\u0103u cercetat\u0103 penal pentru agresarea unui poli\u021bist"},"content":{"rendered":"<div>\n<p><strong>O avocat\u0103 risc\u0103 s\u0103 fie anchetat\u0103 penal dup\u0103 ce a agresat un poli\u021bist \u0219i i-a deteriorat hainele. Incidentul a avut loc ieri, 24 februarie, pe strada Miron Costin din sectorul R\u00ee\u0219cani al capitalei, conform surselor PulsMedia.MD. <\/strong><\/p>\n<p>Potrivit acestora, angaja\u021bii Serviciului Investiga\u021bii Infrac\u021biuni al IP Botanica au mers s\u0103-l aduc\u0103 for\u021bat la audieri \u0219i s\u0103-l re\u021bin\u0103 pe un t\u00e2n\u0103r de 22 de ani, suspectat de escrocherie.<\/p>\n<p>La fa\u021ba locului, unul dintre poli\u021bi\u0219ti a fost atacat de avocata t\u00e2n\u0103rului, Aliona Palamari, care l-a \u00eembr\u00e2ncit \u0219i i-a distrus hainele. Palamari, membr\u0103 a Baroului Chi\u0219in\u0103u, a ob\u021binut licen\u021ba acum aproximativ 4 ani. Incidentul a fost \u00eenregistrat la poli\u021bie, iar avocata va fi cercetat\u0103 penal pentru \u201eAmenin\u021barea sau violen\u0163a s\u0103v\u00e2r\u015fit\u0103 asupra unei persoane cu func\u0163ie de r\u0103spundere sau a unei persoane care \u00ee\u015fi \u00eendepline\u015fte datoria ob\u015fteasc\u0103\u201d, conform articolului 349 din Codul Penal.<\/p>\n<\/div>\n","protected":false},"excerpt":{"rendered":"<div><img loading=\"lazy\" decoding=\"async\" width=\"696\" height=\"392\" src=\"https:\/\/canal5.md\/wp-content\/uploads\/2025\/02\/b094d219adf70852c819d39b965d33f6ee18ad9efa9dd7d7fbbb0711bddeb65f-1024x576-optimized.jpg\" class=\"attachment-large size-large wp-post-image\" alt=\"\" srcset=\"https:\/\/canal5.md\/wp-content\/uploads\/2025\/02\/b094d219adf70852c819d39b965d33f6ee18ad9efa9dd7d7fbbb0711bddeb65f-1024x576-optimized.jpg 1024w, https:\/\/canal5.md\/wp-content\/uploads\/2025\/02\/b094d219adf70852c819d39b965d33f6ee18ad9efa9dd7d7fbbb0711bddeb65f-300x169-optimized.jpg 300w, https:\/\/canal5.md\/wp-content\/uploads\/2025\/02\/b094d219adf70852c819d39b965d33f6ee18ad9efa9dd7d7fbbb0711bddeb65f-768x432-optimized.jpg 768w, https:\/\/canal5.md\/wp-content\/uploads\/2025\/02\/b094d219adf70852c819d39b965d33f6ee18ad9efa9dd7d7fbbb0711bddeb65f-696x392-optimized.jpg 696w, https:\/\/canal5.md\/wp-content\/uploads\/2025\/02\/b094d219adf70852c819d39b965d33f6ee18ad9efa9dd7d7fbbb0711bddeb65f-1068x601-optimized.jpg 1068w, https:\/\/canal5.md\/wp-content\/uploads\/2025\/02\/b094d219adf70852c819d39b965d33f6ee18ad9efa9dd7d7fbbb0711bddeb65f-optimized.jpg 1200w\">O avocat\u0103 risc\u0103 s\u0103 fie anchetat\u0103 penal dup\u0103 ce a agresat un poli\u021bist \u0219i i-a deteriorat hainele. Incidentul a avut loc ieri, 24 februarie, pe strada Miron Costin din sectorul R\u00ee\u0219cani al capitalei, conform surselor PulsMedia.MD. Potrivit acestora, angaja\u021bii Serviciului Investiga\u021bii Infrac\u021biuni al IP Botanica au mers s\u0103-l aduc\u0103 for\u021bat la audieri \u0219i s\u0103-l re\u021bin\u0103 [\u2026]<\/div>\n","protected":false},"author":1,"featured_media":67795,"comment_status":"closed","ping_status":"closed","sticky":false,"template":"","format":"standard","meta":{"jnews-multi-image_gallery":[],"jnews_single_post":[],"jnews_primary_category":[],"jnews_social_meta":[],"jnews_override_counter":[],"footnotes":""},"categories":[30],"tags":[],"class_list":["post-67794","post","type-post","status-publish","format-standard","has-post-thumbnail","hentry","category-social_ro"],"_links":{"self":[{"href":"https:\/\/orheifm.live\/index.php\/wp-json\/wp\/v2\/posts\/67794","targetHints":{"allow":["GET"]}}],"collection":[{"href":"https:\/\/orheifm.live\/index.php\/wp-json\/wp\/v2\/posts"}],"about":[{"href":"https:\/\/orheifm.live\/index.php\/wp-json\/wp\/v2\/types\/post"}],"author":[{"embeddable":true,"href":"https:\/\/orheifm.live\/index.php\/wp-json\/wp\/v2\/users\/1"}],"replies":[{"embeddable":true,"href":"https:\/\/orheifm.live\/index.php\/wp-json\/wp\/v2\/comments?post=67794"}],"version-history":[{"count":0,"href":"https:\/\/orheifm.live\/index.php\/wp-json\/wp\/v2\/posts\/67794\/revisions"}],"wp:featuredmedia":[{"embeddable":true,"href":"https:\/\/orheifm.live\/index.php\/wp-json\/wp\/v2\/media\/67795"}],"wp:attachment":[{"href":"https:\/\/orheifm.live\/index.php\/wp-json\/wp\/v2\/media?parent=67794"}],"wp:term":[{"taxonomy":"category","embeddable":true,"href":"https:\/\/orheifm.live\/index.php\/wp-json\/wp\/v2\/categories?post=67794"},{"taxonomy":"post_tag","embeddable":true,"href":"https:\/\/orheifm.live\/index.php\/wp-json\/wp\/v2\/tags?post=67794"}],"curies":[{"name":"wp","href":"https:\/\/api.w.org\/{rel}","templated":true}]}}