{"id":67792,"date":"2025-02-25T10:00:18","date_gmt":"2025-02-25T08:00:18","guid":{"rendered":"https:\/\/orheifm.live\/index.php\/2025\/02\/25\/doua-tragedii-in-24-de-ore-doua-persoane-au-murit-in-incendii\/"},"modified":"2025-02-25T10:00:18","modified_gmt":"2025-02-25T08:00:18","slug":"doua-tragedii-in-24-de-ore-doua-persoane-au-murit-in-incendii","status":"publish","type":"post","link":"https:\/\/orheifm.live\/index.php\/2025\/02\/25\/doua-tragedii-in-24-de-ore-doua-persoane-au-murit-in-incendii\/","title":{"rendered":"Dou\u0103 tragedii \u00een 24 de ore: Dou\u0103 persoane au murit \u00een incendii"},"content":{"rendered":"<div>\n<p><strong>Dou\u0103 persoane au murit \u00een urma unor incendii care au avut loc \u00een ultimele 24 de ore \u00een raioanele Ialoveni \u0219i C\u0103l\u0103ra\u0219i, potrivit surselor <a href=\"https:\/\/pulsmedia.md\/article\/5700809df0e97ade\/doua-persoane-ucise-de-flacari-in-ultimele-24-de-ore-la-ialoveni-si-calarasi.html\">PulsMedia.MD<\/a> din cadrul IGSU.<\/strong><\/p>\n<p>Primul incident s-a produs ieri sear\u0103, \u00een jurul orei 17:37, \u00een localitatea Poj\u0103reni, raionul Ialoveni, unde un incendiu a distrus podul unei case \u0219i bunurile unei femei de 83 de ani. \u00cen timpul stingerii fl\u0103c\u0103rilor, pompierii au g\u0103sit corpul ne\u00eensufle\u021bit al proprietarei, care ar fi murit din cauza intoxica\u021biei cu monoxid de carbon.<\/p>\n<p>Al doilea caz a avut loc c\u00e2teva ore mai t\u00e2rziu, \u00een jurul orei 21:15, \u00een localitatea Seli\u0219tea Nou\u0103, raionul C\u0103l\u0103ra\u0219i, unde un incendiu a cuprins locuin\u021ba unui b\u0103rbat de 50 de ani. \u00cen timpul interven\u021biei, pompierii au descoperit trupul carbonizat al acestuia.<\/p>\n<p>Autorit\u0103\u021bile cerceteaz\u0103 ambele cazuri pentru a stabili circumstan\u021bele exacte ale tragediilor.<\/p>\n<\/div>\n","protected":false},"excerpt":{"rendered":"<div><img loading=\"lazy\" decoding=\"async\" width=\"696\" height=\"392\" src=\"https:\/\/canal5.md\/wp-content\/uploads\/2025\/02\/89f2de929d9f00d75cfa3d8bea12bf3e4f1de34f71ccceac6d31d8a1272b2d81-1024x576-optimized.jpg\" class=\"attachment-large size-large wp-post-image\" alt=\"\" srcset=\"https:\/\/canal5.md\/wp-content\/uploads\/2025\/02\/89f2de929d9f00d75cfa3d8bea12bf3e4f1de34f71ccceac6d31d8a1272b2d81-1024x576-optimized.jpg 1024w, https:\/\/canal5.md\/wp-content\/uploads\/2025\/02\/89f2de929d9f00d75cfa3d8bea12bf3e4f1de34f71ccceac6d31d8a1272b2d81-300x169-optimized.jpg 300w, https:\/\/canal5.md\/wp-content\/uploads\/2025\/02\/89f2de929d9f00d75cfa3d8bea12bf3e4f1de34f71ccceac6d31d8a1272b2d81-768x432-optimized.jpg 768w, https:\/\/canal5.md\/wp-content\/uploads\/2025\/02\/89f2de929d9f00d75cfa3d8bea12bf3e4f1de34f71ccceac6d31d8a1272b2d81-696x392-optimized.jpg 696w, https:\/\/canal5.md\/wp-content\/uploads\/2025\/02\/89f2de929d9f00d75cfa3d8bea12bf3e4f1de34f71ccceac6d31d8a1272b2d81-1068x601-optimized.jpg 1068w, https:\/\/canal5.md\/wp-content\/uploads\/2025\/02\/89f2de929d9f00d75cfa3d8bea12bf3e4f1de34f71ccceac6d31d8a1272b2d81-optimized.jpg 1200w\">Dou\u0103 persoane au murit \u00een urma unor incendii care au avut loc \u00een ultimele 24 de ore \u00een raioanele Ialoveni \u0219i C\u0103l\u0103ra\u0219i, potrivit surselor PulsMedia.MD din cadrul IGSU. Primul incident s-a produs ieri sear\u0103, \u00een jurul orei 17:37, \u00een localitatea Poj\u0103reni, raionul Ialoveni, unde un incendiu a distrus podul unei case \u0219i bunurile unei femei [\u2026]<\/div>\n","protected":false},"author":1,"featured_media":67793,"comment_status":"closed","ping_status":"closed","sticky":false,"template":"","format":"standard","meta":{"jnews-multi-image_gallery":[],"jnews_single_post":[],"jnews_primary_category":[],"jnews_social_meta":[],"jnews_override_counter":[],"footnotes":""},"categories":[30],"tags":[],"class_list":["post-67792","post","type-post","status-publish","format-standard","has-post-thumbnail","hentry","category-social_ro"],"_links":{"self":[{"href":"https:\/\/orheifm.live\/index.php\/wp-json\/wp\/v2\/posts\/67792","targetHints":{"allow":["GET"]}}],"collection":[{"href":"https:\/\/orheifm.live\/index.php\/wp-json\/wp\/v2\/posts"}],"about":[{"href":"https:\/\/orheifm.live\/index.php\/wp-json\/wp\/v2\/types\/post"}],"author":[{"embeddable":true,"href":"https:\/\/orheifm.live\/index.php\/wp-json\/wp\/v2\/users\/1"}],"replies":[{"embeddable":true,"href":"https:\/\/orheifm.live\/index.php\/wp-json\/wp\/v2\/comments?post=67792"}],"version-history":[{"count":0,"href":"https:\/\/orheifm.live\/index.php\/wp-json\/wp\/v2\/posts\/67792\/revisions"}],"wp:featuredmedia":[{"embeddable":true,"href":"https:\/\/orheifm.live\/index.php\/wp-json\/wp\/v2\/media\/67793"}],"wp:attachment":[{"href":"https:\/\/orheifm.live\/index.php\/wp-json\/wp\/v2\/media?parent=67792"}],"wp:term":[{"taxonomy":"category","embeddable":true,"href":"https:\/\/orheifm.live\/index.php\/wp-json\/wp\/v2\/categories?post=67792"},{"taxonomy":"post_tag","embeddable":true,"href":"https:\/\/orheifm.live\/index.php\/wp-json\/wp\/v2\/tags?post=67792"}],"curies":[{"name":"wp","href":"https:\/\/api.w.org\/{rel}","templated":true}]}}