{"id":67790,"date":"2025-02-25T09:40:49","date_gmt":"2025-02-25T07:40:49","guid":{"rendered":"https:\/\/orheifm.live\/index.php\/2025\/02\/25\/accident-grav-in-singera-un-barbat-a-fost-lovit-de-un-microbuz\/"},"modified":"2025-02-25T09:40:49","modified_gmt":"2025-02-25T07:40:49","slug":"accident-grav-in-singera-un-barbat-a-fost-lovit-de-un-microbuz","status":"publish","type":"post","link":"https:\/\/orheifm.live\/index.php\/2025\/02\/25\/accident-grav-in-singera-un-barbat-a-fost-lovit-de-un-microbuz\/","title":{"rendered":"Accident grav \u00een S\u00eengera: Un b\u0103rbat a fost lovit de un microbuz"},"content":{"rendered":"<div>\n<p><strong>Un b\u0103rbat \u00een v\u00e2rst\u0103 de 43 de ani a ajuns \u00een stare grav\u0103 la spital dup\u0103 ce a fost lovit de un microbuz ieri sear\u0103, \u00een jurul orei 18:20, pe o strad\u0103 din ora\u0219ul S\u00eengera, municipiul Chi\u0219in\u0103u.<\/strong><\/p>\n<p>Potrivit Svetlanei Scripnic, ofi\u021ber de pres\u0103 al Poli\u021biei Capitalei, victima traversa neregulamentar strada atunci c\u00e2nd a fost lovit\u0103 de un microbuz Mercedes condus de un \u0219ofer de 68 de ani.<\/p>\n<p>\u00cen urma impactului, b\u0103rbatul a suferit multiple traumatisme \u0219i a fost transportat la spital \u00een stare grav\u0103, fiind internat \u00een Sec\u021bia de Reanimare. Autorit\u0103\u021bile cerceteaz\u0103 cazul pentru a stabili toate circumstan\u021bele producerii accidentului.<\/p>\n<\/div>\n","protected":false},"excerpt":{"rendered":"<div><img loading=\"lazy\" decoding=\"async\" width=\"696\" height=\"392\" src=\"https:\/\/canal5.md\/wp-content\/uploads\/2025\/02\/1a5c7cbf5fafb12eb58f2a3ff7bba97dd735ddc1288ed11b8216f008e1b33771-1024x576-optimized.jpg\" class=\"attachment-large size-large wp-post-image\" alt=\"\" srcset=\"https:\/\/canal5.md\/wp-content\/uploads\/2025\/02\/1a5c7cbf5fafb12eb58f2a3ff7bba97dd735ddc1288ed11b8216f008e1b33771-1024x576-optimized.jpg 1024w, https:\/\/canal5.md\/wp-content\/uploads\/2025\/02\/1a5c7cbf5fafb12eb58f2a3ff7bba97dd735ddc1288ed11b8216f008e1b33771-300x169-optimized.jpg 300w, https:\/\/canal5.md\/wp-content\/uploads\/2025\/02\/1a5c7cbf5fafb12eb58f2a3ff7bba97dd735ddc1288ed11b8216f008e1b33771-768x432-optimized.jpg 768w, https:\/\/canal5.md\/wp-content\/uploads\/2025\/02\/1a5c7cbf5fafb12eb58f2a3ff7bba97dd735ddc1288ed11b8216f008e1b33771-696x392-optimized.jpg 696w, https:\/\/canal5.md\/wp-content\/uploads\/2025\/02\/1a5c7cbf5fafb12eb58f2a3ff7bba97dd735ddc1288ed11b8216f008e1b33771-1068x601-optimized.jpg 1068w, https:\/\/canal5.md\/wp-content\/uploads\/2025\/02\/1a5c7cbf5fafb12eb58f2a3ff7bba97dd735ddc1288ed11b8216f008e1b33771-optimized.jpg 1200w\">Un b\u0103rbat \u00een v\u00e2rst\u0103 de 43 de ani a ajuns \u00een stare grav\u0103 la spital dup\u0103 ce a fost lovit de un microbuz ieri sear\u0103, \u00een jurul orei 18:20, pe o strad\u0103 din ora\u0219ul S\u00eengera, municipiul Chi\u0219in\u0103u. Potrivit Svetlanei Scripnic, ofi\u021ber de pres\u0103 al Poli\u021biei Capitalei, victima traversa neregulamentar strada atunci c\u00e2nd a fost lovit\u0103 [\u2026]<\/div>\n","protected":false},"author":1,"featured_media":67791,"comment_status":"closed","ping_status":"closed","sticky":false,"template":"","format":"standard","meta":{"jnews-multi-image_gallery":[],"jnews_single_post":[],"jnews_primary_category":[],"jnews_social_meta":[],"jnews_override_counter":[],"footnotes":""},"categories":[30],"tags":[],"class_list":["post-67790","post","type-post","status-publish","format-standard","has-post-thumbnail","hentry","category-social_ro"],"_links":{"self":[{"href":"https:\/\/orheifm.live\/index.php\/wp-json\/wp\/v2\/posts\/67790","targetHints":{"allow":["GET"]}}],"collection":[{"href":"https:\/\/orheifm.live\/index.php\/wp-json\/wp\/v2\/posts"}],"about":[{"href":"https:\/\/orheifm.live\/index.php\/wp-json\/wp\/v2\/types\/post"}],"author":[{"embeddable":true,"href":"https:\/\/orheifm.live\/index.php\/wp-json\/wp\/v2\/users\/1"}],"replies":[{"embeddable":true,"href":"https:\/\/orheifm.live\/index.php\/wp-json\/wp\/v2\/comments?post=67790"}],"version-history":[{"count":0,"href":"https:\/\/orheifm.live\/index.php\/wp-json\/wp\/v2\/posts\/67790\/revisions"}],"wp:featuredmedia":[{"embeddable":true,"href":"https:\/\/orheifm.live\/index.php\/wp-json\/wp\/v2\/media\/67791"}],"wp:attachment":[{"href":"https:\/\/orheifm.live\/index.php\/wp-json\/wp\/v2\/media?parent=67790"}],"wp:term":[{"taxonomy":"category","embeddable":true,"href":"https:\/\/orheifm.live\/index.php\/wp-json\/wp\/v2\/categories?post=67790"},{"taxonomy":"post_tag","embeddable":true,"href":"https:\/\/orheifm.live\/index.php\/wp-json\/wp\/v2\/tags?post=67790"}],"curies":[{"name":"wp","href":"https:\/\/api.w.org\/{rel}","templated":true}]}}