{"id":67788,"date":"2025-02-25T09:08:20","date_gmt":"2025-02-25T07:08:20","guid":{"rendered":"https:\/\/orheifm.live\/index.php\/2025\/02\/25\/astazi-ger-dimineata-dar-o-dupa-amiaza-mai-calda-ce-temperaturi-ne-asteapta\/"},"modified":"2025-02-25T09:08:20","modified_gmt":"2025-02-25T07:08:20","slug":"astazi-ger-dimineata-dar-o-dupa-amiaza-mai-calda-ce-temperaturi-ne-asteapta","status":"publish","type":"post","link":"https:\/\/orheifm.live\/index.php\/2025\/02\/25\/astazi-ger-dimineata-dar-o-dupa-amiaza-mai-calda-ce-temperaturi-ne-asteapta\/","title":{"rendered":"Ast\u0103zi, ger diminea\u021ba, dar o dup\u0103-amiaz\u0103 mai cald\u0103: Ce temperaturi ne a\u0219teapt\u0103"},"content":{"rendered":"<div>\n<p><strong>Ast\u0103zi, \u00een Moldova, vremea va fi stabil\u0103, f\u0103r\u0103 precipita\u021bii, iar cerul va fi majoritar senin. Temperaturile vor cre\u0219te u\u0219or pe parcursul zilei. <\/strong><\/p>\n<p>\u00cen Chi\u0219in\u0103u, diminea\u021ba devreme, valorile termice vor fi negative, ating\u00e2nd un minim de -8,7 grade Celsius la ora 07:00. Pe m\u0103sur\u0103 ce ziua progreseaz\u0103, temperatura va cre\u0219te treptat, ajung\u00e2nd la un maxim de 5,3 grade Celsius \u00een jurul orei 15:00. Nu se vor \u00eenregistra precipita\u021bii pe parcursul zilei. Soarele va r\u0103s\u0103ri la ora 06:51 \u0219i va apune la 17:43.<\/p>\n<p>M\u00e2ine, vremea va fi \u00een mare parte \u00eennorat\u0103, iar temperaturile vor varia \u00eentre -7,1 grade Celsius diminea\u021ba \u0219i 7,7 grade Celsius dup\u0103-amiaza, f\u0103r\u0103 a se a\u0219tepta precipita\u021bii.<\/p>\n<p>Poim\u00e2ine, vremea va r\u0103m\u00e2ne \u00een continuare predominant \u00eennorat\u0103, cu temperaturi \u00eentre -3,0 \u0219i 6,9 grade Celsius. \u0218ansele de precipita\u021bii vor fi inexistente.<\/p>\n<\/div>\n","protected":false},"excerpt":{"rendered":"<div><img loading=\"lazy\" decoding=\"async\" width=\"284\" height=\"177\" src=\"https:\/\/canal5.md\/wp-content\/uploads\/2025\/02\/images-5-1-optimized.jpg\" class=\"attachment-large size-large wp-post-image\" alt=\"\">Ast\u0103zi, \u00een Moldova, vremea va fi stabil\u0103, f\u0103r\u0103 precipita\u021bii, iar cerul va fi majoritar senin. Temperaturile vor cre\u0219te u\u0219or pe parcursul zilei. \u00cen Chi\u0219in\u0103u, diminea\u021ba devreme, valorile termice vor fi negative, ating\u00e2nd un minim de -8,7 grade Celsius la ora 07:00. Pe m\u0103sur\u0103 ce ziua progreseaz\u0103, temperatura va cre\u0219te treptat, ajung\u00e2nd la un maxim de [\u2026]<\/div>\n","protected":false},"author":1,"featured_media":67789,"comment_status":"closed","ping_status":"closed","sticky":false,"template":"","format":"standard","meta":{"jnews-multi-image_gallery":[],"jnews_single_post":[],"jnews_primary_category":[],"jnews_social_meta":[],"jnews_override_counter":[],"footnotes":""},"categories":[30],"tags":[],"class_list":["post-67788","post","type-post","status-publish","format-standard","has-post-thumbnail","hentry","category-social_ro"],"_links":{"self":[{"href":"https:\/\/orheifm.live\/index.php\/wp-json\/wp\/v2\/posts\/67788","targetHints":{"allow":["GET"]}}],"collection":[{"href":"https:\/\/orheifm.live\/index.php\/wp-json\/wp\/v2\/posts"}],"about":[{"href":"https:\/\/orheifm.live\/index.php\/wp-json\/wp\/v2\/types\/post"}],"author":[{"embeddable":true,"href":"https:\/\/orheifm.live\/index.php\/wp-json\/wp\/v2\/users\/1"}],"replies":[{"embeddable":true,"href":"https:\/\/orheifm.live\/index.php\/wp-json\/wp\/v2\/comments?post=67788"}],"version-history":[{"count":0,"href":"https:\/\/orheifm.live\/index.php\/wp-json\/wp\/v2\/posts\/67788\/revisions"}],"wp:featuredmedia":[{"embeddable":true,"href":"https:\/\/orheifm.live\/index.php\/wp-json\/wp\/v2\/media\/67789"}],"wp:attachment":[{"href":"https:\/\/orheifm.live\/index.php\/wp-json\/wp\/v2\/media?parent=67788"}],"wp:term":[{"taxonomy":"category","embeddable":true,"href":"https:\/\/orheifm.live\/index.php\/wp-json\/wp\/v2\/categories?post=67788"},{"taxonomy":"post_tag","embeddable":true,"href":"https:\/\/orheifm.live\/index.php\/wp-json\/wp\/v2\/tags?post=67788"}],"curies":[{"name":"wp","href":"https:\/\/api.w.org\/{rel}","templated":true}]}}