{"id":67786,"date":"2025-02-24T23:29:43","date_gmt":"2025-02-24T21:29:43","guid":{"rendered":"https:\/\/orheifm.live\/index.php\/2025\/02\/24\/trump-a-refuzat-sa-l-numeasca-dictator-pe-putin-dupa-ce-a-spus-o-despre-zelenski-nu-folosesc-aceste-cuvinte-cu-usurinta\/"},"modified":"2025-02-24T23:29:43","modified_gmt":"2025-02-24T21:29:43","slug":"trump-a-refuzat-sa-l-numeasca-dictator-pe-putin-dupa-ce-a-spus-o-despre-zelenski-nu-folosesc-aceste-cuvinte-cu-usurinta","status":"publish","type":"post","link":"https:\/\/orheifm.live\/index.php\/2025\/02\/24\/trump-a-refuzat-sa-l-numeasca-dictator-pe-putin-dupa-ce-a-spus-o-despre-zelenski-nu-folosesc-aceste-cuvinte-cu-usurinta\/","title":{"rendered":"Trump a refuzat s\u0103-l numeasc\u0103 \u201edictator\u201d pe Putin, dup\u0103 ce a spus-o despre Zelenski: \u201eNu folosesc aceste cuvinte cu u\u0219urin\u021b\u0103\u201d"},"content":{"rendered":"<div>\n<p><strong>Donald Trump a refuzat luni s\u0103-l numeasc\u0103 \u201edictator\u201d pe pre\u0219edintele rus Vladimir Putin, \u00een urma unei \u00eentreb\u0103ri din partea presei, \u00een timpul \u00eent\u00e2lnirii cu liderul francez Emmanuel Macron, pe care l-a primit la Casa Alb\u0103. Pre\u0219edintele american a folosit termenul \u201edictator\u201d la adresa lui Volodimir Zelenski, \u00een urm\u0103 cu cinci zile.<\/strong><\/p>\n<p>\u00cen timpul \u00eent\u00e2lnirii oficiale cu Emmanuel Macron, \u00een Biroul Oval de la Casa Alb\u0103, liderul american a r\u0103spuns unor \u00eentreb\u0103ri ale presei prezente la momentele publice ale \u00eentrevederii dintre cei doi \u0219efi de stat. Trump a fost \u00eentrebat dac\u0103 \u00eel va caracteriza pe pre\u0219edintele rus Vladimir Putin drept \u201edictator\u201d, dup\u0103 ce anterior a folosit acest cuv\u00e2nt pentru a-l descrie pe ucraineanul Volodimir Zelenski.<\/p>\n<p>\u201eNu folosesc aceste cuvinte cu u\u0219urin\u021b\u0103, vom vedea cum va decurge totul\u201d, a r\u0103spuns Donald Trump. Liderul american a ad\u0103ugat c\u0103 exist\u0103 \u201e\u0219ansa unei \u00een\u021belegeri foarte bune\u201d \u00eentre Ucraina \u0219i Rusia. Un r\u0103zboi nerezolvat \u00eentre cele dou\u0103 \u021b\u0103ri \u201ear putea duce la al treilea r\u0103zboi mondial\u201d, a mai spus Donald trump, potrivit BBC.<\/p>\n<p><strong>Zelenski, numit \u201edictator\u201d<\/strong><\/p>\n<p>Miercuri, 19 februarie, Trump l-a atacat direct pe pre\u0219edintele ucrainean Volodimir Zelenski, numindu-l \u201eun comediant modest\u201d \u0219i \u201eun dictator\u201d, cu referire direct\u0103 la retorica folosit\u0103 de Putin \u0219i de propaganda rus\u0103, potrivit c\u0103reia mandatul lui Zelenski a expirat anul trecut. \u00cen Ucraina este \u00een vigoare legea mar\u021bial\u0103, de la invazia rus\u0103 din februarie 2022, iar acest lucru \u00eempiedic\u0103 organizarea alegerilor pentru parlament \u0219i pre\u0219edinte.<\/p>\n<p>\u201eG\u00e2ndi\u021bi-v\u0103 la asta: un comediant modest, Volodimir Zelenski, a reu\u0219it s\u0103 p\u0103c\u0103leasc\u0103 America s\u0103 cheltuie 350 de miliarde de dolari pentru a se implica \u00eentr-un r\u0103zboi pe care nu avea cum s\u0103-l c\u00e2\u0219tige, care nu avea de ce s\u0103 fie declan\u0219at, dar un r\u0103zboi pe care el nu avea cum s\u0103-l continue f\u0103r\u0103 SUA \u0219i f\u0103r\u0103 Trump. Statele Unite au cheltuit cu 200 de miliarde mai mult dec\u00e2t Europa, dar \u00een timp ce banii Europei sunt garanta\u021bi, America nu va primi nimic \u00eenapoi\u201d, a spus Trump \u00eentr-o postare publicat\u0103 pe re\u021belele sociale.<\/p>\n<p>Trump l-a f\u0103cut apoi direct \u201edictator\u201d pe Zelenski, deoarece pre\u0219edintele ucrainean nu a fost \u201evotat\u201d.<\/p>\n<p>\u201eAvem un mare \u0219i frumos ocean care ne separ\u0103. Pe deasupra, Zelenski recunoa\u0219te c\u0103 o parte din banii pe care i-am trimis sunt da\u021bi disp\u0103ru\u021bi. Refuz\u0103 s\u0103 organizeze alegeri, st\u0103 prost \u00een sondaje, singurul lucru la care s-a priceput a fost s\u0103-l p\u0103c\u0103leasc\u0103 pe Biden. Un dictator f\u0103r\u0103 alegeri, Zelenski ar trebui s\u0103 se mi\u0219te repede, altfel r\u0103m\u00e2ne f\u0103r\u0103 \u021bar\u0103\u201d, a spus Donald Trump \u00cen aceea\u0219i zi, Volodimir Zelenski a spus c\u0103 Donald Trump \u201etr\u0103ie\u0219te \u00een spa\u021biul dezinform\u0103rii\u201d, \u00een care discordia este sem\u0103nat\u0103 de Rusia.<\/p>\n<p>\u201eAvem o situa\u0163ie \u00een care nu am avut alegeri \u00een Ucraina, \u00een care avem legea mar\u0163ial\u0103 \u00een Ucraina, \u00een care liderul din Ucraina \u2013 adic\u0103 ur\u0103sc s\u0103 o spun, dar a sc\u0103zut la 4% rata sa de aprobare \u2013 \u015fi \u0163ara a fost f\u0103cut\u0103 praf\u201d, a declarat Trump. Liderul ucrainean a spus c\u0103 \u201enu comenteaz\u0103 niciodat\u0103 ratingurile de popularitate, \u00een special ale mele sau ale altor lideri\u201d, dar subliniaz\u0103 c\u0103 ultimul sondaj arat\u0103 c\u0103 58% dintre ucraineni au \u00eencredere \u00een el.<\/p>\n<p>\u201eA\u0219adar, dac\u0103 cineva vrea s\u0103 m\u0103 \u00eenlocuiasc\u0103 chiar acum, nu va func\u021biona\u201d, a spus Zelenski. De asemenea, el a atras aten\u021bia asupra dezinform\u0103rilor ruse, deoarece spune c\u0103 aceste cifre \u201epar s\u0103 fie \u00eemp\u0103rt\u0103\u0219ite cu SUA\u201d. \u201eDin p\u0103cate, pre\u0219edintele Trump, cu tot respectul pentru el ca lider al unei na\u021biuni pe care o respect\u0103m foarte mult \u2026 tr\u0103ie\u0219te \u00een acest spa\u021biu al dezinform\u0103rii\u201d, a spus Zelenski.<\/p>\n<p><a href=\"https:\/\/www.digi24.ro\/stiri\/externe\/sua\/trump-a-refuzat-sa-l-numeasca-dictator-pe-putin-desi-a-spus-o-despre-zelenski-nu-folosesc-aceste-cuvinte-cu-usurinta-3133675\"><strong>digi24.ro<\/strong><\/a><\/p>\n<\/div>\n","protected":false},"excerpt":{"rendered":"<div><img loading=\"lazy\" decoding=\"async\" width=\"696\" height=\"393\" src=\"https:\/\/canal5.md\/wp-content\/uploads\/2025\/02\/jmhhc2g9nzexodi5njc1mjnmy2vhzmriota2nzhhztcxnzllnme.thumb_-optimized.jpg\" class=\"attachment-large size-large wp-post-image\" alt=\"\" srcset=\"https:\/\/canal5.md\/wp-content\/uploads\/2025\/02\/jmhhc2g9nzexodi5njc1mjnmy2vhzmriota2nzhhztcxnzllnme.thumb_-optimized.jpg 780w, https:\/\/canal5.md\/wp-content\/uploads\/2025\/02\/jmhhc2g9nzexodi5njc1mjnmy2vhzmriota2nzhhztcxnzllnme.thumb_-300x169-optimized.jpg 300w, https:\/\/canal5.md\/wp-content\/uploads\/2025\/02\/jmhhc2g9nzexodi5njc1mjnmy2vhzmriota2nzhhztcxnzllnme.thumb_-768x433-optimized.jpg 768w, https:\/\/canal5.md\/wp-content\/uploads\/2025\/02\/jmhhc2g9nzexodi5njc1mjnmy2vhzmriota2nzhhztcxnzllnme.thumb_-696x393-optimized.jpg 696w\">Donald Trump a refuzat luni s\u0103-l numeasc\u0103 \u201edictator\u201d pe pre\u0219edintele rus Vladimir Putin, \u00een urma unei \u00eentreb\u0103ri din partea presei, \u00een timpul \u00eent\u00e2lnirii cu liderul francez Emmanuel Macron, pe care l-a primit la Casa Alb\u0103. Pre\u0219edintele american a folosit termenul \u201edictator\u201d la adresa lui Volodimir Zelenski, \u00een urm\u0103 cu cinci zile. \u00cen timpul \u00eent\u00e2lnirii oficiale [\u2026]<\/div>\n","protected":false},"author":1,"featured_media":67787,"comment_status":"closed","ping_status":"closed","sticky":false,"template":"","format":"standard","meta":{"jnews-multi-image_gallery":[],"jnews_single_post":[],"jnews_primary_category":[],"jnews_social_meta":[],"jnews_override_counter":[],"footnotes":""},"categories":[29],"tags":[],"class_list":["post-67786","post","type-post","status-publish","format-standard","has-post-thumbnail","hentry","category-externe_ro"],"_links":{"self":[{"href":"https:\/\/orheifm.live\/index.php\/wp-json\/wp\/v2\/posts\/67786","targetHints":{"allow":["GET"]}}],"collection":[{"href":"https:\/\/orheifm.live\/index.php\/wp-json\/wp\/v2\/posts"}],"about":[{"href":"https:\/\/orheifm.live\/index.php\/wp-json\/wp\/v2\/types\/post"}],"author":[{"embeddable":true,"href":"https:\/\/orheifm.live\/index.php\/wp-json\/wp\/v2\/users\/1"}],"replies":[{"embeddable":true,"href":"https:\/\/orheifm.live\/index.php\/wp-json\/wp\/v2\/comments?post=67786"}],"version-history":[{"count":0,"href":"https:\/\/orheifm.live\/index.php\/wp-json\/wp\/v2\/posts\/67786\/revisions"}],"wp:featuredmedia":[{"embeddable":true,"href":"https:\/\/orheifm.live\/index.php\/wp-json\/wp\/v2\/media\/67787"}],"wp:attachment":[{"href":"https:\/\/orheifm.live\/index.php\/wp-json\/wp\/v2\/media?parent=67786"}],"wp:term":[{"taxonomy":"category","embeddable":true,"href":"https:\/\/orheifm.live\/index.php\/wp-json\/wp\/v2\/categories?post=67786"},{"taxonomy":"post_tag","embeddable":true,"href":"https:\/\/orheifm.live\/index.php\/wp-json\/wp\/v2\/tags?post=67786"}],"curies":[{"name":"wp","href":"https:\/\/api.w.org\/{rel}","templated":true}]}}