{"id":67784,"date":"2025-02-24T22:04:55","date_gmt":"2025-02-24T20:04:55","guid":{"rendered":"https:\/\/orheifm.live\/index.php\/2025\/02\/24\/trump-anunta-o-intalnire-cu-zelenski-pentru-a-semna-acordul-privind-mineralele-razboiul-s-ar-putea-incheia-in-cateva-saptamani\/"},"modified":"2025-02-24T22:04:55","modified_gmt":"2025-02-24T20:04:55","slug":"trump-anunta-o-intalnire-cu-zelenski-pentru-a-semna-acordul-privind-mineralele-razboiul-s-ar-putea-incheia-in-cateva-saptamani","status":"publish","type":"post","link":"https:\/\/orheifm.live\/index.php\/2025\/02\/24\/trump-anunta-o-intalnire-cu-zelenski-pentru-a-semna-acordul-privind-mineralele-razboiul-s-ar-putea-incheia-in-cateva-saptamani\/","title":{"rendered":"Trump anun\u021b\u0103 o \u00eent\u00e2lnire cu Zelenski pentru a semna acordul privind mineralele: R\u0103zboiul s-ar putea \u00eencheia \u201e\u00een c\u00e2teva s\u0103pt\u0103m\u00e2ni\u201d"},"content":{"rendered":"<div>\n<p><strong>Pre\u0219edintele american Donald Trump a anun\u021bat c\u0103 urmeaz\u0103 s\u0103 se \u00eent\u00e2lneasc\u0103 cu omologul s\u0103u ucrainean, Volodimir Zelenski, \u201e<i>s\u0103pt\u0103m\u00e2na aceasta sau s\u0103pt\u0103m\u00e2na viitoare<\/i>\u201d pentru a semna un acord privind mineralele.<\/strong><\/p>\n<p>Declara\u021bia a fost f\u0103cut\u0103 \u00een cadrul unei conferin\u021be de pres\u0103 comune\u00a0cu pre\u0219edintele francez Emmanuel Macron.\u00a0Trump a afirmat c\u0103 acordul este \u201e<i>foarte aproape<\/i>\u201d, f\u0103r\u0103 a oferi detalii suplimentare despre con\u021binutul \u00een\u021belegerii.<\/p>\n<p>\u00cen ceea ce prive\u0219te situa\u021bia din Ucraina, liderul de la Casa Alb\u0103 a declarat c\u0103 nu vede \u201e<i>nicio problem\u0103<\/i>\u201d \u00een trimiterea de trupe europene \u00een zon\u0103, preciz\u00e2nd c\u0103 acestea ar avea rolul de \u201e<i>artizani ai p\u0103cii<\/i>\u201d.<\/p>\n<p>Trump s-a ar\u0103tat optimist \u0219i \u00een privin\u021ba unei solu\u021bion\u0103ri rapide a conflictului, afirm\u00e2nd c\u0103 r\u0103zboiul s-ar putea \u00eencheia \u201e<i>\u00een c\u00e2teva s\u0103pt\u0103m\u00e2ni<\/i>\u201d. \u00centrebat dac\u0103 acest lucru ar presupune ca Ucraina s\u0103 cedeze teritorii, pre\u0219edintele american a evitat un r\u0103spuns clar: \u201e<i>Vom vedea<\/i>\u201d.<\/p>\n<p>Pe l\u00e2ng\u0103 subiectul Ucrainei, Trump a vorbit \u0219i despre rela\u021biile cu Italia, l\u0103ud\u00e2nd-o pe premierul Giorgia Meloni. \u201e<i>Este o mare conduc\u0103toare. Italia este un aliat foarte important al Statelor Unite<\/i>\u201d, a subliniat el.<\/p>\n<p><a href=\"https:\/\/adevarul.ro\/stiri-externe\/trump-anunta-o-intalnire-cu-zelenski-pentru-a-2424352.html#google_vignette\">adevarul.ro<\/a><\/p>\n<\/div>\n","protected":false},"excerpt":{"rendered":"<div><img loading=\"lazy\" decoding=\"async\" width=\"696\" height=\"392\" src=\"https:\/\/canal5.md\/wp-content\/uploads\/2025\/02\/index-1-optimized.webp\" class=\"attachment-large size-large wp-post-image\" alt=\"\" srcset=\"https:\/\/canal5.md\/wp-content\/uploads\/2025\/02\/index-1-optimized.webp 1000w, https:\/\/canal5.md\/wp-content\/uploads\/2025\/02\/index-1-300x169-optimized.webp 300w, https:\/\/canal5.md\/wp-content\/uploads\/2025\/02\/index-1-768x432-optimized.webp 768w, https:\/\/canal5.md\/wp-content\/uploads\/2025\/02\/index-1-696x392-optimized.webp 696w\">Pre\u0219edintele american Donald Trump a anun\u021bat c\u0103 urmeaz\u0103 s\u0103 se \u00eent\u00e2lneasc\u0103 cu omologul s\u0103u ucrainean, Volodimir Zelenski, \u201es\u0103pt\u0103m\u00e2na aceasta sau s\u0103pt\u0103m\u00e2na viitoare\u201d pentru a semna un acord privind mineralele. Declara\u021bia a fost f\u0103cut\u0103 \u00een cadrul unei conferin\u021be de pres\u0103 comune\u00a0cu pre\u0219edintele francez Emmanuel Macron.\u00a0Trump a afirmat c\u0103 acordul este \u201efoarte aproape\u201d, f\u0103r\u0103 a oferi detalii [\u2026]<\/div>\n","protected":false},"author":1,"featured_media":67785,"comment_status":"closed","ping_status":"closed","sticky":false,"template":"","format":"standard","meta":{"jnews-multi-image_gallery":[],"jnews_single_post":[],"jnews_primary_category":[],"jnews_social_meta":[],"jnews_override_counter":[],"footnotes":""},"categories":[29],"tags":[],"class_list":["post-67784","post","type-post","status-publish","format-standard","has-post-thumbnail","hentry","category-externe_ro"],"_links":{"self":[{"href":"https:\/\/orheifm.live\/index.php\/wp-json\/wp\/v2\/posts\/67784","targetHints":{"allow":["GET"]}}],"collection":[{"href":"https:\/\/orheifm.live\/index.php\/wp-json\/wp\/v2\/posts"}],"about":[{"href":"https:\/\/orheifm.live\/index.php\/wp-json\/wp\/v2\/types\/post"}],"author":[{"embeddable":true,"href":"https:\/\/orheifm.live\/index.php\/wp-json\/wp\/v2\/users\/1"}],"replies":[{"embeddable":true,"href":"https:\/\/orheifm.live\/index.php\/wp-json\/wp\/v2\/comments?post=67784"}],"version-history":[{"count":0,"href":"https:\/\/orheifm.live\/index.php\/wp-json\/wp\/v2\/posts\/67784\/revisions"}],"wp:featuredmedia":[{"embeddable":true,"href":"https:\/\/orheifm.live\/index.php\/wp-json\/wp\/v2\/media\/67785"}],"wp:attachment":[{"href":"https:\/\/orheifm.live\/index.php\/wp-json\/wp\/v2\/media?parent=67784"}],"wp:term":[{"taxonomy":"category","embeddable":true,"href":"https:\/\/orheifm.live\/index.php\/wp-json\/wp\/v2\/categories?post=67784"},{"taxonomy":"post_tag","embeddable":true,"href":"https:\/\/orheifm.live\/index.php\/wp-json\/wp\/v2\/tags?post=67784"}],"curies":[{"name":"wp","href":"https:\/\/api.w.org\/{rel}","templated":true}]}}