{"id":67740,"date":"2025-02-24T16:40:26","date_gmt":"2025-02-24T14:40:26","guid":{"rendered":"https:\/\/orheifm.live\/index.php\/2025\/02\/24\/costumul-lui-anastasia-nichita-de-la-paris-2024-vandut-pentru-3-600-de-euro-la-licitatia-gala-binelui\/"},"modified":"2025-02-24T16:40:26","modified_gmt":"2025-02-24T14:40:26","slug":"costumul-lui-anastasia-nichita-de-la-paris-2024-vandut-pentru-3-600-de-euro-la-licitatia-gala-binelui","status":"publish","type":"post","link":"https:\/\/orheifm.live\/index.php\/2025\/02\/24\/costumul-lui-anastasia-nichita-de-la-paris-2024-vandut-pentru-3-600-de-euro-la-licitatia-gala-binelui\/","title":{"rendered":"Costumul lui Anastasia Nichita de la Paris 2024, v\u00e2ndut pentru 3.600 de euro la licita\u021bia Gala Binelui"},"content":{"rendered":"<div>\n<p><strong>Lupt\u0103toarea moldoveanc\u0103 Anastasia Nichita a f\u0103cut un gest remarcabil, don\u00e2nd costumul cu care a participat la Jocurile Olimpice de la Paris 2024 \u00een scopuri caritabile. <\/strong><\/p>\n<p>Evenimentul a avut loc \u00een cadrul licita\u021biei \u201eGala Binelui\u201d, organizat\u0103 pentru a str\u00e2nge fonduri \u00een sprijinul unor proiecte sociale \u0219i educa\u021bionale importante.<\/p>\n<p>Costumul s\u0103u a fost v\u00e2ndut pentru 3.600 de euro, sum\u0103 care va fi folosit\u0103 pentru renovarea \u201eInstitutului mamei \u0219i a copilului\u201d. Mesajul s\u0103u de solidaritate a fost apreciat de to\u021bi cei prezen\u021bi la licita\u021bie.<\/p>\n<\/div>\n","protected":false},"excerpt":{"rendered":"<div><img loading=\"lazy\" decoding=\"async\" width=\"696\" height=\"392\" src=\"https:\/\/canal5.md\/wp-content\/uploads\/2025\/02\/4ba839b09f420de8a1600ec1a86fcf4f-optimized.jpg\" class=\"attachment-large size-large wp-post-image\" alt=\"\" srcset=\"https:\/\/canal5.md\/wp-content\/uploads\/2025\/02\/4ba839b09f420de8a1600ec1a86fcf4f-optimized.jpg 809w, https:\/\/canal5.md\/wp-content\/uploads\/2025\/02\/4ba839b09f420de8a1600ec1a86fcf4f-300x169-optimized.jpg 300w, https:\/\/canal5.md\/wp-content\/uploads\/2025\/02\/4ba839b09f420de8a1600ec1a86fcf4f-768x433-optimized.jpg 768w, https:\/\/canal5.md\/wp-content\/uploads\/2025\/02\/4ba839b09f420de8a1600ec1a86fcf4f-696x392-optimized.jpg 696w\">Lupt\u0103toarea moldoveanc\u0103 Anastasia Nichita a f\u0103cut un gest remarcabil, don\u00e2nd costumul cu care a participat la Jocurile Olimpice de la Paris 2024 \u00een scopuri caritabile. Evenimentul a avut loc \u00een cadrul licita\u021biei \u201eGala Binelui\u201d, organizat\u0103 pentru a str\u00e2nge fonduri \u00een sprijinul unor proiecte sociale \u0219i educa\u021bionale importante. Costumul s\u0103u a fost v\u00e2ndut pentru 3.600 de [\u2026]<\/div>\n","protected":false},"author":1,"featured_media":67741,"comment_status":"closed","ping_status":"closed","sticky":false,"template":"","format":"standard","meta":{"jnews-multi-image_gallery":[],"jnews_single_post":[],"jnews_primary_category":[],"jnews_social_meta":[],"jnews_override_counter":[],"footnotes":""},"categories":[30],"tags":[],"class_list":["post-67740","post","type-post","status-publish","format-standard","has-post-thumbnail","hentry","category-social_ro"],"_links":{"self":[{"href":"https:\/\/orheifm.live\/index.php\/wp-json\/wp\/v2\/posts\/67740","targetHints":{"allow":["GET"]}}],"collection":[{"href":"https:\/\/orheifm.live\/index.php\/wp-json\/wp\/v2\/posts"}],"about":[{"href":"https:\/\/orheifm.live\/index.php\/wp-json\/wp\/v2\/types\/post"}],"author":[{"embeddable":true,"href":"https:\/\/orheifm.live\/index.php\/wp-json\/wp\/v2\/users\/1"}],"replies":[{"embeddable":true,"href":"https:\/\/orheifm.live\/index.php\/wp-json\/wp\/v2\/comments?post=67740"}],"version-history":[{"count":0,"href":"https:\/\/orheifm.live\/index.php\/wp-json\/wp\/v2\/posts\/67740\/revisions"}],"wp:featuredmedia":[{"embeddable":true,"href":"https:\/\/orheifm.live\/index.php\/wp-json\/wp\/v2\/media\/67741"}],"wp:attachment":[{"href":"https:\/\/orheifm.live\/index.php\/wp-json\/wp\/v2\/media?parent=67740"}],"wp:term":[{"taxonomy":"category","embeddable":true,"href":"https:\/\/orheifm.live\/index.php\/wp-json\/wp\/v2\/categories?post=67740"},{"taxonomy":"post_tag","embeddable":true,"href":"https:\/\/orheifm.live\/index.php\/wp-json\/wp\/v2\/tags?post=67740"}],"curies":[{"name":"wp","href":"https:\/\/api.w.org\/{rel}","templated":true}]}}