{"id":67736,"date":"2025-02-24T16:00:32","date_gmt":"2025-02-24T14:00:32","guid":{"rendered":"https:\/\/orheifm.live\/index.php\/2025\/02\/24\/barbat-din-briceni-condamnat-pentru-transport-ilegal-de-migranti-din-ucraina\/"},"modified":"2025-02-24T16:00:32","modified_gmt":"2025-02-24T14:00:32","slug":"barbat-din-briceni-condamnat-pentru-transport-ilegal-de-migranti-din-ucraina","status":"publish","type":"post","link":"https:\/\/orheifm.live\/index.php\/2025\/02\/24\/barbat-din-briceni-condamnat-pentru-transport-ilegal-de-migranti-din-ucraina\/","title":{"rendered":"B\u0103rbat din Briceni condamnat pentru transport ilegal de migran\u021bi din Ucraina"},"content":{"rendered":"<div>\n<p><strong>Procuratura pentru Combaterea Criminalit\u0103\u021bii Organizate \u0219i Cauze Speciale, oficiul Nord, a anun\u021bat condamnarea unui b\u0103rbat din Briceni pentru transportarea ilegal\u0103 a \u0219apte b\u0103rba\u021bi ap\u021bi de lupt\u0103 din Ucraina \u00een Moldova, \u00een 2023. Ini\u021bial, cercet\u0103rile au fost demarate de Poli\u021bia de Frontier\u0103, dar ulterior cauza a fost preluat\u0103 de procurorii oficiului Nord al PCCOCS, \u00een urma unui control ierarhic efectuat de Procurorul General.<\/strong><\/p>\n<p>Conform procurorilor, \u00een momentul comiterii infrac\u021biunii, inculpatul, \u00een v\u00e2rst\u0103 de 42 de ani, era angajat al Poli\u021biei de Frontier\u0103 \u0219i a fost implicat \u00een aceast\u0103 schem\u0103 infrac\u021bional\u0103, continu\u00e2ndu-se ancheta pentru a identifica al\u021bi membri ai grupului. Rolul acestuia era de a prelua migran\u021bii la grani\u021ba Moldovei, \u00een regiunea Briceni, \u0219i de a-i transporta \u00een raionul Edine\u021b, unde \u00eei caza \u00eentr-un hotel. Ulterior, ace\u0219tia erau transporta\u021bi c\u0103tre B\u0103l\u021bi, cu scopul final de a ajunge la grani\u021ba cu Rom\u00e2nia \u0219i a p\u0103trunde \u00een Uniunea European\u0103.<\/p>\n<p>\u00cen urma unui control la frontier\u0103, procurorii au descoperit c\u0103 \u00een pa\u0219apoartele cet\u0103\u021benilor ucraineni lipseau \u0219tampilele de intrare \u00een Moldova, iar ulterior au identificat persoana responsabil\u0103 de organizarea transportului ilegal.<\/p>\n<p>B\u0103rbatul \u0219i-a recunoscut fapta, iar Judec\u0103toria B\u0103l\u021bi l-a condamnat la o amend\u0103 de 45.000 lei \u0219i confiscarea sumei de 25.000 de dolari (peste 460.000 lei), pl\u0103tit\u0103 de migran\u021bi pentru transportul ilegal. De asemenea, instan\u021ba a dispus confiscarea automobilului folosit pentru transportul ilegal \u0219i interzicerea acestuia de a desf\u0103\u0219ura activit\u0103\u021bi \u00een domeniul organiz\u0103rii intr\u0103rii, \u0219ederii \u0219i tranzit\u0103rii cet\u0103\u021benilor str\u0103ini din Moldova timp de patru ani.<\/p>\n<\/div>\n","protected":false},"excerpt":{"rendered":"<div><img loading=\"lazy\" decoding=\"async\" width=\"696\" height=\"458\" src=\"https:\/\/canal5.md\/wp-content\/uploads\/2025\/02\/799664-optimized.webp\" class=\"attachment-large size-large wp-post-image\" alt=\"\" srcset=\"https:\/\/canal5.md\/wp-content\/uploads\/2025\/02\/799664-optimized.webp 760w, https:\/\/canal5.md\/wp-content\/uploads\/2025\/02\/799664-300x197-optimized.webp 300w, https:\/\/canal5.md\/wp-content\/uploads\/2025\/02\/799664-696x458-optimized.webp 696w\">Procuratura pentru Combaterea Criminalit\u0103\u021bii Organizate \u0219i Cauze Speciale, oficiul Nord, a anun\u021bat condamnarea unui b\u0103rbat din Briceni pentru transportarea ilegal\u0103 a \u0219apte b\u0103rba\u021bi ap\u021bi de lupt\u0103 din Ucraina \u00een Moldova, \u00een 2023. Ini\u021bial, cercet\u0103rile au fost demarate de Poli\u021bia de Frontier\u0103, dar ulterior cauza a fost preluat\u0103 de procurorii oficiului Nord al PCCOCS, \u00een urma [\u2026]<\/div>\n","protected":false},"author":1,"featured_media":67737,"comment_status":"closed","ping_status":"closed","sticky":false,"template":"","format":"standard","meta":{"jnews-multi-image_gallery":[],"jnews_single_post":[],"jnews_primary_category":[],"jnews_social_meta":[],"jnews_override_counter":[],"footnotes":""},"categories":[30],"tags":[],"class_list":["post-67736","post","type-post","status-publish","format-standard","has-post-thumbnail","hentry","category-social_ro"],"_links":{"self":[{"href":"https:\/\/orheifm.live\/index.php\/wp-json\/wp\/v2\/posts\/67736","targetHints":{"allow":["GET"]}}],"collection":[{"href":"https:\/\/orheifm.live\/index.php\/wp-json\/wp\/v2\/posts"}],"about":[{"href":"https:\/\/orheifm.live\/index.php\/wp-json\/wp\/v2\/types\/post"}],"author":[{"embeddable":true,"href":"https:\/\/orheifm.live\/index.php\/wp-json\/wp\/v2\/users\/1"}],"replies":[{"embeddable":true,"href":"https:\/\/orheifm.live\/index.php\/wp-json\/wp\/v2\/comments?post=67736"}],"version-history":[{"count":0,"href":"https:\/\/orheifm.live\/index.php\/wp-json\/wp\/v2\/posts\/67736\/revisions"}],"wp:featuredmedia":[{"embeddable":true,"href":"https:\/\/orheifm.live\/index.php\/wp-json\/wp\/v2\/media\/67737"}],"wp:attachment":[{"href":"https:\/\/orheifm.live\/index.php\/wp-json\/wp\/v2\/media?parent=67736"}],"wp:term":[{"taxonomy":"category","embeddable":true,"href":"https:\/\/orheifm.live\/index.php\/wp-json\/wp\/v2\/categories?post=67736"},{"taxonomy":"post_tag","embeddable":true,"href":"https:\/\/orheifm.live\/index.php\/wp-json\/wp\/v2\/tags?post=67736"}],"curies":[{"name":"wp","href":"https:\/\/api.w.org\/{rel}","templated":true}]}}