{"id":67734,"date":"2025-02-24T15:51:44","date_gmt":"2025-02-24T13:51:44","guid":{"rendered":"https:\/\/orheifm.live\/index.php\/2025\/02\/24\/ministra-justitiei-sustine-ca-ramona-strugariu-poate-ocupa-functia-de-director-al-inj-fara-cetatenie-moldoveneasca\/"},"modified":"2025-02-24T15:51:44","modified_gmt":"2025-02-24T13:51:44","slug":"ministra-justitiei-sustine-ca-ramona-strugariu-poate-ocupa-functia-de-director-al-inj-fara-cetatenie-moldoveneasca","status":"publish","type":"post","link":"https:\/\/orheifm.live\/index.php\/2025\/02\/24\/ministra-justitiei-sustine-ca-ramona-strugariu-poate-ocupa-functia-de-director-al-inj-fara-cetatenie-moldoveneasca\/","title":{"rendered":"Ministra Justi\u021biei sus\u021bine c\u0103 Ramona Strugariu poate ocupa func\u021bia de director al INJ f\u0103r\u0103 cet\u0103\u021benie moldoveneasc\u0103"},"content":{"rendered":"<div>\n<p><strong>Ministra Justi\u021biei, Veronica Mihailov-Moraru confirm\u0103 c\u0103 rom\u00e2nca Ramona Strugariu, care a fost numit\u0103 la \u0219efia Institutului Na\u021bional al Justi\u021biei, nu are cet\u0103\u021benia Republicii Moldova. Totu\u0219i, \u0430ceasta sus\u021bine \u2013 aten\u021bie! \u2013 c\u0103 \u201elegea institu\u021biei nu prevede obligativitatea de\u021binerii cet\u0103\u021beniei\u201d \u0219i c\u0103 nu \u201dexist\u0103 vreo interdic\u021bie legal\u0103, nici conform Constitu\u021biei\u201d. Declara\u021bia a fost f\u0103cut\u0103 de c\u0103tre ministra Justi\u021biei \u00een cadrul emisiunii \u201e7 Zile\u201d de la Cinema 1. De cealalt\u0103 parte, potrivit Constitu\u021biei art 39 aliniatul 2, despre care vorbe\u0219te Moraru, nu spune nimic despre cet\u0103\u021benii str\u0103ini a\u0219a cum afirm\u0103 ea.<\/strong><br \/>\n<iframe loading=\"lazy\" title=\"YouTube video player\" src=\"https:\/\/www.youtube.com\/embed\/2KqiqoSc44Y?si=r2DTOK4bDImnk1q1\" width=\"560\" height=\"315\" frameborder=\"0\" allowfullscreen=\"allowfullscreen\"><\/iframe><\/p>\n<p>Ministra Justi\u021biei, Veronica Mihailov-Moraru confirm\u0103 c\u0103 fostul eurodeputat rom\u00e2n Ramona Strugariu, aleas\u0103 recent directoare a Institutului Na\u021bional al Justi\u021biei de la Chi\u0219in\u0103u, nu are cet\u0103\u021benie moldoveneasc\u0103. Mai mult, \u00een cadrul emisiunii \u201e7 Zile\u201d de la Cinema 1, aceasta a men\u021bionat c\u0103 dup\u0103 p\u0103rerea ei nici nu trebuie s\u0103 de\u021bin\u0103, f\u0103c\u00e2nd referire la un articol din Constitu\u021bie.<\/p>\n<p>VERONICA MIHAILOV-MORARU, ministra Justi\u021biei<\/p>\n<p>57.00 Din c\u00e2te cunosc eu, doamna respectiv\u0103 nu are cet\u0103\u021benie, dar vreau s\u0103 precizez c\u0103 nici legea cu privire la Institutul Na\u021bional al Justi\u021biei, nici prevederile din Constitu\u021bie, care au ap\u0103rut \u00een spa\u021biul public, cu referire la eventuala interdic\u021bie, art.39 dac\u0103 ne referim, deci legea INJ nu prevede obligativitatea de\u021binerii cet\u0103\u021beniei.<\/p>\n<p>Respectiv, doamna avea dreptul s\u0103 candideze la func\u021bia respectiv\u0103.<\/p>\n<p>Cu prevederile Constitu\u021biei care au ap\u0103rut \u00een spa\u021biul public, c\u0103 ar interzice ocuparea func\u021biilor publice a autorit\u0103\u021bilor publice de c\u0103tre cet\u0103\u021beni, de fapt art.39 difer\u0103, trebuie s\u0103 fie \u00een\u021beles corect, \u0219i spune c\u0103 \u201ecet\u0103\u021benii Republicii Moldova au dreptul s\u0103 accead\u0103 la func\u021biile respective \u0219i alineatul 2 este c\u0103 \u201etuturor cet\u0103\u021benilor li se asigur\u0103 accesul pentru a aplica la diferite func\u021bii. Tot mai devreme, Constitu\u021bia spune c\u0103 \u0219i cet\u0103\u021benii R. Moldova \u0219i cei str\u0103ini au drepturi respective pe teritoriu.<\/p>\n<p>\u00cens\u0103, potrivit Constitu\u021biei, \u00een articolul 39, aliniatul 2, la care face referire ministra Justi\u021biei, nu se spune nimic despre cet\u0103\u021benii str\u0103ini a\u0219a cum invoc\u0103 ea. Acest aliniat prevede c\u0103\u00a0 \u201dcet\u0103\u0163enii Republicii Moldova, nu \u0219i apatrizii, au dreptul de a participa la administrarea treburilor publice nemijlocit, precum \u0219i prin reprezentan\u0163ii lor. Preciz\u0103rile care se impun \u00een acest context vizeaz\u0103: condi\u0163ia de a fi cet\u0103\u0163ean al Republicii Moldova, definirea treburilor publice, participarea nemijlocit\u0103 la administrare, dar \u0219i participarea la administrare prin reprezentan\u0163i\u201d.<\/p>\n<p>Mai mult ca at\u00e2t, \u00een alineatul 13, care prevede \u00eencadrarea \u00een serviciul public \u0219i exercitarea lui este men\u021bionat c\u0103 \u201ddreptul de a se angaja \u00een serviciul public \u00eel au cet\u0103\u021benii<\/p>\n<p>Republicii Moldova, care domiciliaz\u0103 permanent \u00een republic\u0103\u201d. \u0218i nu se spune nimic despre cet\u0103\u021benii str\u0103ini, c\u0103 ar avea \u0219i ei acest drept.<\/p>\n<p>Astfel, reiese c\u0103 Veronica Mihailov-Moraru ar interpreta dup\u0103 bunul plac Constitu\u021bia? Nu ar fi de mirare deoarece, anterior a declarat c\u0103 \u201enu conteaz\u0103 legea, ea poate fi de 100 de ori modificat\u0103, conteaz\u0103 modul de implementare \u0219i de aplicare\u201d. Prin urmare, nu este clar, de ce Ramonei Strugariu i-a fost am\u00e2nat\u0103 numirea la \u0219efia INJ.<\/p>\n<p>Oare se preg\u0103te\u0219te s\u0103-i fie acordat\u0103 cet\u0103\u021benie moldoveneasc\u0103? Men\u021bion\u0103m c\u0103 fostul eurodeputat rom\u00e2n Ramona Strugariu, aleas\u0103 recent directoare a Institutului Na\u021bional al Justi\u021biei de la Chi\u0219in\u0103u, \u0219i-a am\u00e2nat numirea la \u0219efia INJ. Consiliul institu\u021biei a aprobat cererea de am\u00e2nare a punerii \u00een aplicare a Hot\u0103r\u00e2rii de numire a directorului INJ pentru 14 zile, pentru a finaliza procedurile legate de dreptul la munc\u0103 \u0219i \u0219edere.<\/p>\n<p>Ar fi avut loc acest lucru dac\u0103 totul ar fi fost a\u0219a cum spune ministrul justi\u021biei? De\u0219i aceste sunt formalit\u0103\u021bi, ele reprezint\u0103 o \u00eenc\u0103lcare grav\u0103 a legisla\u021biei Republicii Moldova. Drept urmare, \u00een perioada 17 februarie \u2013 3 martie 2025, Ecaterina Popa, \u0219efa Direc\u021biei instruire \u0219i cercetare, va asigura conducerea interimar\u0103 \u0219i va avea dreptul la prima semn\u0103tur\u0103.<\/p>\n<p>Pe de alt\u0103 parte, expertul \u00een drept Stanislav Pavlovschi sus\u021bine c\u0103 nu este posibil ca un func\u021bionar care cunoa\u0219te legile din Rom\u00e2nia s\u0103 vin\u0103 \u0219i s\u0103 le aplice \u00een Republica Moldova, mai ales c\u00e2nd este vorba de administrarea justi\u021biei.<\/p>\n<p>STANISLAV PAVLOVSCHI, ex-ministru al Justi\u021biei<\/p>\n<p>Sistemele juridice se deosebesc, Rom\u00e2nia are sistemul s\u0103u, noi avem sistemul nostru. Tu ca s\u0103 pretinzi s\u0103 instruie\u0219ti pe cineva, tu trebuie s\u0103 instuie\u0219ti potrivit legii na\u021bionale. Nu po\u021bi s\u0103 instruie\u0219ti procurorii \u0219i judec\u0103torii moldavi pe baza legii din Rom\u00e2nia. Cu toat\u0103 stima fa\u021b\u0103 de Rom\u00e2nia, dar trebuie s\u0103 fie legisla\u021bia, procesul de studiu trebuie s\u0103 fie bazat pe legisla\u021bia na\u021bional\u0103 a RM. Aici nu este vorba de la risc, este vorba de aceea c\u0103 totul trebuie s\u0103 aib\u0103 bunul sim\u021b.<\/p>\n<p>Plus la aceasta, procesul se face pe baz\u0103 de curriculum, iar\u0103\u0219i se elaboreaz\u0103 pe baz\u0103 c\u0103rei legi, legea Rom\u00e2niei sau legea Moldovei? Dar ea de unde \u0219tie, ce, a avut studii \u00een domeniul moldav, doamna cunoa\u0219te legisla\u021bia na\u021bional\u0103 a RM?<\/p>\n<p>Amintim c\u0103 Ramona Victoria Strugariu a fost numit\u0103 director al Institutului Na\u021bional al Justi\u021biei pe 14 februarie 2024. Ea s-a \u00eenscris la concursul repetat din 9 octombrie 2024, dup\u0103 ce prima \u00eencercare a e\u0219uat. Strugariu este originar\u0103 din B\u00e2rlad, Rom\u00e2nia, a fost membr\u0103 de partide \u0219i eurodeputat\u0103 p\u00e2n\u0103 anul trecut. Este apropiat\u0103 de Dacian Ciolo\u0219, fostul premier rom\u00e2n, care a p\u0103r\u0103sit USR pentru a crea o nou\u0103 forma\u021biune. Pe pagina sa de Facebook, sunt multe fotografii cu membri \u0219i sus\u021bin\u0103tori ai PAS, inclusiv Maia Sandu, Igor Grosu, Dorin Recean \u0219i Doina Gherman<\/p>\n<\/div>\n","protected":false},"excerpt":{"rendered":"<div><img loading=\"lazy\" decoding=\"async\" width=\"275\" height=\"183\" src=\"https:\/\/canal5.md\/wp-content\/uploads\/2025\/02\/images-3-1-optimized.jpg\" class=\"attachment-large size-large wp-post-image\" alt=\"\">Ministra Justi\u021biei, Veronica Mihailov-Moraru confirm\u0103 c\u0103 rom\u00e2nca Ramona Strugariu, care a fost numit\u0103 la \u0219efia Institutului Na\u021bional al Justi\u021biei, nu are cet\u0103\u021benia Republicii Moldova. Totu\u0219i, \u0430ceasta sus\u021bine \u2013 aten\u021bie! \u2013 c\u0103 \u201elegea institu\u021biei nu prevede obligativitatea de\u021binerii cet\u0103\u021beniei\u201d \u0219i c\u0103 nu \u201dexist\u0103 vreo interdic\u021bie legal\u0103, nici conform Constitu\u021biei\u201d. Declara\u021bia a fost f\u0103cut\u0103 de c\u0103tre ministra [\u2026]<\/div>\n","protected":false},"author":1,"featured_media":67735,"comment_status":"closed","ping_status":"closed","sticky":false,"template":"","format":"standard","meta":{"jnews-multi-image_gallery":[],"jnews_single_post":[],"jnews_primary_category":[],"jnews_social_meta":[],"jnews_override_counter":[],"footnotes":""},"categories":[23],"tags":[],"class_list":["post-67734","post","type-post","status-publish","format-standard","has-post-thumbnail","hentry","category-politica_ro"],"_links":{"self":[{"href":"https:\/\/orheifm.live\/index.php\/wp-json\/wp\/v2\/posts\/67734","targetHints":{"allow":["GET"]}}],"collection":[{"href":"https:\/\/orheifm.live\/index.php\/wp-json\/wp\/v2\/posts"}],"about":[{"href":"https:\/\/orheifm.live\/index.php\/wp-json\/wp\/v2\/types\/post"}],"author":[{"embeddable":true,"href":"https:\/\/orheifm.live\/index.php\/wp-json\/wp\/v2\/users\/1"}],"replies":[{"embeddable":true,"href":"https:\/\/orheifm.live\/index.php\/wp-json\/wp\/v2\/comments?post=67734"}],"version-history":[{"count":0,"href":"https:\/\/orheifm.live\/index.php\/wp-json\/wp\/v2\/posts\/67734\/revisions"}],"wp:featuredmedia":[{"embeddable":true,"href":"https:\/\/orheifm.live\/index.php\/wp-json\/wp\/v2\/media\/67735"}],"wp:attachment":[{"href":"https:\/\/orheifm.live\/index.php\/wp-json\/wp\/v2\/media?parent=67734"}],"wp:term":[{"taxonomy":"category","embeddable":true,"href":"https:\/\/orheifm.live\/index.php\/wp-json\/wp\/v2\/categories?post=67734"},{"taxonomy":"post_tag","embeddable":true,"href":"https:\/\/orheifm.live\/index.php\/wp-json\/wp\/v2\/tags?post=67734"}],"curies":[{"name":"wp","href":"https:\/\/api.w.org\/{rel}","templated":true}]}}