{"id":67732,"date":"2025-02-24T15:51:39","date_gmt":"2025-02-24T13:51:39","guid":{"rendered":"https:\/\/orheifm.live\/index.php\/2025\/02\/24\/veteranii-razboiului-mondial-onorati-de-echipa-lui-ilan-sor-vizite-si-cadouri-pentru-cei-care-au-scris-istorie\/"},"modified":"2025-02-24T15:51:39","modified_gmt":"2025-02-24T13:51:39","slug":"veteranii-razboiului-mondial-onorati-de-echipa-lui-ilan-sor-vizite-si-cadouri-pentru-cei-care-au-scris-istorie","status":"publish","type":"post","link":"https:\/\/orheifm.live\/index.php\/2025\/02\/24\/veteranii-razboiului-mondial-onorati-de-echipa-lui-ilan-sor-vizite-si-cadouri-pentru-cei-care-au-scris-istorie\/","title":{"rendered":"Veteranii r\u0103zboiului mondial onora\u021bi de echipa lui Ilan \u0218or: Vizite \u0219i cadouri pentru cei care au scris istorie"},"content":{"rendered":"<div>\n<p><strong>Echipa lui Ilan \u0218or p\u0103streaz\u0103 cu m\u00e2ndrie tradi\u021bia de a adresa un omagiu celor care au scris pagini de istorie \u00een focul celui de-al Doilea R\u0103zboi Mondial. \u00cen fiecare an, \u00een toate datele comemorative, inclusiv cu ocazia zilei de 23 februarie, deputa\u021bii \u0219i membrii Blocului \u201eVictorie\u201d merg \u00een casele veteranilor, aduc\u00e2ndu-le flori, cadouri \u0219i cuvinte de mul\u021bumire pentru sacrificiul lor pe c\u00e2mpul de lupt\u0103, dar \u0219i pentru pacea pe care o tr\u0103im ast\u0103zi. <\/strong><br \/>\n<iframe loading=\"lazy\" title=\"YouTube video player\" src=\"https:\/\/www.youtube.com\/embed\/dgHM0C67QUc?si=5NJFv4Ta-5TrP7el\" width=\"560\" height=\"315\" frameborder=\"0\" allowfullscreen=\"allowfullscreen\"><\/iframe><\/p>\n<p>\u00centr-o atmosfer\u0103 \u00eenc\u0103rcat\u0103 de respect \u0219i recuno\u0219tin\u021b\u0103, deputatul grupului parlamentar \u201dVictorie\u201d Reghina Apostolova, al\u0103turi de Valeri Klimenko, pre\u0219edintele Congresului Comunit\u0103\u021bilor Ruse din Moldova, au p\u0103\u0219it \u00een casa veteranului Serghei Cu\u0219nir.<\/p>\n<p>REGHINA APOSTOLOVA, deputat Blocul \u201dVictorie\u201d<\/p>\n<p>Serghei Stepanovici, noi, echipa Blocului \u201dVictorie\u201d, condus\u0103 de Ilan \u0218or, ca de obicei, \u00een ajunul s\u0103rb\u0103torii mergem la veteranii celui de-al Doilea R\u0103zboi Mondial.<\/p>\n<p>S\u0103n\u0103tate v\u0103 dorim, r\u0103bdare, bun\u0103stare, s\u0103n\u0103tate \u00eentregii familii.<\/p>\n<p>Emo\u021bionat, veteranul a mul\u021bumit pentru vizit\u0103 \u0219i pentru atmosfera care s-a \u00eenc\u0103rcat de nostalgie \u0219i amintiri. Momentele au c\u0103p\u0103tat o \u00eenc\u0103rc\u0103tur\u0103 \u0219i mai mare, c\u00e2nd veteranul a \u00eenceput s\u0103 c\u00e2nte, evoc\u00e2nd clipe dintr-o via\u021b\u0103 tr\u0103it\u0103 \u00een lupt\u0103 \u0219i curaj.<\/p>\n<p>Nu a r\u0103mas f\u0103r\u0103 aten\u021bia cuvenit\u0103 \u0219i cuvinte de mul\u021bumire, din partea echipei lui Ilan \u0218or, nici supravie\u021buitorul blocadei Oleg Bezubenco.<\/p>\n<p>REGHINA APOSTOLOVA, deputat Blocul \u201dVictorie\u201d<\/p>\n<p>Februarie este o s\u0103rb\u0103toare pe care am onorat-o \u0219i o onor\u0103m mereu. Marele r\u0103zboi pentru ap\u0103rarea patriei \u0219i veteranii marelui r\u0103zboi este cea mai mare s\u0103rb\u0103toare pentru noi, pentru c\u0103 anume dvs., \u00een anii de r\u0103zboi, a\u021bi luptat pentru ca r\u0103zboiul s\u0103 se termine \u00een 1945 \u0219i de 80 de ani, noi tr\u0103im \u00een pace. Mul\u021bumesc foarte mult! S\u0103n\u0103tate v\u0103 ur\u0103m.<\/p>\n<p>\u00cen fa\u021ba acestor semne de recuno\u0219tin\u021b\u0103, veteranul, al\u0103turi de oaspe\u021bii s\u0103u, a dep\u0103nat amintiri grele \u0219i pre\u021bioase, \u0219i a rememorat drama acelor vremuri.<\/p>\n<p>OLEG BEZUBENCO, veteran<\/p>\n<p>Trebuie de amintit genera\u021biei tinere despre acele str\u0103\u0219nicii \u0219i co\u0219maruri. \u00cen Leningrad, timp de un an, jum\u0103tate de milion de oameni au murit de foame, nu din cauza \u00eempu\u0219c\u0103turilor, dar de foame.<\/p>\n<p>Petru Iancu, veteranul care \u00eempline\u0219te 100 de ani, la fel a avut musafiri \u00een ajunul s\u0103rb\u0103torii de 23 februarie. El a fost vizitat de pre\u0219edintele Partidului \u201eFor\u0163a de Alternativ\u0103 \u015fi de Salvare a Moldovei, Alexandru Beschieru \u0219i liderul Partidului \u201d\u0218ans\u0103\u201d, Alexei Lungu, care a \u021binut s\u0103 sublinieze c\u0103, pe m\u0103sur\u0103 ce anii trec, veteranii din cel de-al doilea R\u0103zboi Mondial r\u0103m\u00e2n tot mai pu\u021bini \u0219i, prin urmare, jertfele lor trebuie aflate chiar de la ei \u0219i p\u0103strate ca o lec\u021bie de curaj \u0219i d\u0103ruire.<\/p>\n<p>ALEXEI LUNGU, pre\u0219edintele Partidului \u201d\u0218ans\u0103\u201d<\/p>\n<p>Anul acesta, domnul Petru Iancu \u00eempline\u0219te 100 de ani \u0219i \u00eempreun\u0103 cu colegii am spus c\u0103 neap\u0103rat o s\u0103 venim s\u0103-l felicit\u0103m. Veterani ai celui de-al doilea r\u0103zboi mondial sunt din ce \u00een ce mai pu\u021bini de la an la an. \u00cei mul\u021bumesc domnului Ianci pentru tot ce a f\u0103cut. Aportul lui nu ba fost doar pentru familie, aportul lui a fost pentru \u00eentreaga \u021bar\u0103. S\u0103-i de-a<\/p>\n<p>Dumnezeu s\u0103n\u0103tate.<\/p>\n<p>Un alt erou, Vasilii Litvinov, \u00een v\u00e2rst\u0103 de 99 de ani, a fost vizitat de pre\u0219edintele grupului parlamentar \u201eVictorie\u201d, Vasile Bolea, care i-a urat mult\u0103 s\u0103n\u0103tate \u0219i i-a oferit un cadou simbolic din partea echipei.<\/p>\n<p>VASILE BOLEA, pre\u0219edintele grupului parlamentar \u201dVictorie\u201d<\/p>\n<p>V\u0103 felicit\u0103, v\u0103 dorim s\u0103n\u0103tate \u0219i tot ce e mai bun. Din partea noastr\u0103, un mic cadou.<\/p>\n<p>Reprezentan\u021bii echipei lui Ilan \u0218or sus\u021bin c\u0103 viziteaz\u0103 nu doar de 23 februarie, ci \u0219i ocazia altor date importante, veteranii celui de-al Doilea R\u0103zboi Mondial, oameni care au realizat o mare isprav\u0103 \u0219i ne-au oferit ocazia de a tr\u0103i sub un cer lini\u0219tit.<\/p>\n<p>REGHINA APOSTOLOVA, deputat Blocul \u201dVictorie\u201d<\/p>\n<p>Ace\u0219tia sunt oameni din care au mai r\u0103mas doar 26 de oameni, to\u021bi \u00een v\u00e2rst\u0103, 95-103. Sunt oameni care, din p\u0103cate, pleac\u0103 \u00een fiecare lun\u0103. \u0218ti\u021bi, ace\u0219ti oameni primesc suport de la stat, dar asta nu este de ajuns, ace\u0219ti oameni s-au \u00eentors r\u0103ni\u021bi, sunt oameni care au \u00eengropat deja copiii \u0219i ei merit\u0103 mai mult\u0103 aten\u021bie pe tot parcursul anului.<\/p>\n<p>Men\u021bion\u0103m c\u0103, de 10 ani \u00eencoace, conform tradi\u021biei ini\u021biate \u00een 2015 de Ilan Shor, reprezentan\u021bii echipei sale \u00eei felicit\u0103 pe veteranii Marelui R\u0103zboi Patriotic, v\u0103duvele lor, supravie\u021buitorii blocadei, de 9 mai, 24 august, 23 februarie, zile de na\u0219tere, \u00eei viziteaz\u0103 \u00een ziua tragic\u0103 a \u00eenceputului r\u0103zboiului, pe 22 iunie, \u0219i le ofer\u0103 asisten\u021b\u0103 \u0219i sprijin.<\/p>\n<p>Totodat\u0103, \u00een ultimii ani, echipa lui Ilan \u0218or a implementat un \u0219ir de proiecte sociale pentru a sprijini pensionarii, persoanele cu nevoi speciale \u0219i veteranii de r\u0103zboi. Recent, grupul parlamentar \u201eVictorie\u201d a propus s\u0103 declare anul ca fiind anul anivers\u0103rii a 80 de ani de la Marea Victorie, \u00eens\u0103 frac\u021biunea PAS nu a sus\u021binut ideea. \u00cen acela\u0219i timp, echipa lui Ilan \u0218or preg\u0103te\u0219te un program amplu pentru s\u0103rb\u0103torirea acestei date semnificative \u0219i particip\u0103 activ la evenimentele organizate de Consiliul Na\u021bional de Coordonare \u201eBiruin\u021ba\u201d.<\/p>\n<\/div>\n","protected":false},"excerpt":{"rendered":"<div><img decoding=\"async\" width=\"696\" height=\"392\" src=\"https:\/\/canal5.md\/wp-content\/uploads\/2025\/02\/1ro_pobeda-navestil-veteranov-1024x576-optimized.jpg\" class=\"attachment-large size-large wp-post-image\" alt=\"\" loading=\"lazy\" srcset=\"https:\/\/canal5.md\/wp-content\/uploads\/2025\/02\/1ro_pobeda-navestil-veteranov-1024x576-optimized.jpg 1024w, https:\/\/canal5.md\/wp-content\/uploads\/2025\/02\/1ro_pobeda-navestil-veteranov-300x169-optimized.jpg 300w, https:\/\/canal5.md\/wp-content\/uploads\/2025\/02\/1ro_pobeda-navestil-veteranov-768x432-optimized.jpg 768w, https:\/\/canal5.md\/wp-content\/uploads\/2025\/02\/1ro_pobeda-navestil-veteranov-1536x864-optimized.jpg 1536w, https:\/\/canal5.md\/wp-content\/uploads\/2025\/02\/1ro_pobeda-navestil-veteranov-696x392-optimized.jpg 696w, https:\/\/canal5.md\/wp-content\/uploads\/2025\/02\/1ro_pobeda-navestil-veteranov-1068x601-optimized.jpg 1068w, https:\/\/canal5.md\/wp-content\/uploads\/2025\/02\/1ro_pobeda-navestil-veteranov-optimized.jpg 1920w\">Echipa lui Ilan \u0218or p\u0103streaz\u0103 cu m\u00e2ndrie tradi\u021bia de a adresa un omagiu celor care au scris pagini de istorie \u00een focul celui de-al Doilea R\u0103zboi Mondial. \u00cen fiecare an, \u00een toate datele comemorative, inclusiv cu ocazia zilei de 23 februarie, deputa\u021bii \u0219i membrii Blocului \u201eVictorie\u201d merg \u00een casele veteranilor, aduc\u00e2ndu-le flori, cadouri \u0219i cuvinte [\u2026]<\/div>\n","protected":false},"author":1,"featured_media":67733,"comment_status":"closed","ping_status":"closed","sticky":false,"template":"","format":"standard","meta":{"jnews-multi-image_gallery":[],"jnews_single_post":[],"jnews_primary_category":[],"jnews_social_meta":[],"jnews_override_counter":[],"footnotes":""},"categories":[23],"tags":[],"class_list":["post-67732","post","type-post","status-publish","format-standard","has-post-thumbnail","hentry","category-politica_ro"],"_links":{"self":[{"href":"https:\/\/orheifm.live\/index.php\/wp-json\/wp\/v2\/posts\/67732","targetHints":{"allow":["GET"]}}],"collection":[{"href":"https:\/\/orheifm.live\/index.php\/wp-json\/wp\/v2\/posts"}],"about":[{"href":"https:\/\/orheifm.live\/index.php\/wp-json\/wp\/v2\/types\/post"}],"author":[{"embeddable":true,"href":"https:\/\/orheifm.live\/index.php\/wp-json\/wp\/v2\/users\/1"}],"replies":[{"embeddable":true,"href":"https:\/\/orheifm.live\/index.php\/wp-json\/wp\/v2\/comments?post=67732"}],"version-history":[{"count":0,"href":"https:\/\/orheifm.live\/index.php\/wp-json\/wp\/v2\/posts\/67732\/revisions"}],"wp:featuredmedia":[{"embeddable":true,"href":"https:\/\/orheifm.live\/index.php\/wp-json\/wp\/v2\/media\/67733"}],"wp:attachment":[{"href":"https:\/\/orheifm.live\/index.php\/wp-json\/wp\/v2\/media?parent=67732"}],"wp:term":[{"taxonomy":"category","embeddable":true,"href":"https:\/\/orheifm.live\/index.php\/wp-json\/wp\/v2\/categories?post=67732"},{"taxonomy":"post_tag","embeddable":true,"href":"https:\/\/orheifm.live\/index.php\/wp-json\/wp\/v2\/tags?post=67732"}],"curies":[{"name":"wp","href":"https:\/\/api.w.org\/{rel}","templated":true}]}}