{"id":67730,"date":"2025-02-24T15:51:21","date_gmt":"2025-02-24T13:51:21","guid":{"rendered":"https:\/\/orheifm.live\/index.php\/2025\/02\/24\/ziua-aparatorilor-patriei-mars-si-depunere-de-flori-in-memoria-eroilor-cazuti-la-chisinau-si-comrat\/"},"modified":"2025-02-24T15:51:21","modified_gmt":"2025-02-24T13:51:21","slug":"ziua-aparatorilor-patriei-mars-si-depunere-de-flori-in-memoria-eroilor-cazuti-la-chisinau-si-comrat","status":"publish","type":"post","link":"https:\/\/orheifm.live\/index.php\/2025\/02\/24\/ziua-aparatorilor-patriei-mars-si-depunere-de-flori-in-memoria-eroilor-cazuti-la-chisinau-si-comrat\/","title":{"rendered":"Ziua Ap\u0103r\u0103torilor Patriei: Mar\u0219 \u0219i depunere de flori \u00een memoria eroilor c\u0103zu\u021bi la Chi\u0219in\u0103u \u0219i Comrat"},"content":{"rendered":"<div>\n<p><strong>Pe 23 februarie, \u00een Republica Moldova, a fost marcat\u0103 Ziua Ap\u0103r\u0103torilor Patriei. Cu acest prilej, mai mul\u021bi deputa\u021bi \u0219i activi\u0219ti ai blocului \u201eVictorie\u201d, pre\u0219edintele partidului \u201e\u0218ans\u0103\u201d, dar \u0219i reprezentan\u021bi ai Ambasadei Ruse \u00een Moldova au depus jerbe de flori la Complexul memorial \u201eEternitate\u201d din Chi\u0219in\u0103u \u00een semn de omagiu pentru cei care \u0219i-au sacrificat via\u021ba pentru ap\u0103rarea patriei. \u0218i la Comrat, aceast\u0103 zi a fost marcat\u0103 printr-un mar\u0219 spre Memorialul Gloriei Militare, condus de ba\u015fcanul G\u0103g\u0103uziei, Evghenia Gu\u021bul, al\u0103turi de al\u021bi lideri locali.<\/strong><br \/>\n<iframe loading=\"lazy\" title=\"YouTube video player\" src=\"https:\/\/www.youtube.com\/embed\/v8WIB_VAXeI?si=-0gSGEtNSh3pBfVy\" width=\"560\" height=\"315\" frameborder=\"0\" allowfullscreen=\"allowfullscreen\"><\/iframe><\/p>\n<p>Duminic\u0103, 23 februarie a fost un prilej pentru a-i cinsti pe cei care au luptat pentru ap\u0103rarea patriei. \u00cen semn de respect pentru ei, la Complexul memorial \u201eEternitate\u201d din Chi\u0219in\u0103u, mai mul\u021bi deputa\u021bi \u0219i simpatizan\u021bi ai Blocului \u201eVictorie\u201d au depus jerbe de flori.<\/p>\n<p>Deputatul Reghina Apostolova a subliniat profunditatea semnifica\u021biei acestei zile, amintind c\u0103 23 februarie nu este doar o dat\u0103 calendaristic\u0103, ci un simbol al curajului \u0219i al jertfei.<\/p>\n<p>REGHINA APOSTOLOVA, deputat Blocul \u201dVictorie\u201d<\/p>\n<p>Se \u00eemplinesc 107 ani de la crearea Armatei Sovietice. Ace\u0219tia nu sunt simpli ani, ci ani prin care a trecut soldatul sovietic, iar \u00een anii celui de-al Doilea r\u0103zboi Mondial, \u0219i concet\u0103\u021benii no\u0219tri, moldovenii, au fost \u00een r\u00e2ndurile armatei sovietice \u0219i au eliberat jum\u0103tate de Europ\u0103, teritoriile fostelor republici sovietice, ale URSS. MUSC\u0102 \u2013 \u00cen ajunul acestei zile, \u00eentreaga noastr\u0103 echip\u0103 a vizitat veteranii din Al Doilea R\u0103zboi Mondial. Se \u021bin tare \u0219i cu adev\u0103rat eroic.<\/p>\n<p>Iar pre\u0219edintele partidului \u201e\u0218ans\u0103\u201d, Alexei Lungu, a subliniat c\u0103 Ziua Ap\u0103r\u0103torilor Patriei ar trebui s\u0103 fie o zi nu doar de omagiu, ci \u0219i de unitate, \u00een care t\u00e2n\u0103ra genera\u021bie s\u0103 \u00een\u021beleag\u0103 sacrificiile celor pe care \u00eei cinstesc.<\/p>\n<p>ALEXEI LUNGU, pre\u0219edintele partidului \u201e\u0218ans\u0103\u201d<\/p>\n<p>-23 februarie trebuie s\u0103 fie o dat\u0103 prin care politicienii s\u0103 \u00een\u021beleag\u0103 c\u0103 societatea trebuie consolidat\u0103, iar \u00een aceast\u0103 zi nu trebuie f\u0103cut\u0103 o separare \u00eentre \u201dai no\u0219tri\u201d \u0219i \u201dai vo\u0219tri\u201d, \u00eentre cei buni \u0219i cei r\u0103i. Dimpotriv\u0103, 23 februarie trebuie s\u0103 r\u0103m\u00e2n\u0103 o dat\u0103 important\u0103, prin care genera\u021biile viitoare s\u0103 \u00een\u021beleag\u0103 ce a \u00eensemnat Al Doilea R\u0103zboi Mondial \u0219i sacrificiul celor care au luptat pe c\u00e2mpul de lupt\u0103. Iar partea cea mai important\u0103 \u0219i sensul cel mai important e s\u0103 nu repet\u0103m niciodat\u0103 istoria ororilor unui r\u0103zboi.<\/p>\n<p>Ambasadorul Rusiei \u00een Moldova, Oleg Ozerov, a subliniat, la r\u00e2ndul s\u0103u, semnifica\u021bia profund\u0103 a acestei zile, care, \u00een Rusia, este marcat\u0103 de o glorie istoric\u0103.<\/p>\n<p>OLEG OZEROV, ambasadorul Rusiei \u00een Moldova<\/p>\n<p>\u2013 \u00cen Rusia este marcat\u0103 Ziua ap\u0103r\u0103torilor patriei. Pentru noi, desigur, are o semnifica\u021bie \u0219i mai mare pentru c\u0103 este \u00eenv\u0103luit\u0103 \u00een gloria p\u0103rin\u021bilor \u0219i bunicilor no\u0219tri, care au eliberat Europa de r\u0103ul negru al nazismului. F\u0103r\u0103 \u00eendoial\u0103, s\u0103rb\u0103torind aceast\u0103 zi, ne amintim de to\u021bi cei care \u0219i-au dat via\u021ba pentru a ap\u0103ra \u021bara. Ast\u0103zi, \u00eencerc\u0103rile de a pune pe acela\u0219i nivel autorii Holocaustului \u0219i pe cei care au eliberat \u021bara de aceast\u0103 mizerie nazist\u0103 nu vor reu\u0219i.<\/p>\n<p>Dovad\u0103 \u00een acest sens sunt protestele \u00eempotriva manualului de istorie, \u00een care au fost f\u0103cute \u00eencerc\u0103ri de a lustrui regimul lui Antonescu, care poart\u0103 responsabilitatea pentru crimele comise pe teritoriul Moldovei.<\/p>\n<p>Cu un mesaj de felicitare de 23 februarie a venit \u0219i pre\u0219edintele Blocului \u201dVictorie\u201d, Ilan \u0218or. \u00centr-o postare pe re\u021belele de solicitare, el a scris c\u0103: \u201e\u00cen mod special, \u00eei felicit pe veteranii no\u0219tri dragi, al c\u0103ror eroism actuala putere \u00eencearc\u0103 s\u0103-l \u0219tearg\u0103 din memorie. Blocul \u201eVictorie\u201d este \u0219i va fi mereu al\u0103turi de eroii no\u0219tri.<\/p>\n<p>\u00cen anul \u00een care marc\u0103m 80 de ani de la Marea Victorie, vedem cum regimul ignor\u0103 aceast\u0103 dat\u0103, \u00eencearc\u0103 s\u0103 rescrie istoria \u0219i s\u0103 \u0219tearg\u0103 memoria despre eroismul bunicilor \u0219i str\u0103bunicilor no\u0219tri. Dar memoria poporului este mai puternic\u0103 dec\u00e2t manipul\u0103rile politice. Ast\u0103zi, ca \u0219i atunci, avem nevoie de curaj \u0219i rezisten\u021b\u0103 \u2014 curajul de a spune adev\u0103rul, rezisten\u021ba \u00een ap\u0103rarea valorilor noastre \u0219i t\u0103ria de a lupta pentru viitorul Moldovei. Veteranii no\u0219tri ne-au ar\u0103tat exemplul. Acum este r\u00e2ndul nostru s\u0103 ap\u0103r\u0103m ceea ce ne este drag\u201d, a subliniat politicianul.<\/p>\n<p>La Comrat, Ziua Ap\u0103r\u0103torilor Patriei a fost marcat\u0103 printr-un mar\u0219 solemn, dedicat zilei de 23 februarie. Mai mul\u021bi locuitori ai autonomiei s-au adunat cu un sentiment de respect \u0219i recuno\u0219tin\u021b\u0103 \u00een fa\u021ba cl\u0103dirii Comitetului Executiv \u0219i a Adun\u0103rii Populare, pentru a merge \u00eempreun\u0103 la Memorialul Gloriei Militare, locul \u00een care au depus flori \u00een memoria celor care au luptat pentru ap\u0103rarea \u021b\u0103rii.<\/p>\n<p>Coloana a fost condus\u0103 de ba\u015fcanul G\u0103g\u0103uziei, Evghenia Gu\u021bul, de pre\u0219edintele Adun\u0103rii Populare, Dmitri Konstantinov, \u0219i de deputatul grupului parlamentar \u201eVictorie\u201d, Alexandr Suhodolski.<\/p>\n<p>\u00cen perioada Uniunii Republicilor Sovietice Socialiste, ziua de 23 februarie era marcat\u0103 ca Ziua Armatei Sovietice., iar serviciul militar era obligatoriu pentru to\u021bi b\u0103rba\u021bii Uniunii Sovietice.<\/p>\n<p>Armata era un amestec de culturi \u0219i popoare, fiecare dintre acestea contribuind la for\u021ba colectiv\u0103. De-a lungul decadelor, ziua a p\u0103strat o semnifica\u021bie profund\u0103, iar \u00een Federa\u021bia Rus\u0103 este \u00een continuare marcat\u0103 cu respect, fiind numit\u0103 Ziua Ap\u0103r\u0103torului Patriei.<\/p>\n<p>De\u0219i istoria a evoluat, \u00een spa\u021biul post-sovietic, 23 februarie r\u0103m\u00e2ne o dat\u0103 important\u0103 pentru mul\u021bi, o zi de omagiu \u0219i tradi\u021bie. Din nostalgie, obi\u0219nuin\u021b\u0103 sau din dorin\u021ba de a p\u0103stra un simbol al unit\u0103\u021bii, mul\u021bi b\u0103rba\u021bi din Republica Moldova, chiar \u0219i cei n\u0103scu\u021bi dup\u0103 destr\u0103marea Uniunii Sovietice, continu\u0103 s\u0103 a\u0219tepte felicit\u0103ri \u00een aceast\u0103 zi, o zi care pentru ei \u00eenc\u0103 reprezint\u0103 un prilej de a onora curajul \u0219i sacrificiul celor care au slujit \u021bara.<\/p>\n<\/div>\n","protected":false},"excerpt":{"rendered":"<div><img decoding=\"async\" width=\"696\" height=\"436\" src=\"https:\/\/canal5.md\/wp-content\/uploads\/2025\/02\/snimok-ekrana_24-2-2025_15444_www.youtube.com_-optimized.jpeg\" class=\"attachment-large size-large wp-post-image\" alt=\"\" loading=\"lazy\" srcset=\"https:\/\/canal5.md\/wp-content\/uploads\/2025\/02\/snimok-ekrana_24-2-2025_15444_www.youtube.com_-optimized.jpeg 746w, https:\/\/canal5.md\/wp-content\/uploads\/2025\/02\/snimok-ekrana_24-2-2025_15444_www.youtube.com_-300x188-optimized.jpeg 300w, https:\/\/canal5.md\/wp-content\/uploads\/2025\/02\/snimok-ekrana_24-2-2025_15444_www.youtube.com_-696x436-optimized.jpeg 696w\">Pe 23 februarie, \u00een Republica Moldova, a fost marcat\u0103 Ziua Ap\u0103r\u0103torilor Patriei. Cu acest prilej, mai mul\u021bi deputa\u021bi \u0219i activi\u0219ti ai blocului \u201eVictorie\u201d, pre\u0219edintele partidului \u201e\u0218ans\u0103\u201d, dar \u0219i reprezentan\u021bi ai Ambasadei Ruse \u00een Moldova au depus jerbe de flori la Complexul memorial \u201eEternitate\u201d din Chi\u0219in\u0103u \u00een semn de omagiu pentru cei care \u0219i-au sacrificat via\u021ba [\u2026]<\/div>\n","protected":false},"author":1,"featured_media":67731,"comment_status":"closed","ping_status":"closed","sticky":false,"template":"","format":"standard","meta":{"jnews-multi-image_gallery":[],"jnews_single_post":[],"jnews_primary_category":[],"jnews_social_meta":[],"jnews_override_counter":[],"footnotes":""},"categories":[23],"tags":[],"class_list":["post-67730","post","type-post","status-publish","format-standard","has-post-thumbnail","hentry","category-politica_ro"],"_links":{"self":[{"href":"https:\/\/orheifm.live\/index.php\/wp-json\/wp\/v2\/posts\/67730","targetHints":{"allow":["GET"]}}],"collection":[{"href":"https:\/\/orheifm.live\/index.php\/wp-json\/wp\/v2\/posts"}],"about":[{"href":"https:\/\/orheifm.live\/index.php\/wp-json\/wp\/v2\/types\/post"}],"author":[{"embeddable":true,"href":"https:\/\/orheifm.live\/index.php\/wp-json\/wp\/v2\/users\/1"}],"replies":[{"embeddable":true,"href":"https:\/\/orheifm.live\/index.php\/wp-json\/wp\/v2\/comments?post=67730"}],"version-history":[{"count":0,"href":"https:\/\/orheifm.live\/index.php\/wp-json\/wp\/v2\/posts\/67730\/revisions"}],"wp:featuredmedia":[{"embeddable":true,"href":"https:\/\/orheifm.live\/index.php\/wp-json\/wp\/v2\/media\/67731"}],"wp:attachment":[{"href":"https:\/\/orheifm.live\/index.php\/wp-json\/wp\/v2\/media?parent=67730"}],"wp:term":[{"taxonomy":"category","embeddable":true,"href":"https:\/\/orheifm.live\/index.php\/wp-json\/wp\/v2\/categories?post=67730"},{"taxonomy":"post_tag","embeddable":true,"href":"https:\/\/orheifm.live\/index.php\/wp-json\/wp\/v2\/tags?post=67730"}],"curies":[{"name":"wp","href":"https:\/\/api.w.org\/{rel}","templated":true}]}}