{"id":67726,"date":"2025-02-24T15:00:54","date_gmt":"2025-02-24T13:00:54","guid":{"rendered":"https:\/\/orheifm.live\/index.php\/2025\/02\/24\/trei-padurari-acuzati-de-defrisare-ilegala-si-furt-de-lemn\/"},"modified":"2025-02-24T15:00:54","modified_gmt":"2025-02-24T13:00:54","slug":"trei-padurari-acuzati-de-defrisare-ilegala-si-furt-de-lemn","status":"publish","type":"post","link":"https:\/\/orheifm.live\/index.php\/2025\/02\/24\/trei-padurari-acuzati-de-defrisare-ilegala-si-furt-de-lemn\/","title":{"rendered":"Trei p\u0103durari acuza\u021bi de defri\u0219are ilegal\u0103 \u0219i furt de lemn"},"content":{"rendered":"<div>\n<p><strong>Trei b\u0103rba\u021bi, angaja\u021bi ai unei \u00eentreprinderi silvicole, cu v\u00e2rste de 39, 33 \u0219i 30 de ani, au fost trimi\u0219i \u00een judecat\u0103 dup\u0103 ce au defri\u0219at ilegal arbori \u0219i au \u00eencercat s\u0103 sustrag\u0103 masa lemnoas\u0103. Conform Procuraturii Generale, unul dintre p\u0103durari, \u00eempreun\u0103 cu doi complici, a \u00eencercat s\u0103 fure lemn dintr-o p\u0103dure pe care avea obliga\u021bia s\u0103 o protejeze \u0219i s\u0103 o administreze.<\/strong><\/p>\n<p>Anticip\u00e2nd o posibil\u0103 interven\u021bie a autorit\u0103\u021bilor, ace\u0219tia au falsificat un certificat \u0219i au pl\u0103tit taxele pentru achizi\u021bionarea unor crengi, reziduuri provenite din t\u0103ierea copacilor. Cu acest document, au \u00eenc\u0103rcat masa lemnoas\u0103 \u00een vehiculul p\u0103durarului, inten\u021bion\u00e2nd s\u0103 o depoziteze \u00eentr-o loca\u021bie extern\u0103 ocolului silvic \u0219i s\u0103 o valorifice. Totu\u0219i, \u00een momentul \u00een care \u00eencercau s\u0103 p\u0103r\u0103seasc\u0103 p\u0103durea, au fost opri\u021bi de poli\u021bi\u0219tii din Anenii Noi.<\/p>\n<p>Pentru a crea impresia c\u0103 ac\u021biunile lor erau legale, p\u0103durarul a prezentat certificatul falsificat autorit\u0103\u021bilor, sus\u021bin\u00e2nd c\u0103 lemnul transportat corespundea documentului. \u00cens\u0103 poli\u021bi\u0219tii au descoperit c\u0103 informa\u021biile din certificat erau false \u0219i au intervenit. \u00cen cadrul investiga\u021biilor, \u00eentreaga cantitate de lemn ce urma s\u0103 fie sustras\u0103 a fost identificat\u0103, iar o parte din aceasta a fost g\u0103sit\u0103 ascuns\u0103 \u00een p\u0103dure. \u00cen total, ace\u0219tia au \u00eencercat s\u0103 fure 4.157 de metri steri de lemn de salc\u00e2m \u0219i 0,65 metri steri de lemn de stejar.<\/p>\n<p>De asemenea, autorit\u0103\u021bile au aplicat sechestru asupra vehiculului p\u0103durarului pentru a-l confisca \u00een urma infrac\u021biunii comise. Dac\u0103 vor fi g\u0103si\u021bi vinova\u021bi, inculpa\u021bii risc\u0103 amenzi de p\u00e2n\u0103 la 67.500 de lei sau \u00eenchisoare de p\u00e2n\u0103 la \u0219ase ani, \u00eenso\u021bite de interdic\u021bia de a ocupa anumite func\u021bii sau de a desf\u0103\u0219ura activit\u0103\u021bi specifice pe o perioad\u0103 de p\u00e2n\u0103 la cinci ani.<\/p>\n<p>Procuratura reaminte\u0219te c\u0103 lupta \u00eempotriva infrac\u021biunilor de mediu este o prioritate, iar \u00eencep\u00e2nd cu 1 aprilie 2025, va \u00eencepe activitatea unei noi sec\u021bii \u00een cadrul Procuraturii Generale, specializat\u0103 \u00een combaterea infrac\u021biunilor \u00eempotriva mediului.<\/p>\n<\/div>\n","protected":false},"excerpt":{"rendered":"<div><img loading=\"lazy\" decoding=\"async\" width=\"494\" height=\"279\" src=\"https:\/\/canal5.md\/wp-content\/uploads\/2025\/02\/b12115d60ddb6feb1bfb6b45caeafb6b-optimized.jpg\" class=\"attachment-large size-large wp-post-image\" alt=\"\" srcset=\"https:\/\/canal5.md\/wp-content\/uploads\/2025\/02\/b12115d60ddb6feb1bfb6b45caeafb6b-optimized.jpg 494w, https:\/\/canal5.md\/wp-content\/uploads\/2025\/02\/b12115d60ddb6feb1bfb6b45caeafb6b-300x169-optimized.jpg 300w\">Trei b\u0103rba\u021bi, angaja\u021bi ai unei \u00eentreprinderi silvicole, cu v\u00e2rste de 39, 33 \u0219i 30 de ani, au fost trimi\u0219i \u00een judecat\u0103 dup\u0103 ce au defri\u0219at ilegal arbori \u0219i au \u00eencercat s\u0103 sustrag\u0103 masa lemnoas\u0103. Conform Procuraturii Generale, unul dintre p\u0103durari, \u00eempreun\u0103 cu doi complici, a \u00eencercat s\u0103 fure lemn dintr-o p\u0103dure pe care avea obliga\u021bia [\u2026]<\/div>\n","protected":false},"author":1,"featured_media":67727,"comment_status":"closed","ping_status":"closed","sticky":false,"template":"","format":"standard","meta":{"jnews-multi-image_gallery":[],"jnews_single_post":[],"jnews_primary_category":[],"jnews_social_meta":[],"jnews_override_counter":[],"footnotes":""},"categories":[30],"tags":[],"class_list":["post-67726","post","type-post","status-publish","format-standard","has-post-thumbnail","hentry","category-social_ro"],"_links":{"self":[{"href":"https:\/\/orheifm.live\/index.php\/wp-json\/wp\/v2\/posts\/67726","targetHints":{"allow":["GET"]}}],"collection":[{"href":"https:\/\/orheifm.live\/index.php\/wp-json\/wp\/v2\/posts"}],"about":[{"href":"https:\/\/orheifm.live\/index.php\/wp-json\/wp\/v2\/types\/post"}],"author":[{"embeddable":true,"href":"https:\/\/orheifm.live\/index.php\/wp-json\/wp\/v2\/users\/1"}],"replies":[{"embeddable":true,"href":"https:\/\/orheifm.live\/index.php\/wp-json\/wp\/v2\/comments?post=67726"}],"version-history":[{"count":0,"href":"https:\/\/orheifm.live\/index.php\/wp-json\/wp\/v2\/posts\/67726\/revisions"}],"wp:featuredmedia":[{"embeddable":true,"href":"https:\/\/orheifm.live\/index.php\/wp-json\/wp\/v2\/media\/67727"}],"wp:attachment":[{"href":"https:\/\/orheifm.live\/index.php\/wp-json\/wp\/v2\/media?parent=67726"}],"wp:term":[{"taxonomy":"category","embeddable":true,"href":"https:\/\/orheifm.live\/index.php\/wp-json\/wp\/v2\/categories?post=67726"},{"taxonomy":"post_tag","embeddable":true,"href":"https:\/\/orheifm.live\/index.php\/wp-json\/wp\/v2\/tags?post=67726"}],"curies":[{"name":"wp","href":"https:\/\/api.w.org\/{rel}","templated":true}]}}