{"id":67724,"date":"2025-02-24T14:45:46","date_gmt":"2025-02-24T12:45:46","guid":{"rendered":"https:\/\/orheifm.live\/index.php\/2025\/02\/24\/barbat-din-riscani-si-a-incendiat-mama-dupa-ce-aceasta-a-murit-subit-acasa\/"},"modified":"2025-02-24T14:45:46","modified_gmt":"2025-02-24T12:45:46","slug":"barbat-din-riscani-si-a-incendiat-mama-dupa-ce-aceasta-a-murit-subit-acasa","status":"publish","type":"post","link":"https:\/\/orheifm.live\/index.php\/2025\/02\/24\/barbat-din-riscani-si-a-incendiat-mama-dupa-ce-aceasta-a-murit-subit-acasa\/","title":{"rendered":"B\u0103rbat din R\u00ee\u0219cani \u0219i-a incendiat mama dup\u0103 ce aceasta a murit subit acas\u0103"},"content":{"rendered":"<div>\n<p><strong>Un b\u0103rbat din satul G\u0103l\u0103\u0219eni, raionul R\u00ee\u0219cani, \u0219i-ar fi incendiat mama dup\u0103 ce aceasta a decedat subit acas\u0103.<\/strong><\/p>\n<p>Potrivit poli\u021biei, incidentul a avut loc pe 21 februarie, \u00een jurul orei 12:20, \u00een extravilanul localit\u0103\u021bii. B\u0103rbatul, \u00een v\u00e2rst\u0103 de 48 de ani, locuia cu mama sa, \u00een v\u00e2rst\u0103 de 84 de ani. Autorit\u0103\u021bile au deschis un dosar penal, iar b\u0103rbatul a fost internat la Spitalul de Psihiatrie pentru a fi supus unei expertize psihiatrice.<\/p>\n<p>Cadavrul victimei a fost trimis la expertiza medico-legal\u0103 pentru stabilirea cauzei decesului.<\/p>\n<\/div>\n","protected":false},"excerpt":{"rendered":"<div><img loading=\"lazy\" decoding=\"async\" width=\"291\" height=\"173\" src=\"https:\/\/canal5.md\/wp-content\/uploads\/2025\/02\/images-4-2-optimized.jpg\" class=\"attachment-large size-large wp-post-image\" alt=\"\">Un b\u0103rbat din satul G\u0103l\u0103\u0219eni, raionul R\u00ee\u0219cani, \u0219i-ar fi incendiat mama dup\u0103 ce aceasta a decedat subit acas\u0103. Potrivit poli\u021biei, incidentul a avut loc pe 21 februarie, \u00een jurul orei 12:20, \u00een extravilanul localit\u0103\u021bii. B\u0103rbatul, \u00een v\u00e2rst\u0103 de 48 de ani, locuia cu mama sa, \u00een v\u00e2rst\u0103 de 84 de ani. Autorit\u0103\u021bile au deschis un [\u2026]<\/div>\n","protected":false},"author":1,"featured_media":67725,"comment_status":"closed","ping_status":"closed","sticky":false,"template":"","format":"standard","meta":{"jnews-multi-image_gallery":[],"jnews_single_post":[],"jnews_primary_category":[],"jnews_social_meta":[],"jnews_override_counter":[],"footnotes":""},"categories":[30],"tags":[],"class_list":["post-67724","post","type-post","status-publish","format-standard","has-post-thumbnail","hentry","category-social_ro"],"_links":{"self":[{"href":"https:\/\/orheifm.live\/index.php\/wp-json\/wp\/v2\/posts\/67724","targetHints":{"allow":["GET"]}}],"collection":[{"href":"https:\/\/orheifm.live\/index.php\/wp-json\/wp\/v2\/posts"}],"about":[{"href":"https:\/\/orheifm.live\/index.php\/wp-json\/wp\/v2\/types\/post"}],"author":[{"embeddable":true,"href":"https:\/\/orheifm.live\/index.php\/wp-json\/wp\/v2\/users\/1"}],"replies":[{"embeddable":true,"href":"https:\/\/orheifm.live\/index.php\/wp-json\/wp\/v2\/comments?post=67724"}],"version-history":[{"count":0,"href":"https:\/\/orheifm.live\/index.php\/wp-json\/wp\/v2\/posts\/67724\/revisions"}],"wp:featuredmedia":[{"embeddable":true,"href":"https:\/\/orheifm.live\/index.php\/wp-json\/wp\/v2\/media\/67725"}],"wp:attachment":[{"href":"https:\/\/orheifm.live\/index.php\/wp-json\/wp\/v2\/media?parent=67724"}],"wp:term":[{"taxonomy":"category","embeddable":true,"href":"https:\/\/orheifm.live\/index.php\/wp-json\/wp\/v2\/categories?post=67724"},{"taxonomy":"post_tag","embeddable":true,"href":"https:\/\/orheifm.live\/index.php\/wp-json\/wp\/v2\/tags?post=67724"}],"curies":[{"name":"wp","href":"https:\/\/api.w.org\/{rel}","templated":true}]}}