{"id":67722,"date":"2025-02-24T14:42:25","date_gmt":"2025-02-24T12:42:25","guid":{"rendered":"https:\/\/orheifm.live\/index.php\/2025\/02\/24\/rujeola-si-meningita-in-chisinau-noi-cazuri-confirmate-autoritatile-avertizeaza-asupra-vaccinarii\/"},"modified":"2025-02-24T14:42:25","modified_gmt":"2025-02-24T12:42:25","slug":"rujeola-si-meningita-in-chisinau-noi-cazuri-confirmate-autoritatile-avertizeaza-asupra-vaccinarii","status":"publish","type":"post","link":"https:\/\/orheifm.live\/index.php\/2025\/02\/24\/rujeola-si-meningita-in-chisinau-noi-cazuri-confirmate-autoritatile-avertizeaza-asupra-vaccinarii\/","title":{"rendered":"Rujeol\u0103 \u0219i meningit\u0103 \u00een Chi\u0219in\u0103u: Noi cazuri confirmate, autorit\u0103\u021bile avertizeaz\u0103 asupra vaccin\u0103rii"},"content":{"rendered":"<div>\n<p><strong>\u00cen s\u0103pt\u0103m\u00e2na trecut\u0103, \u00een Chi\u0219in\u0103u au fost confirmate \u00eenc\u0103 un caz de rujeol\u0103 \u0219i unul de infec\u021bie meningococic\u0103, anun\u021b\u00e2nd autorit\u0103\u021bile municipale. <\/strong><\/p>\n<p>Potrivit lui Vladimir Bolocan, \u0219eful adjunct al Direc\u021biei Generale Asisten\u021b\u0103 Medical\u0103 \u0219i Social\u0103, infec\u021bia meningococic\u0103 a fost depistat\u0103 la un adult, iar rujeola a fost confirmat\u0103 la al doilea copil dintr-o familie unde mai fusese depistat\u0103 boala. Copiii sunt \u00een afacerea oric\u0103rui pericol, \u00eens\u0103 autorit\u0103\u021bile subliniaz\u0103 importan\u021ba vaccin\u0103rii pentru prevenirea unor astfel de infec\u021bii.<\/p>\n<p>De la \u00eenceputul anului, au fost \u00eenregistrate \u0219apte cazuri de rujeol\u0103 \u00een Chi\u0219in\u0103u, toate \u00een r\u00e2ndul persoanelor nevaccinate. \u00cen multe dintre cazuri, bolnavii s-au \u00eentors recent din vacan\u021be \u00een Ucraina, unde au avut loc focare de rujeol\u0103, inclusiv \u00een Bukovel.<\/p>\n<\/div>\n","protected":false},"excerpt":{"rendered":"<div><img loading=\"lazy\" decoding=\"async\" width=\"696\" height=\"392\" src=\"https:\/\/canal5.md\/wp-content\/uploads\/2025\/02\/a1063221c64b348c35fc6d396236eee0-optimized.jpg\" class=\"attachment-large size-large wp-post-image\" alt=\"\" srcset=\"https:\/\/canal5.md\/wp-content\/uploads\/2025\/02\/a1063221c64b348c35fc6d396236eee0-optimized.jpg 794w, https:\/\/canal5.md\/wp-content\/uploads\/2025\/02\/a1063221c64b348c35fc6d396236eee0-300x169-optimized.jpg 300w, https:\/\/canal5.md\/wp-content\/uploads\/2025\/02\/a1063221c64b348c35fc6d396236eee0-768x432-optimized.jpg 768w, https:\/\/canal5.md\/wp-content\/uploads\/2025\/02\/a1063221c64b348c35fc6d396236eee0-696x392-optimized.jpg 696w\">\u00cen s\u0103pt\u0103m\u00e2na trecut\u0103, \u00een Chi\u0219in\u0103u au fost confirmate \u00eenc\u0103 un caz de rujeol\u0103 \u0219i unul de infec\u021bie meningococic\u0103, anun\u021b\u00e2nd autorit\u0103\u021bile municipale. Potrivit lui Vladimir Bolocan, \u0219eful adjunct al Direc\u021biei Generale Asisten\u021b\u0103 Medical\u0103 \u0219i Social\u0103, infec\u021bia meningococic\u0103 a fost depistat\u0103 la un adult, iar rujeola a fost confirmat\u0103 la al doilea copil dintr-o familie unde mai [\u2026]<\/div>\n","protected":false},"author":1,"featured_media":67723,"comment_status":"closed","ping_status":"closed","sticky":false,"template":"","format":"standard","meta":{"jnews-multi-image_gallery":[],"jnews_single_post":[],"jnews_primary_category":[],"jnews_social_meta":[],"jnews_override_counter":[],"footnotes":""},"categories":[30],"tags":[],"class_list":["post-67722","post","type-post","status-publish","format-standard","has-post-thumbnail","hentry","category-social_ro"],"_links":{"self":[{"href":"https:\/\/orheifm.live\/index.php\/wp-json\/wp\/v2\/posts\/67722","targetHints":{"allow":["GET"]}}],"collection":[{"href":"https:\/\/orheifm.live\/index.php\/wp-json\/wp\/v2\/posts"}],"about":[{"href":"https:\/\/orheifm.live\/index.php\/wp-json\/wp\/v2\/types\/post"}],"author":[{"embeddable":true,"href":"https:\/\/orheifm.live\/index.php\/wp-json\/wp\/v2\/users\/1"}],"replies":[{"embeddable":true,"href":"https:\/\/orheifm.live\/index.php\/wp-json\/wp\/v2\/comments?post=67722"}],"version-history":[{"count":0,"href":"https:\/\/orheifm.live\/index.php\/wp-json\/wp\/v2\/posts\/67722\/revisions"}],"wp:featuredmedia":[{"embeddable":true,"href":"https:\/\/orheifm.live\/index.php\/wp-json\/wp\/v2\/media\/67723"}],"wp:attachment":[{"href":"https:\/\/orheifm.live\/index.php\/wp-json\/wp\/v2\/media?parent=67722"}],"wp:term":[{"taxonomy":"category","embeddable":true,"href":"https:\/\/orheifm.live\/index.php\/wp-json\/wp\/v2\/categories?post=67722"},{"taxonomy":"post_tag","embeddable":true,"href":"https:\/\/orheifm.live\/index.php\/wp-json\/wp\/v2\/tags?post=67722"}],"curies":[{"name":"wp","href":"https:\/\/api.w.org\/{rel}","templated":true}]}}