{"id":67716,"date":"2025-02-24T13:40:46","date_gmt":"2025-02-24T11:40:46","guid":{"rendered":"https:\/\/orheifm.live\/index.php\/2025\/02\/24\/dragobetele-sarbatoare-a-dragostei-si-traditiilor-stravechi\/"},"modified":"2025-02-24T13:40:46","modified_gmt":"2025-02-24T11:40:46","slug":"dragobetele-sarbatoare-a-dragostei-si-traditiilor-stravechi","status":"publish","type":"post","link":"https:\/\/orheifm.live\/index.php\/2025\/02\/24\/dragobetele-sarbatoare-a-dragostei-si-traditiilor-stravechi\/","title":{"rendered":"Dragobetele \u2013 S\u0103rb\u0103toare a Dragostei \u0219i Tradi\u021biilor Str\u0103vechi"},"content":{"rendered":"<div>\n<article class=\"w-full text-token-text-primary focus-visible:outline-2 focus-visible:outline-offset-[-4px]\" dir=\"auto\" data-testid=\"conversation-turn-45\" data-scroll-anchor=\"true\">\n<div class=\"m-auto text-base py-[18px] px-6\">\n<div class=\"mx-auto flex flex-1 text-base gap-4 md:gap-5 lg:gap-6 md:max-w-3xl\">\n<div class=\"group\/conversation-turn relative flex w-full min-w-0 flex-col agent-turn @xs\/thread:px-0 @sm\/thread:px-1.5 @md\/thread:px-4\">\n<div class=\"flex-col gap-1 md:gap-3\">\n<div class=\"flex max-w-full flex-col flex-grow\">\n<div class=\"min-h-8 text-message flex w-full flex-col items-end gap-2 whitespace-normal break-words text-start [.text-message+&amp;]:mt-5\" dir=\"auto\" data-message-author-role=\"assistant\" data-message-id=\"bdfe561b-a56b-45c9-9e60-d846efc0bf00\" data-message-model-slug=\"gpt-4o-mini\">\n<div class=\"flex w-full flex-col gap-1 empty:hidden first:pt-[3px]\">\n<div class=\"markdown prose w-full break-words dark:prose-invert light\">\n<p data-start=\"67\" data-end=\"450\"><strong>Dragobetele este o s\u0103rb\u0103toare tradi\u021bional\u0103 veche, celebrat\u0103 odinioar\u0103 pe larg, dar care ast\u0103zi a fost \u00eenlocuit\u0103 sau adaptat\u0103 gre\u0219it ca Ziua \u00cendr\u0103gosti\u021bilor, cunoscut\u0103 sub numele de Sf. Valentin. Conform calendarului ortodox, pe 24 februarie se s\u0103rb\u0103tore\u0219te \u00cent\u00e2ia \u0219i a doua aflare a Capului Sf. Ioan Botez\u0103torul, o s\u0103rb\u0103toare cunoscut\u0103 \u00een spa\u021biul slav sub numele de Glavo-Obretenia.<\/strong><\/p>\n<p data-start=\"452\" data-end=\"944\">Numele \u201eDragobete\u201d provine din cuvintele slave \u201edragu-\u201d (drag) \u0219i \u201eb\u00eeti\u201d (a fi), iar \u00een evul mediu au ap\u0103rut forme precum Vobretenia, Rogobete \u0219i Bragobete, evolu\u00e2nd treptat p\u00e2n\u0103 la denumirea actual\u0103. S\u0103rb\u0103toarea, cu r\u0103d\u0103cini dacice sau slave, se celebreaz\u0103 \u00een mod tradi\u021bional pe 24 februarie, ziua \u00een care Dragobete, zeitatea iubirii \u00een Panteonul tradi\u021bional, era omagiat\u0103. El poate fi asociat cu zeii dragostei din mitologia roman\u0103, precum Amor sau Cupidon, \u0219i cu Eros din mitologia greac\u0103.<\/p>\n<p data-start=\"946\" data-end=\"1475\">Dragobete este considerat simbolul dragostei pure, curate, inspir\u00e2nd \u00eencredere \u00een iubire. Tradi\u021biile legate de aceast\u0103 zi sunt multiple \u0219i fascinante. Una dintre ele este \u201eluatul fra\u021bilor de cruce\u201d \u2013 un obicei str\u0103vechi prin care doi tineri care doreau s\u0103 se \u00eenfr\u0103\u021beasc\u0103 sau s\u0103 se c\u0103s\u0103toreasc\u0103 \u00ee\u0219i zg\u00e2riau u\u0219or m\u00e2inile \u00een form\u0103 de cruce, ca s\u0103 curg\u0103 s\u00e2nge, \u0219i apoi \u00ee\u0219i suprapuneau zg\u00e2r\u00e2ieturile, devenind fra\u021bi de cruce. Ace\u0219tia se s\u0103rutau fr\u0103\u021be\u0219te, f\u0103ceau un jur\u0103m\u00e2nt de ajutor reciproc \u0219i organizau o mic\u0103 mas\u0103 pentru prieteni.<\/p>\n<p data-start=\"1477\" data-end=\"1912\">Un alt obicei popular este \u201eLogodna p\u0103s\u0103rilor\u201d, semnific\u00e2nd c\u0103, spre sf\u00e2r\u0219itul lunii februarie, p\u0103s\u0103rile cerului \u00ee\u0219i formeaz\u0103 perechi \u0219i \u00eencep s\u0103-\u0219i construiasc\u0103 cuiburi. Se credea c\u0103 dac\u0103 o fat\u0103 sau un b\u0103iat nu \u00eent\u00e2lneau pe Dragobete un reprezentant al sexului opus, nu vor fi iubi\u021bi \u00een acel an. \u00cen plus, se spunea c\u0103 \u201eDragobetele s\u0103rut\u0103 fetele\u201d, iar tinerii care se s\u0103rutau \u00een aceast\u0103 zi erau considera\u021bi a avea un an plin de iubire.<\/p>\n<p data-start=\"1914\" data-end=\"2261\">S\u0103rb\u0103toarea era considerat\u0103 un semn bun pentru treburile m\u0103runte din cas\u0103, dar nu \u0219i pentru munci mai mari, de team\u0103 c\u0103 \u201evor ciric\u0103i toat\u0103 via\u021ba\u201d. \u00cen popor se spunea c\u0103 tinerii trebuie s\u0103 bea ceai din crengu\u021be de vi\u0219in \u0219i s\u0103 m\u0103n\u00e2nce turte cu \u0219ulf\u0103 sau tr\u0103sni\u021bei (din semin\u021be de c\u00e2nep\u0103 pisate) pentru a avea parte de iubire pe tot parcursul anului.<\/p>\n<p data-start=\"2263\" data-end=\"2423\" data-is-last-node=\"\" data-is-only-node=\"\">De\u0219i unele dintre tradi\u021biile legate de Dragobete au fost uitate, s\u0103rb\u0103toarea revine tot mai mult \u00een aten\u021bia oamenilor, fiind asociat\u0103 cu dragostea \u0219i respectul.<\/p>\n<\/div>\n<\/div>\n<\/div>\n<\/div>\n<\/div>\n<\/div>\n<\/div>\n<\/div>\n<\/article>\n<div class=\"pointer-events-none h-px w-px\" aria-hidden=\"true\" data-edge=\"true\"><\/div>\n<\/div>\n","protected":false},"excerpt":{"rendered":"<div><img loading=\"lazy\" decoding=\"async\" width=\"696\" height=\"458\" src=\"https:\/\/canal5.md\/wp-content\/uploads\/2025\/02\/422859-optimized.webp\" class=\"attachment-large size-large wp-post-image\" alt=\"\" srcset=\"https:\/\/canal5.md\/wp-content\/uploads\/2025\/02\/422859-optimized.webp 760w, https:\/\/canal5.md\/wp-content\/uploads\/2025\/02\/422859-300x197-optimized.webp 300w, https:\/\/canal5.md\/wp-content\/uploads\/2025\/02\/422859-696x458-optimized.webp 696w\">Dragobetele este o s\u0103rb\u0103toare tradi\u021bional\u0103 veche, celebrat\u0103 odinioar\u0103 pe larg, dar care ast\u0103zi a fost \u00eenlocuit\u0103 sau adaptat\u0103 gre\u0219it ca Ziua \u00cendr\u0103gosti\u021bilor, cunoscut\u0103 sub numele de Sf. Valentin. Conform calendarului ortodox, pe 24 februarie se s\u0103rb\u0103tore\u0219te \u00cent\u00e2ia \u0219i a doua aflare a Capului Sf. Ioan Botez\u0103torul, o s\u0103rb\u0103toare cunoscut\u0103 \u00een spa\u021biul slav sub numele de [\u2026]<\/div>\n","protected":false},"author":1,"featured_media":67717,"comment_status":"closed","ping_status":"closed","sticky":false,"template":"","format":"standard","meta":{"jnews-multi-image_gallery":[],"jnews_single_post":[],"jnews_primary_category":[],"jnews_social_meta":[],"jnews_override_counter":[],"footnotes":""},"categories":[30],"tags":[],"class_list":["post-67716","post","type-post","status-publish","format-standard","has-post-thumbnail","hentry","category-social_ro"],"_links":{"self":[{"href":"https:\/\/orheifm.live\/index.php\/wp-json\/wp\/v2\/posts\/67716","targetHints":{"allow":["GET"]}}],"collection":[{"href":"https:\/\/orheifm.live\/index.php\/wp-json\/wp\/v2\/posts"}],"about":[{"href":"https:\/\/orheifm.live\/index.php\/wp-json\/wp\/v2\/types\/post"}],"author":[{"embeddable":true,"href":"https:\/\/orheifm.live\/index.php\/wp-json\/wp\/v2\/users\/1"}],"replies":[{"embeddable":true,"href":"https:\/\/orheifm.live\/index.php\/wp-json\/wp\/v2\/comments?post=67716"}],"version-history":[{"count":0,"href":"https:\/\/orheifm.live\/index.php\/wp-json\/wp\/v2\/posts\/67716\/revisions"}],"wp:featuredmedia":[{"embeddable":true,"href":"https:\/\/orheifm.live\/index.php\/wp-json\/wp\/v2\/media\/67717"}],"wp:attachment":[{"href":"https:\/\/orheifm.live\/index.php\/wp-json\/wp\/v2\/media?parent=67716"}],"wp:term":[{"taxonomy":"category","embeddable":true,"href":"https:\/\/orheifm.live\/index.php\/wp-json\/wp\/v2\/categories?post=67716"},{"taxonomy":"post_tag","embeddable":true,"href":"https:\/\/orheifm.live\/index.php\/wp-json\/wp\/v2\/tags?post=67716"}],"curies":[{"name":"wp","href":"https:\/\/api.w.org\/{rel}","templated":true}]}}