{"id":67712,"date":"2025-02-24T13:00:58","date_gmt":"2025-02-24T11:00:58","guid":{"rendered":"https:\/\/orheifm.live\/index.php\/2025\/02\/24\/76627\/"},"modified":"2025-02-24T13:00:58","modified_gmt":"2025-02-24T11:00:58","slug":"76627","status":"publish","type":"post","link":"https:\/\/orheifm.live\/index.php\/2025\/02\/24\/76627\/","title":{"rendered":"La B\u0103l\u021bi, eroii neamului sunt comemora\u021bi printr-un concurs militar-sportiv"},"content":{"rendered":"<div>\n<p data-start=\"81\" data-end=\"404\"><strong>Ast\u0103zi, la B\u0103l\u021bi, a avut loc un eveniment solemn dedicat eroilor care au luptat pentru independen\u021ba \u0219i integritatea Republicii Moldova. Ceremonia a \u00eenceput cu depunerea de flori la monumentul domnitorului \u0218tefan cel Mare \u0219i Sf\u00e2nt, un gest simbolic de omagiu adus celor care \u0219i-au sacrificat via\u021ba pentru valorile na\u021bionale.<\/strong><\/p>\n<p data-start=\"406\" data-end=\"675\">Printre participan\u021bi s-au num\u0103rat reprezentan\u021bi ai Ministerului Afacerilor Interne, Inspectoratului General de Carabinieri, Uniunii Na\u021bionale a Veteranilor R\u0103zboiului pentru Independen\u021ba Republicii Moldova, precum \u0219i angaja\u021bi ai MAI \u0219i ai administra\u021biei publice locale.<\/p>\n<p data-start=\"677\" data-end=\"1033\">Evenimentul a continuat cu desf\u0103\u0219urarea Concursului Na\u021bional militar-sportiv \u201eCupa Eroilor\u201d, ajuns la a XVII-a edi\u021bie, o competi\u021bie devenit\u0103 tradi\u021bie. Echipele din cadrul Inspectoratului General de Carabinieri, Academia \u201e\u0218tefan cel Mare\u201d a MAI, IGSU, Brigada 1 de Infanterie Motorizat\u0103 B\u0103l\u021bi \u0219i Poli\u021bia de Frontier\u0103 au participat activ \u00een probele sportive.<\/p>\n<p data-start=\"1035\" data-end=\"1285\">Carabinierii au ob\u021binut locul III la proba ridic\u0103rii greut\u0103\u021bilor \u0219i locul I la volei, iar Cupa Eroilor a fost \u00eenm\u00e2nat\u0103 echipei Inspectoratului General de Carabinieri. Eforturile lor au fost r\u0103spl\u0103tite cu diplome \u0219i medalii din partea organizatorilor.<\/p>\n<p data-start=\"1287\" data-end=\"1408\" data-is-last-node=\"\" data-is-only-node=\"\">Prin acest eveniment, amintirea eroilor c\u0103zu\u021bi este p\u0103strat\u0103 vie, iar angajamentul fa\u021b\u0103 de ap\u0103rarea \u021b\u0103rii este reafirmat.<\/p>\n<\/div>\n","protected":false},"excerpt":{"rendered":"<div><img loading=\"lazy\" decoding=\"async\" width=\"696\" height=\"464\" src=\"https:\/\/canal5.md\/wp-content\/uploads\/2025\/02\/476431115_1043443821161544_3848329550080774725_n-1024x682-optimized.jpg\" class=\"attachment-large size-large wp-post-image\" alt=\"\" srcset=\"https:\/\/canal5.md\/wp-content\/uploads\/2025\/02\/476431115_1043443821161544_3848329550080774725_n-1024x682-optimized.jpg 1024w, https:\/\/canal5.md\/wp-content\/uploads\/2025\/02\/476431115_1043443821161544_3848329550080774725_n-300x200-optimized.jpg 300w, https:\/\/canal5.md\/wp-content\/uploads\/2025\/02\/476431115_1043443821161544_3848329550080774725_n-768x512-optimized.jpg 768w, https:\/\/canal5.md\/wp-content\/uploads\/2025\/02\/476431115_1043443821161544_3848329550080774725_n-696x464-optimized.jpg 696w, https:\/\/canal5.md\/wp-content\/uploads\/2025\/02\/476431115_1043443821161544_3848329550080774725_n-1068x712-optimized.jpg 1068w, https:\/\/canal5.md\/wp-content\/uploads\/2025\/02\/476431115_1043443821161544_3848329550080774725_n-optimized.jpg 1280w\">Ast\u0103zi, la B\u0103l\u021bi, a avut loc un eveniment solemn dedicat eroilor care au luptat pentru independen\u021ba \u0219i integritatea Republicii Moldova. Ceremonia a \u00eenceput cu depunerea de flori la monumentul domnitorului \u0218tefan cel Mare \u0219i Sf\u00e2nt, un gest simbolic de omagiu adus celor care \u0219i-au sacrificat via\u021ba pentru valorile na\u021bionale. Printre participan\u021bi s-au num\u0103rat reprezentan\u021bi ai [\u2026]<\/div>\n","protected":false},"author":1,"featured_media":67713,"comment_status":"closed","ping_status":"closed","sticky":false,"template":"","format":"standard","meta":{"jnews-multi-image_gallery":[],"jnews_single_post":[],"jnews_primary_category":[],"jnews_social_meta":[],"jnews_override_counter":[],"footnotes":""},"categories":[30],"tags":[],"class_list":["post-67712","post","type-post","status-publish","format-standard","has-post-thumbnail","hentry","category-social_ro"],"_links":{"self":[{"href":"https:\/\/orheifm.live\/index.php\/wp-json\/wp\/v2\/posts\/67712","targetHints":{"allow":["GET"]}}],"collection":[{"href":"https:\/\/orheifm.live\/index.php\/wp-json\/wp\/v2\/posts"}],"about":[{"href":"https:\/\/orheifm.live\/index.php\/wp-json\/wp\/v2\/types\/post"}],"author":[{"embeddable":true,"href":"https:\/\/orheifm.live\/index.php\/wp-json\/wp\/v2\/users\/1"}],"replies":[{"embeddable":true,"href":"https:\/\/orheifm.live\/index.php\/wp-json\/wp\/v2\/comments?post=67712"}],"version-history":[{"count":0,"href":"https:\/\/orheifm.live\/index.php\/wp-json\/wp\/v2\/posts\/67712\/revisions"}],"wp:featuredmedia":[{"embeddable":true,"href":"https:\/\/orheifm.live\/index.php\/wp-json\/wp\/v2\/media\/67713"}],"wp:attachment":[{"href":"https:\/\/orheifm.live\/index.php\/wp-json\/wp\/v2\/media?parent=67712"}],"wp:term":[{"taxonomy":"category","embeddable":true,"href":"https:\/\/orheifm.live\/index.php\/wp-json\/wp\/v2\/categories?post=67712"},{"taxonomy":"post_tag","embeddable":true,"href":"https:\/\/orheifm.live\/index.php\/wp-json\/wp\/v2\/tags?post=67712"}],"curies":[{"name":"wp","href":"https:\/\/api.w.org\/{rel}","templated":true}]}}