{"id":67710,"date":"2025-02-24T12:40:49","date_gmt":"2025-02-24T10:40:49","guid":{"rendered":"https:\/\/orheifm.live\/index.php\/2025\/02\/24\/tragedie-in-slobozia-o-femeie-de-64-de-ani-a-murit-in-bazinul-de-apa-din-gradina\/"},"modified":"2025-02-24T12:40:49","modified_gmt":"2025-02-24T10:40:49","slug":"tragedie-in-slobozia-o-femeie-de-64-de-ani-a-murit-in-bazinul-de-apa-din-gradina","status":"publish","type":"post","link":"https:\/\/orheifm.live\/index.php\/2025\/02\/24\/tragedie-in-slobozia-o-femeie-de-64-de-ani-a-murit-in-bazinul-de-apa-din-gradina\/","title":{"rendered":"Tragedie \u00een Slobozia: O femeie de 64 de ani a murit \u00een bazinul de ap\u0103 din gr\u0103din\u0103"},"content":{"rendered":"<div>\n<p><strong>O femeie de 64 de ani a fost g\u0103sit\u0103 decedat\u0103 \u00eentr-un bazin de acumulare a apei din gr\u0103dina casei sale, \u00een satul Slobozia, raionul \u0218tefan Vod\u0103.<\/strong><\/p>\n<p>Potrivit poli\u021biei, incidentul a avut loc pe 22 februarie, \u00een jurul orei 10:00. Cadavrul a fost descoperit \u00een bazinul de ap\u0103 destinat irig\u0103rii.<\/p>\n<p>Se presupune c\u0103 femeia s-ar fi \u00eenecat, \u00eens\u0103 cauza exact\u0103 a mor\u021bii va fi stabilit\u0103 dup\u0103 necropsie. Poli\u021bia a deschis o anchet\u0103 pentru a clarifica circumstan\u021bele tragediei.<\/p>\n<\/div>\n","protected":false},"excerpt":{"rendered":"<div><img loading=\"lazy\" decoding=\"async\" width=\"696\" height=\"392\" src=\"https:\/\/canal5.md\/wp-content\/uploads\/2025\/02\/3d533e3dc42b9cf071cef4aa43971fde13ce1c460065a1bcee05d483cc1f7a82-1024x576-optimized.jpg\" class=\"attachment-large size-large wp-post-image\" alt=\"\" srcset=\"https:\/\/canal5.md\/wp-content\/uploads\/2025\/02\/3d533e3dc42b9cf071cef4aa43971fde13ce1c460065a1bcee05d483cc1f7a82-1024x576-optimized.jpg 1024w, https:\/\/canal5.md\/wp-content\/uploads\/2025\/02\/3d533e3dc42b9cf071cef4aa43971fde13ce1c460065a1bcee05d483cc1f7a82-300x169-optimized.jpg 300w, https:\/\/canal5.md\/wp-content\/uploads\/2025\/02\/3d533e3dc42b9cf071cef4aa43971fde13ce1c460065a1bcee05d483cc1f7a82-768x432-optimized.jpg 768w, https:\/\/canal5.md\/wp-content\/uploads\/2025\/02\/3d533e3dc42b9cf071cef4aa43971fde13ce1c460065a1bcee05d483cc1f7a82-696x392-optimized.jpg 696w, https:\/\/canal5.md\/wp-content\/uploads\/2025\/02\/3d533e3dc42b9cf071cef4aa43971fde13ce1c460065a1bcee05d483cc1f7a82-1068x601-optimized.jpg 1068w, https:\/\/canal5.md\/wp-content\/uploads\/2025\/02\/3d533e3dc42b9cf071cef4aa43971fde13ce1c460065a1bcee05d483cc1f7a82-optimized.jpg 1200w\">O femeie de 64 de ani a fost g\u0103sit\u0103 decedat\u0103 \u00eentr-un bazin de acumulare a apei din gr\u0103dina casei sale, \u00een satul Slobozia, raionul \u0218tefan Vod\u0103. Potrivit poli\u021biei, incidentul a avut loc pe 22 februarie, \u00een jurul orei 10:00. Cadavrul a fost descoperit \u00een bazinul de ap\u0103 destinat irig\u0103rii. Se presupune c\u0103 femeia s-ar fi [\u2026]<\/div>\n","protected":false},"author":1,"featured_media":67711,"comment_status":"closed","ping_status":"closed","sticky":false,"template":"","format":"standard","meta":{"jnews-multi-image_gallery":[],"jnews_single_post":[],"jnews_primary_category":[],"jnews_social_meta":[],"jnews_override_counter":[],"footnotes":""},"categories":[30],"tags":[],"class_list":["post-67710","post","type-post","status-publish","format-standard","has-post-thumbnail","hentry","category-social_ro"],"_links":{"self":[{"href":"https:\/\/orheifm.live\/index.php\/wp-json\/wp\/v2\/posts\/67710","targetHints":{"allow":["GET"]}}],"collection":[{"href":"https:\/\/orheifm.live\/index.php\/wp-json\/wp\/v2\/posts"}],"about":[{"href":"https:\/\/orheifm.live\/index.php\/wp-json\/wp\/v2\/types\/post"}],"author":[{"embeddable":true,"href":"https:\/\/orheifm.live\/index.php\/wp-json\/wp\/v2\/users\/1"}],"replies":[{"embeddable":true,"href":"https:\/\/orheifm.live\/index.php\/wp-json\/wp\/v2\/comments?post=67710"}],"version-history":[{"count":0,"href":"https:\/\/orheifm.live\/index.php\/wp-json\/wp\/v2\/posts\/67710\/revisions"}],"wp:featuredmedia":[{"embeddable":true,"href":"https:\/\/orheifm.live\/index.php\/wp-json\/wp\/v2\/media\/67711"}],"wp:attachment":[{"href":"https:\/\/orheifm.live\/index.php\/wp-json\/wp\/v2\/media?parent=67710"}],"wp:term":[{"taxonomy":"category","embeddable":true,"href":"https:\/\/orheifm.live\/index.php\/wp-json\/wp\/v2\/categories?post=67710"},{"taxonomy":"post_tag","embeddable":true,"href":"https:\/\/orheifm.live\/index.php\/wp-json\/wp\/v2\/tags?post=67710"}],"curies":[{"name":"wp","href":"https:\/\/api.w.org\/{rel}","templated":true}]}}