{"id":67708,"date":"2025-02-24T12:20:58","date_gmt":"2025-02-24T10:20:58","guid":{"rendered":"https:\/\/orheifm.live\/index.php\/2025\/02\/24\/femeie-muscata-de-caine-vagabond-in-parcul-valea-trandafirilor-din-chisinau\/"},"modified":"2025-02-24T12:20:58","modified_gmt":"2025-02-24T10:20:58","slug":"femeie-muscata-de-caine-vagabond-in-parcul-valea-trandafirilor-din-chisinau","status":"publish","type":"post","link":"https:\/\/orheifm.live\/index.php\/2025\/02\/24\/femeie-muscata-de-caine-vagabond-in-parcul-valea-trandafirilor-din-chisinau\/","title":{"rendered":"Femeie mu\u0219cat\u0103 de c\u00e2ine vagabond \u00een Parcul \u201eValea Trandafirilor\u201d din Chi\u0219in\u0103u:"},"content":{"rendered":"<div>\n<p><strong>Snejana, o locuitoare din Chi\u0219in\u0103u, a fost mu\u0219cat\u0103 de un c\u00e2ine vagabond \u00een timp ce se plimba cu so\u021bul \u0219i copilul lor de dou\u0103 luni \u00een Parcul \u201eValea Trandafirilor\u201d din sectorul Botanica, pe 12 februarie. Femeia a povestit c\u0103 \u00een jurul lacului se aflau \u0219ase c\u00e2ini vagabonzi, care nu p\u0103reau agresivi fa\u021b\u0103 de ceilal\u021bi vizitatori, dar unul dintre ace\u0219tia a atacat-o din senin, mu\u0219c\u00e2nd-o de piciorul st\u00e2ng.<\/strong><br \/>\n<iframe loading=\"lazy\" title=\"YouTube video player\" src=\"https:\/\/www.youtube.com\/embed\/JJhQJOZZ7n0?si=kickPHWsSG5iRGuW\" width=\"560\" height=\"315\" frameborder=\"0\" allowfullscreen=\"allowfullscreen\"><\/iframe><\/p>\n<p>Dup\u0103 incident, Snejana a apelat la ambulan\u021b\u0103, iar medicii au ajuns \u00een 17 minute \u0219i i-au tratat rana cu alcool. Ace\u0219tia i-au recomandat s\u0103 se prezinte la medicul rabiolog a doua zi pentru a \u00eencepe tratamentul antirabic. De\u0219i medicii i-au spus c\u0103 ace\u0219ti c\u00e2ini sunt, de obicei, vaccina\u021bi, Snejana nu s-a sim\u021bit lini\u0219tit\u0103, av\u00e2nd un copil mic pe care \u00eel al\u0103pteaz\u0103. \u00cen aceea\u0219i zi, a \u00eencercat s\u0103 ob\u021bin\u0103 vaccinul antirabic, dar medicul rabiolog, singurul din Chi\u0219in\u0103u, nu era de serviciu. A doua zi, femeia a primit at\u00e2t vaccinul antirabic, c\u00e2t \u0219i vaccinul \u00eempotriva tetanosului. Totu\u0219i, Snejana a avut \u00eengrijor\u0103ri cu privire la al\u0103ptarea copilului, fiind nel\u0103murit\u0103 dac\u0103 vaccinul antirabic poate afecta laptele matern. Nu a primit r\u0103spunsuri clare de la medici.<\/p>\n<p>Dup\u0103 ce a fost mu\u0219cat\u0103, Snejana s-a prezentat la Poli\u021bie, dar autorit\u0103\u021bile i-au spus c\u0103 pot lua m\u0103suri doar \u00een cazul \u00een care c\u00e2inele are st\u0103p\u00e2n. \u00cen cazul unui c\u00e2ine vagabond, nu pot interveni, iar femeia a fost \u00eendrumat\u0103 s\u0103 depun\u0103 pl\u00e2ngerea la Prim\u0103rie. Cu toate acestea, Snejana nu are \u00eencredere c\u0103 pl\u00e2ngerea va avea efect, av\u00e2nd \u00een vedere c\u0103 multe alte persoane care s-au confruntat cu probleme similare nu au ob\u021binut ajutor din partea autorit\u0103\u021bilor.<br \/>\n<em>\u201eNu am timp s\u0103 umblu pe la prim\u0103rii \u0219i s\u0103 depun pl\u00e2ngeri care nu duc nic\u0103ieri. Dac\u0103 problema ar fi discutat\u0103 mai mult public, poate s-ar lua m\u0103suri mai eficiente\u201d, a spus ea.<\/em><\/p>\n<p>Femeia consider\u0103 c\u0103 problema c\u00e2inilor vagabonzi din Chi\u0219in\u0103u este mult mai serioas\u0103 dec\u00e2t pare \u0219i c\u0103 o parte din vin\u0103 o poart\u0103 \u0219i locuitorii ora\u0219ului, care hr\u0103nesc regulat c\u00e2inii vagabonzi, contribuind astfel la proliferarea lor. De asemenea, ea a observat c\u0103 mul\u021bi oameni care au de suferit din cauza c\u00e2inilor vagabonzi nu depun pl\u00e2ngeri, tem\u00e2ndu-se c\u0103 nu se vor lua m\u0103suri.<\/p>\n<p>Un activist al mi\u0219c\u0103rii \u201eStopHam\u201d a cerut autorit\u0103\u021bilor locale s\u0103 rezolve problema c\u00e2inilor vagabonzi din Chi\u0219in\u0103u. Acesta a subliniat c\u0103 este esen\u021bial ca Prim\u0103ria s\u0103 ia m\u0103suri urgente pentru a preveni alte incidente \u0219i pentru a asigura siguran\u021ba locuitorilor.<\/p>\n<p>Amintim de promisiunea primarului Ion Ceban, care a declarat c\u0103 va rezolva aceast\u0103 problem\u0103 \u00eenc\u0103 de la prima sa candidatur\u0103 la func\u021bia de primar.<\/p>\n<p>\u201eNu a\u0219tepta\u021bi ca o tragedie s\u0103 se \u00eent\u00e2mple \u00eentr-un parc. Asculta\u021bi cerin\u021bele cet\u0103\u021benilor \u0219i asigura\u021bi-v\u0103 c\u0103 ora\u0219ul nostru este un loc sigur \u0219i curat pentru to\u021bi\u201d, a declarat un activist StopHam.<\/p>\n<\/div>\n","protected":false},"excerpt":{"rendered":"<div><img loading=\"lazy\" decoding=\"async\" width=\"696\" height=\"442\" src=\"https:\/\/canal5.md\/wp-content\/uploads\/2025\/02\/snimok-ekrana_24-2-2025_11497_www.youtube.com_-optimized.jpeg\" class=\"attachment-large size-large wp-post-image\" alt=\"\" srcset=\"https:\/\/canal5.md\/wp-content\/uploads\/2025\/02\/snimok-ekrana_24-2-2025_11497_www.youtube.com_-optimized.jpeg 960w, https:\/\/canal5.md\/wp-content\/uploads\/2025\/02\/snimok-ekrana_24-2-2025_11497_www.youtube.com_-300x191-optimized.jpeg 300w, https:\/\/canal5.md\/wp-content\/uploads\/2025\/02\/snimok-ekrana_24-2-2025_11497_www.youtube.com_-768x488-optimized.jpeg 768w, https:\/\/canal5.md\/wp-content\/uploads\/2025\/02\/snimok-ekrana_24-2-2025_11497_www.youtube.com_-696x442-optimized.jpeg 696w\">Snejana, o locuitoare din Chi\u0219in\u0103u, a fost mu\u0219cat\u0103 de un c\u00e2ine vagabond \u00een timp ce se plimba cu so\u021bul \u0219i copilul lor de dou\u0103 luni \u00een Parcul \u201eValea Trandafirilor\u201d din sectorul Botanica, pe 12 februarie. Femeia a povestit c\u0103 \u00een jurul lacului se aflau \u0219ase c\u00e2ini vagabonzi, care nu p\u0103reau agresivi fa\u021b\u0103 de ceilal\u021bi vizitatori, [\u2026]<\/div>\n","protected":false},"author":1,"featured_media":67709,"comment_status":"closed","ping_status":"closed","sticky":false,"template":"","format":"standard","meta":{"jnews-multi-image_gallery":[],"jnews_single_post":[],"jnews_primary_category":[],"jnews_social_meta":[],"jnews_override_counter":[],"footnotes":""},"categories":[30],"tags":[],"class_list":["post-67708","post","type-post","status-publish","format-standard","has-post-thumbnail","hentry","category-social_ro"],"_links":{"self":[{"href":"https:\/\/orheifm.live\/index.php\/wp-json\/wp\/v2\/posts\/67708","targetHints":{"allow":["GET"]}}],"collection":[{"href":"https:\/\/orheifm.live\/index.php\/wp-json\/wp\/v2\/posts"}],"about":[{"href":"https:\/\/orheifm.live\/index.php\/wp-json\/wp\/v2\/types\/post"}],"author":[{"embeddable":true,"href":"https:\/\/orheifm.live\/index.php\/wp-json\/wp\/v2\/users\/1"}],"replies":[{"embeddable":true,"href":"https:\/\/orheifm.live\/index.php\/wp-json\/wp\/v2\/comments?post=67708"}],"version-history":[{"count":0,"href":"https:\/\/orheifm.live\/index.php\/wp-json\/wp\/v2\/posts\/67708\/revisions"}],"wp:featuredmedia":[{"embeddable":true,"href":"https:\/\/orheifm.live\/index.php\/wp-json\/wp\/v2\/media\/67709"}],"wp:attachment":[{"href":"https:\/\/orheifm.live\/index.php\/wp-json\/wp\/v2\/media?parent=67708"}],"wp:term":[{"taxonomy":"category","embeddable":true,"href":"https:\/\/orheifm.live\/index.php\/wp-json\/wp\/v2\/categories?post=67708"},{"taxonomy":"post_tag","embeddable":true,"href":"https:\/\/orheifm.live\/index.php\/wp-json\/wp\/v2\/tags?post=67708"}],"curies":[{"name":"wp","href":"https:\/\/api.w.org\/{rel}","templated":true}]}}