{"id":67706,"date":"2025-02-24T12:20:22","date_gmt":"2025-02-24T10:20:22","guid":{"rendered":"https:\/\/orheifm.live\/index.php\/2025\/02\/24\/inmormantarea-lui-romeo-zacarean-va-avea-loc-marti-la-ora-1230\/"},"modified":"2025-02-24T12:20:22","modified_gmt":"2025-02-24T10:20:22","slug":"inmormantarea-lui-romeo-zacarean-va-avea-loc-marti-la-ora-1230","status":"publish","type":"post","link":"https:\/\/orheifm.live\/index.php\/2025\/02\/24\/inmormantarea-lui-romeo-zacarean-va-avea-loc-marti-la-ora-1230\/","title":{"rendered":"\u00cenmorm\u00e2ntarea lui Romeo Zacarean, va avea loc mar\u021bi la ora 12:30"},"content":{"rendered":"<div>\n<p data-sourcepos=\"1:1-1:718\"><strong>Ceremonia de r\u0103mas bun pentru Romeo Zacarean, proprietarul localului \u201eLa Sarkis\u201d, va avea loc luni, 24 februarie 2025, \u00eentre orele 18:00 \u0219i 24:00, \u00een sala nr. 3 a centrului funerar \u201eRitus\u201d de pe strada Doina, 193.<\/strong><\/p>\n<p data-sourcepos=\"1:1-1:718\">\u00cenmorm\u00e2ntarea va avea loc mar\u021bi, 25 februarie 2025, la ora 12:30, \u00een Cimitirul Polono-Armean de pe strada Valea Trandafirilor, 11. Comunitatea Armean\u0103 din Republica Moldova a transmis un mesaj de condolean\u021be, invit\u00e2nd pe to\u021bi cei care doresc s\u0103 aduc\u0103 un ultim omagiu lui Romeo Zacarean s\u0103 participe la ceremonii.<\/p>\n<p data-sourcepos=\"1:1-1:718\">Romeo Zacarean a fost g\u0103sit decedat \u00een locuin\u021ba sa pe 21 februarie, \u00een jurul orei 18:10, iar conform declara\u021biilor Comunit\u0103\u021bii Armene, decesul a survenit \u00een urma unei \u00eempu\u0219c\u0103turi accidentale.<\/p>\n<\/div>\n","protected":false},"excerpt":{"rendered":"<div><img decoding=\"async\" width=\"696\" height=\"392\" src=\"https:\/\/canal5.md\/wp-content\/uploads\/2025\/02\/69de99f7-3076-4829-9cb0-f7f74c19b648-optimized.png\" class=\"attachment-large size-large wp-post-image\" alt=\"\" loading=\"lazy\" srcset=\"https:\/\/canal5.md\/wp-content\/uploads\/2025\/02\/69de99f7-3076-4829-9cb0-f7f74c19b648-optimized.png 800w, https:\/\/canal5.md\/wp-content\/uploads\/2025\/02\/69de99f7-3076-4829-9cb0-f7f74c19b648-300x169-optimized.png 300w, https:\/\/canal5.md\/wp-content\/uploads\/2025\/02\/69de99f7-3076-4829-9cb0-f7f74c19b648-768x432-optimized.png 768w, https:\/\/canal5.md\/wp-content\/uploads\/2025\/02\/69de99f7-3076-4829-9cb0-f7f74c19b648-696x392-optimized.png 696w\">Ceremonia de r\u0103mas bun pentru Romeo Zacarean, proprietarul localului \u201eLa Sarkis\u201d, va avea loc luni, 24 februarie 2025, \u00eentre orele 18:00 \u0219i 24:00, \u00een sala nr. 3 a centrului funerar \u201eRitus\u201d de pe strada Doina, 193. \u00cenmorm\u00e2ntarea va avea loc mar\u021bi, 25 februarie 2025, la ora 12:30, \u00een Cimitirul Polono-Armean de pe strada Valea Trandafirilor, [\u2026]<\/div>\n","protected":false},"author":1,"featured_media":67707,"comment_status":"closed","ping_status":"closed","sticky":false,"template":"","format":"standard","meta":{"jnews-multi-image_gallery":[],"jnews_single_post":[],"jnews_primary_category":[],"jnews_social_meta":[],"jnews_override_counter":[],"footnotes":""},"categories":[30],"tags":[],"class_list":["post-67706","post","type-post","status-publish","format-standard","has-post-thumbnail","hentry","category-social_ro"],"_links":{"self":[{"href":"https:\/\/orheifm.live\/index.php\/wp-json\/wp\/v2\/posts\/67706","targetHints":{"allow":["GET"]}}],"collection":[{"href":"https:\/\/orheifm.live\/index.php\/wp-json\/wp\/v2\/posts"}],"about":[{"href":"https:\/\/orheifm.live\/index.php\/wp-json\/wp\/v2\/types\/post"}],"author":[{"embeddable":true,"href":"https:\/\/orheifm.live\/index.php\/wp-json\/wp\/v2\/users\/1"}],"replies":[{"embeddable":true,"href":"https:\/\/orheifm.live\/index.php\/wp-json\/wp\/v2\/comments?post=67706"}],"version-history":[{"count":0,"href":"https:\/\/orheifm.live\/index.php\/wp-json\/wp\/v2\/posts\/67706\/revisions"}],"wp:featuredmedia":[{"embeddable":true,"href":"https:\/\/orheifm.live\/index.php\/wp-json\/wp\/v2\/media\/67707"}],"wp:attachment":[{"href":"https:\/\/orheifm.live\/index.php\/wp-json\/wp\/v2\/media?parent=67706"}],"wp:term":[{"taxonomy":"category","embeddable":true,"href":"https:\/\/orheifm.live\/index.php\/wp-json\/wp\/v2\/categories?post=67706"},{"taxonomy":"post_tag","embeddable":true,"href":"https:\/\/orheifm.live\/index.php\/wp-json\/wp\/v2\/tags?post=67706"}],"curies":[{"name":"wp","href":"https:\/\/api.w.org\/{rel}","templated":true}]}}