{"id":67704,"date":"2025-02-24T12:00:40","date_gmt":"2025-02-24T10:00:40","guid":{"rendered":"https:\/\/orheifm.live\/index.php\/2025\/02\/24\/caprioara-salvata-si-eliberata-in-natura-de-autoritati-si-vanatori-din-ungheni\/"},"modified":"2025-02-24T12:00:40","modified_gmt":"2025-02-24T10:00:40","slug":"caprioara-salvata-si-eliberata-in-natura-de-autoritati-si-vanatori-din-ungheni","status":"publish","type":"post","link":"https:\/\/orheifm.live\/index.php\/2025\/02\/24\/caprioara-salvata-si-eliberata-in-natura-de-autoritati-si-vanatori-din-ungheni\/","title":{"rendered":"C\u0103prioar\u0103 salvat\u0103 \u0219i eliberat\u0103 \u00een natur\u0103 de autorit\u0103\u021bi \u0219i v\u00e2n\u0103tori din Ungheni"},"content":{"rendered":"<div>\n<p><strong>O c\u0103prioar\u0103 r\u0103nit\u0103 a fost salvat\u0103 \u0219i eliberat\u0103 \u00een natur\u0103 de inspectorii de mediu din Ungheni \u0219i silvicultorii de la \u00centreprinderea pentru Silvicultur\u0103 \u201eSilva-Centru\u201d Ungheni. Pe 8 februarie 2025, animalul, speriat \u0219i r\u0103nit, a ajuns \u00een satul Petre\u0219ti, raionul Unghen.<\/strong><\/p>\n<p>Din fericire, c\u0103prioara a fost g\u0103sit\u0103 de Alexandru Budeanu, un membru dedicat al Societ\u0103\u021bii V\u00e2n\u0103torilor \u0219i Pescarilor din Moldova, care, f\u0103r\u0103 ezitare, a ad\u0103postit-o, i-a acordat \u00eengrijiri \u0219i a avut grij\u0103 de ea p\u00e2n\u0103 c\u00e2nd s-a ref\u0103cut suficient pentru a fi eliberat\u0103 \u00een siguran\u021b\u0103.<\/p>\n<p>Gra\u021bie eforturilor oamenilor \u0219i colabor\u0103rii dintre autorit\u0103\u021bi \u0219i silvicultori, c\u0103prioara a fost returnat\u0103 \u00een mediul s\u0103u natural, iar acest gest de compasiune ne reaminte\u0219te importan\u021ba protej\u0103rii faunei s\u0103lbatice \u0219i responsabilitatea comun\u0103 a tuturor de a o conserva.<\/p>\n<\/div>\n","protected":false},"excerpt":{"rendered":"<div><img loading=\"lazy\" decoding=\"async\" width=\"696\" height=\"928\" src=\"https:\/\/canal5.md\/wp-content\/uploads\/2025\/02\/3e1dd0f30c6d1afe595ddf1f19508b4368e9f3986ca17b0f6863a516e6a30cb8-768x1024-optimized.jpg\" class=\"attachment-large size-large wp-post-image\" alt=\"\" srcset=\"https:\/\/canal5.md\/wp-content\/uploads\/2025\/02\/3e1dd0f30c6d1afe595ddf1f19508b4368e9f3986ca17b0f6863a516e6a30cb8-768x1024-optimized.jpg 768w, https:\/\/canal5.md\/wp-content\/uploads\/2025\/02\/3e1dd0f30c6d1afe595ddf1f19508b4368e9f3986ca17b0f6863a516e6a30cb8-225x300-optimized.jpg 225w, https:\/\/canal5.md\/wp-content\/uploads\/2025\/02\/3e1dd0f30c6d1afe595ddf1f19508b4368e9f3986ca17b0f6863a516e6a30cb8-1152x1536-optimized.jpg 1152w, https:\/\/canal5.md\/wp-content\/uploads\/2025\/02\/3e1dd0f30c6d1afe595ddf1f19508b4368e9f3986ca17b0f6863a516e6a30cb8-696x928-optimized.jpg 696w, https:\/\/canal5.md\/wp-content\/uploads\/2025\/02\/3e1dd0f30c6d1afe595ddf1f19508b4368e9f3986ca17b0f6863a516e6a30cb8-1068x1424-optimized.jpg 1068w, https:\/\/canal5.md\/wp-content\/uploads\/2025\/02\/3e1dd0f30c6d1afe595ddf1f19508b4368e9f3986ca17b0f6863a516e6a30cb8-optimized.jpg 1200w\">O c\u0103prioar\u0103 r\u0103nit\u0103 a fost salvat\u0103 \u0219i eliberat\u0103 \u00een natur\u0103 de inspectorii de mediu din Ungheni \u0219i silvicultorii de la \u00centreprinderea pentru Silvicultur\u0103 \u201eSilva-Centru\u201d Ungheni. Pe 8 februarie 2025, animalul, speriat \u0219i r\u0103nit, a ajuns \u00een satul Petre\u0219ti, raionul Unghen. Din fericire, c\u0103prioara a fost g\u0103sit\u0103 de Alexandru Budeanu, un membru dedicat al Societ\u0103\u021bii V\u00e2n\u0103torilor [\u2026]<\/div>\n","protected":false},"author":1,"featured_media":67705,"comment_status":"closed","ping_status":"closed","sticky":false,"template":"","format":"standard","meta":{"jnews-multi-image_gallery":[],"jnews_single_post":[],"jnews_primary_category":[],"jnews_social_meta":[],"jnews_override_counter":[],"footnotes":""},"categories":[30],"tags":[],"class_list":["post-67704","post","type-post","status-publish","format-standard","has-post-thumbnail","hentry","category-social_ro"],"_links":{"self":[{"href":"https:\/\/orheifm.live\/index.php\/wp-json\/wp\/v2\/posts\/67704","targetHints":{"allow":["GET"]}}],"collection":[{"href":"https:\/\/orheifm.live\/index.php\/wp-json\/wp\/v2\/posts"}],"about":[{"href":"https:\/\/orheifm.live\/index.php\/wp-json\/wp\/v2\/types\/post"}],"author":[{"embeddable":true,"href":"https:\/\/orheifm.live\/index.php\/wp-json\/wp\/v2\/users\/1"}],"replies":[{"embeddable":true,"href":"https:\/\/orheifm.live\/index.php\/wp-json\/wp\/v2\/comments?post=67704"}],"version-history":[{"count":0,"href":"https:\/\/orheifm.live\/index.php\/wp-json\/wp\/v2\/posts\/67704\/revisions"}],"wp:featuredmedia":[{"embeddable":true,"href":"https:\/\/orheifm.live\/index.php\/wp-json\/wp\/v2\/media\/67705"}],"wp:attachment":[{"href":"https:\/\/orheifm.live\/index.php\/wp-json\/wp\/v2\/media?parent=67704"}],"wp:term":[{"taxonomy":"category","embeddable":true,"href":"https:\/\/orheifm.live\/index.php\/wp-json\/wp\/v2\/categories?post=67704"},{"taxonomy":"post_tag","embeddable":true,"href":"https:\/\/orheifm.live\/index.php\/wp-json\/wp\/v2\/tags?post=67704"}],"curies":[{"name":"wp","href":"https:\/\/api.w.org\/{rel}","templated":true}]}}