{"id":67700,"date":"2025-02-24T11:20:49","date_gmt":"2025-02-24T09:20:49","guid":{"rendered":"https:\/\/orheifm.live\/index.php\/2025\/02\/24\/tragedii-din-cauza-incendiilor-doua-victime-si-un-ranit-in-ultimele-24-de-ore\/"},"modified":"2025-02-24T11:20:49","modified_gmt":"2025-02-24T09:20:49","slug":"tragedii-din-cauza-incendiilor-doua-victime-si-un-ranit-in-ultimele-24-de-ore","status":"publish","type":"post","link":"https:\/\/orheifm.live\/index.php\/2025\/02\/24\/tragedii-din-cauza-incendiilor-doua-victime-si-un-ranit-in-ultimele-24-de-ore\/","title":{"rendered":"Tragedii din cauza incendiilor: Dou\u0103 victime \u0219i un r\u0103nit \u00een ultimele 24 de ore"},"content":{"rendered":"<div>\n<p><strong>Dou\u0103 persoane au decedat, iar alta a suferit arsuri, \u00een urma unor incendii devastatoare. Evenimentele au avut loc \u00een ultimele 24 de ore, \u00een raionul Nisporeni \u0219i municipiul Chi\u0219in\u0103u, potrivit IGSU.<\/strong><\/p>\n<p>Primul incident s-a petrecut noaptea trecut\u0103, \u00een jurul orei 00:40, \u00eentr-o cas\u0103 din Mile\u0219ti, Nisporeni. Pompierii au g\u0103sit cadavrul carbonizat al proprietarului, dup\u0103 ce localnicii au alertat autorit\u0103\u021bile.<\/p>\n<p>Al doilea incendiu a avut loc diminea\u021ba aceasta, \u00een jurul orei 07:15, pe stradela Tudor Vladimirescu, \u00een Durle\u0219ti, Chi\u0219in\u0103u. O femeie de 91 de ani a decedat \u00eentr-un incendiu, iar fiul ei, \u00een v\u00e2rst\u0103 de 67 de ani, a suferit arsuri severe. Acesta a reu\u0219it s\u0103 scape din fl\u0103c\u0103ri \u0219i a fost transportat la spital pentru tratament medical.<\/p>\n<\/div>\n","protected":false},"excerpt":{"rendered":"<div><img loading=\"lazy\" decoding=\"async\" width=\"696\" height=\"392\" src=\"https:\/\/canal5.md\/wp-content\/uploads\/2025\/02\/5ae5c231c5765e1760f2797303e3f0ac62e04c896166d3b1aee3ae7258c81a48-1024x576-optimized.jpg\" class=\"attachment-large size-large wp-post-image\" alt=\"\" srcset=\"https:\/\/canal5.md\/wp-content\/uploads\/2025\/02\/5ae5c231c5765e1760f2797303e3f0ac62e04c896166d3b1aee3ae7258c81a48-1024x576-optimized.jpg 1024w, https:\/\/canal5.md\/wp-content\/uploads\/2025\/02\/5ae5c231c5765e1760f2797303e3f0ac62e04c896166d3b1aee3ae7258c81a48-300x169-optimized.jpg 300w, https:\/\/canal5.md\/wp-content\/uploads\/2025\/02\/5ae5c231c5765e1760f2797303e3f0ac62e04c896166d3b1aee3ae7258c81a48-768x432-optimized.jpg 768w, https:\/\/canal5.md\/wp-content\/uploads\/2025\/02\/5ae5c231c5765e1760f2797303e3f0ac62e04c896166d3b1aee3ae7258c81a48-696x392-optimized.jpg 696w, https:\/\/canal5.md\/wp-content\/uploads\/2025\/02\/5ae5c231c5765e1760f2797303e3f0ac62e04c896166d3b1aee3ae7258c81a48-1068x601-optimized.jpg 1068w, https:\/\/canal5.md\/wp-content\/uploads\/2025\/02\/5ae5c231c5765e1760f2797303e3f0ac62e04c896166d3b1aee3ae7258c81a48-optimized.jpg 1200w\">Dou\u0103 persoane au decedat, iar alta a suferit arsuri, \u00een urma unor incendii devastatoare. Evenimentele au avut loc \u00een ultimele 24 de ore, \u00een raionul Nisporeni \u0219i municipiul Chi\u0219in\u0103u, potrivit IGSU. Primul incident s-a petrecut noaptea trecut\u0103, \u00een jurul orei 00:40, \u00eentr-o cas\u0103 din Mile\u0219ti, Nisporeni. Pompierii au g\u0103sit cadavrul carbonizat al proprietarului, dup\u0103 ce [\u2026]<\/div>\n","protected":false},"author":1,"featured_media":67701,"comment_status":"closed","ping_status":"closed","sticky":false,"template":"","format":"standard","meta":{"jnews-multi-image_gallery":[],"jnews_single_post":[],"jnews_primary_category":[],"jnews_social_meta":[],"jnews_override_counter":[],"footnotes":""},"categories":[30],"tags":[],"class_list":["post-67700","post","type-post","status-publish","format-standard","has-post-thumbnail","hentry","category-social_ro"],"_links":{"self":[{"href":"https:\/\/orheifm.live\/index.php\/wp-json\/wp\/v2\/posts\/67700","targetHints":{"allow":["GET"]}}],"collection":[{"href":"https:\/\/orheifm.live\/index.php\/wp-json\/wp\/v2\/posts"}],"about":[{"href":"https:\/\/orheifm.live\/index.php\/wp-json\/wp\/v2\/types\/post"}],"author":[{"embeddable":true,"href":"https:\/\/orheifm.live\/index.php\/wp-json\/wp\/v2\/users\/1"}],"replies":[{"embeddable":true,"href":"https:\/\/orheifm.live\/index.php\/wp-json\/wp\/v2\/comments?post=67700"}],"version-history":[{"count":0,"href":"https:\/\/orheifm.live\/index.php\/wp-json\/wp\/v2\/posts\/67700\/revisions"}],"wp:featuredmedia":[{"embeddable":true,"href":"https:\/\/orheifm.live\/index.php\/wp-json\/wp\/v2\/media\/67701"}],"wp:attachment":[{"href":"https:\/\/orheifm.live\/index.php\/wp-json\/wp\/v2\/media?parent=67700"}],"wp:term":[{"taxonomy":"category","embeddable":true,"href":"https:\/\/orheifm.live\/index.php\/wp-json\/wp\/v2\/categories?post=67700"},{"taxonomy":"post_tag","embeddable":true,"href":"https:\/\/orheifm.live\/index.php\/wp-json\/wp\/v2\/tags?post=67700"}],"curies":[{"name":"wp","href":"https:\/\/api.w.org\/{rel}","templated":true}]}}