{"id":67698,"date":"2025-02-24T11:00:21","date_gmt":"2025-02-24T09:00:21","guid":{"rendered":"https:\/\/orheifm.live\/index.php\/2025\/02\/24\/politia-republicii-moldova-femeie-identificata-pentru-uzurparea-calitatilor-oficiale-dupa-ce-a-folosit-ilegal-uniforma-de-politista\/"},"modified":"2025-02-24T11:00:21","modified_gmt":"2025-02-24T09:00:21","slug":"politia-republicii-moldova-femeie-identificata-pentru-uzurparea-calitatilor-oficiale-dupa-ce-a-folosit-ilegal-uniforma-de-politista","status":"publish","type":"post","link":"https:\/\/orheifm.live\/index.php\/2025\/02\/24\/politia-republicii-moldova-femeie-identificata-pentru-uzurparea-calitatilor-oficiale-dupa-ce-a-folosit-ilegal-uniforma-de-politista\/","title":{"rendered":"Poli\u021bia Republicii Moldova: Femeie identificat\u0103 pentru uzurparea calit\u0103\u021bilor oficiale, dup\u0103 ce a folosit ilegal uniforma de poli\u021bist\u0103"},"content":{"rendered":"<div>\n<p data-start=\"139\" data-end=\"439\"><strong>Poli\u021bia Na\u021bional\u0103 a anun\u021bat c\u0103 a identificat persoana care a ap\u0103rut \u00eentr-un video pe re\u021belele de socializare, unde folose\u0219te un limbaj indecent \u0219i face afirma\u021bii denigratoare la adresa institu\u021biilor de drept. Autorit\u0103\u021bile precizeaz\u0103 c\u0103 femeia nu este angajat\u0103 a Ministerului Afacerilor Interne (MAI).<\/strong><\/p>\n<p data-start=\"441\" data-end=\"786\">Femeia, originar\u0103 din raionul Edine\u021b, \u00een v\u00e2rst\u0103 de 31 de ani, va fi documentat\u0103 pentru \u201eUzurparea de calit\u0103\u021bi oficiale prin folosirea ilegal\u0103 a uniformei cu \u00eensemne distinctive, cu simbolica autorit\u0103\u021bilor publice, ce ar putea duce la confundare\u201d. \u00cen prezent, Poli\u021bia urmeaz\u0103 s\u0103 stabileasc\u0103 \u0219i modul \u00een care aceasta a intrat \u00een posesia uniformei.<\/p>\n<p data-start=\"788\" data-end=\"910\" data-is-last-node=\"\" data-is-only-node=\"\">Poli\u021bia Na\u021bional\u0103 reitereaz\u0103 c\u0103 astfel de comportamente care afecteaz\u0103 imaginea institu\u021biilor statului nu vor fi tolerate.<\/p>\n<\/div>\n","protected":false},"excerpt":{"rendered":"<div><img loading=\"lazy\" decoding=\"async\" width=\"658\" height=\"1024\" src=\"https:\/\/canal5.md\/wp-content\/uploads\/2025\/02\/photo_2025-02-24_09-14-05-658x1024-optimized.jpg\" class=\"attachment-large size-large wp-post-image\" alt=\"\" srcset=\"https:\/\/canal5.md\/wp-content\/uploads\/2025\/02\/photo_2025-02-24_09-14-05-658x1024-optimized.jpg 658w, https:\/\/canal5.md\/wp-content\/uploads\/2025\/02\/photo_2025-02-24_09-14-05-193x300-optimized.jpg 193w, https:\/\/canal5.md\/wp-content\/uploads\/2025\/02\/photo_2025-02-24_09-14-05-768x1196-optimized.jpg 768w, https:\/\/canal5.md\/wp-content\/uploads\/2025\/02\/photo_2025-02-24_09-14-05-696x1084-optimized.jpg 696w, https:\/\/canal5.md\/wp-content\/uploads\/2025\/02\/photo_2025-02-24_09-14-05-optimized.jpg 822w\">Poli\u021bia Na\u021bional\u0103 a anun\u021bat c\u0103 a identificat persoana care a ap\u0103rut \u00eentr-un video pe re\u021belele de socializare, unde folose\u0219te un limbaj indecent \u0219i face afirma\u021bii denigratoare la adresa institu\u021biilor de drept. Autorit\u0103\u021bile precizeaz\u0103 c\u0103 femeia nu este angajat\u0103 a Ministerului Afacerilor Interne (MAI). Femeia, originar\u0103 din raionul Edine\u021b, \u00een v\u00e2rst\u0103 de 31 de ani, va [\u2026]<\/div>\n","protected":false},"author":1,"featured_media":67699,"comment_status":"closed","ping_status":"closed","sticky":false,"template":"","format":"standard","meta":{"jnews-multi-image_gallery":[],"jnews_single_post":[],"jnews_primary_category":[],"jnews_social_meta":[],"jnews_override_counter":[],"footnotes":""},"categories":[30],"tags":[],"class_list":["post-67698","post","type-post","status-publish","format-standard","has-post-thumbnail","hentry","category-social_ro"],"_links":{"self":[{"href":"https:\/\/orheifm.live\/index.php\/wp-json\/wp\/v2\/posts\/67698","targetHints":{"allow":["GET"]}}],"collection":[{"href":"https:\/\/orheifm.live\/index.php\/wp-json\/wp\/v2\/posts"}],"about":[{"href":"https:\/\/orheifm.live\/index.php\/wp-json\/wp\/v2\/types\/post"}],"author":[{"embeddable":true,"href":"https:\/\/orheifm.live\/index.php\/wp-json\/wp\/v2\/users\/1"}],"replies":[{"embeddable":true,"href":"https:\/\/orheifm.live\/index.php\/wp-json\/wp\/v2\/comments?post=67698"}],"version-history":[{"count":0,"href":"https:\/\/orheifm.live\/index.php\/wp-json\/wp\/v2\/posts\/67698\/revisions"}],"wp:featuredmedia":[{"embeddable":true,"href":"https:\/\/orheifm.live\/index.php\/wp-json\/wp\/v2\/media\/67699"}],"wp:attachment":[{"href":"https:\/\/orheifm.live\/index.php\/wp-json\/wp\/v2\/media?parent=67698"}],"wp:term":[{"taxonomy":"category","embeddable":true,"href":"https:\/\/orheifm.live\/index.php\/wp-json\/wp\/v2\/categories?post=67698"},{"taxonomy":"post_tag","embeddable":true,"href":"https:\/\/orheifm.live\/index.php\/wp-json\/wp\/v2\/tags?post=67698"}],"curies":[{"name":"wp","href":"https:\/\/api.w.org\/{rel}","templated":true}]}}