{"id":67696,"date":"2025-02-24T10:40:38","date_gmt":"2025-02-24T08:40:38","guid":{"rendered":"https:\/\/orheifm.live\/index.php\/2025\/02\/24\/tragedie-in-straseni-femeie-gasita-spanzurata-in-propria-casa\/"},"modified":"2025-02-24T10:40:38","modified_gmt":"2025-02-24T08:40:38","slug":"tragedie-in-straseni-femeie-gasita-spanzurata-in-propria-casa","status":"publish","type":"post","link":"https:\/\/orheifm.live\/index.php\/2025\/02\/24\/tragedie-in-straseni-femeie-gasita-spanzurata-in-propria-casa\/","title":{"rendered":"Tragedie \u00een Str\u0103\u0219eni: Femeie g\u0103sit\u0103 sp\u00e2nzurat\u0103 \u00een propria cas\u0103"},"content":{"rendered":"<div>\n<p><strong>Cadavrul unei femei a fost g\u0103sit sp\u00e2nzurat \u00een aceast\u0103 diminea\u021b\u0103, \u00een jurul orei 07:30, \u00een localitatea Voinova, raionul Str\u0103\u0219eni, conform surselor <a href=\"https:\/\/pulsmedia.md\/article\/7793fcfee356b80f\/o-femeie-s-ar-fi-spanzurat-la-straseni-politia-alertata-de-catre-fiica-ei-de-16-ani.html\">PulsMedia.MD.<\/a> Victima, o femeie de 38 de ani, a fost descoperit\u0103 de bunicul fiicei sale de 16 ani, care a alertat imediat poli\u021bia.<\/strong><\/p>\n<p>La fa\u021ba locului au intervenit ofi\u021beri din cadrul IP Str\u0103\u0219eni \u0219i un medic-legist. Acesta din urm\u0103, dup\u0103 o examinare vizual\u0103 a cadavrului, nu a observat semne de moarte violent\u0103.<\/p>\n<p>Poli\u021bia a deschis o anchet\u0103 pentru a stabili \u00eemprejur\u0103rile tragediei \u0219i motivele care au dus la acest gest disperat.<\/p>\n<\/div>\n","protected":false},"excerpt":{"rendered":"<div><img loading=\"lazy\" decoding=\"async\" width=\"696\" height=\"392\" src=\"https:\/\/canal5.md\/wp-content\/uploads\/2025\/02\/73213dcfe1d6766972ceaae565e7426e6d98a5dff9bfc7e15f4524ae5545972e-1024x576-optimized.jpg\" class=\"attachment-large size-large wp-post-image\" alt=\"\" srcset=\"https:\/\/canal5.md\/wp-content\/uploads\/2025\/02\/73213dcfe1d6766972ceaae565e7426e6d98a5dff9bfc7e15f4524ae5545972e-1024x576-optimized.jpg 1024w, https:\/\/canal5.md\/wp-content\/uploads\/2025\/02\/73213dcfe1d6766972ceaae565e7426e6d98a5dff9bfc7e15f4524ae5545972e-300x169-optimized.jpg 300w, https:\/\/canal5.md\/wp-content\/uploads\/2025\/02\/73213dcfe1d6766972ceaae565e7426e6d98a5dff9bfc7e15f4524ae5545972e-768x432-optimized.jpg 768w, https:\/\/canal5.md\/wp-content\/uploads\/2025\/02\/73213dcfe1d6766972ceaae565e7426e6d98a5dff9bfc7e15f4524ae5545972e-696x392-optimized.jpg 696w, https:\/\/canal5.md\/wp-content\/uploads\/2025\/02\/73213dcfe1d6766972ceaae565e7426e6d98a5dff9bfc7e15f4524ae5545972e-1068x601-optimized.jpg 1068w, https:\/\/canal5.md\/wp-content\/uploads\/2025\/02\/73213dcfe1d6766972ceaae565e7426e6d98a5dff9bfc7e15f4524ae5545972e-optimized.jpg 1200w\">Cadavrul unei femei a fost g\u0103sit sp\u00e2nzurat \u00een aceast\u0103 diminea\u021b\u0103, \u00een jurul orei 07:30, \u00een localitatea Voinova, raionul Str\u0103\u0219eni, conform surselor PulsMedia.MD. Victima, o femeie de 38 de ani, a fost descoperit\u0103 de bunicul fiicei sale de 16 ani, care a alertat imediat poli\u021bia. La fa\u021ba locului au intervenit ofi\u021beri din cadrul IP Str\u0103\u0219eni \u0219i [\u2026]<\/div>\n","protected":false},"author":1,"featured_media":67697,"comment_status":"closed","ping_status":"closed","sticky":false,"template":"","format":"standard","meta":{"jnews-multi-image_gallery":[],"jnews_single_post":[],"jnews_primary_category":[],"jnews_social_meta":[],"jnews_override_counter":[],"footnotes":""},"categories":[30],"tags":[],"class_list":["post-67696","post","type-post","status-publish","format-standard","has-post-thumbnail","hentry","category-social_ro"],"_links":{"self":[{"href":"https:\/\/orheifm.live\/index.php\/wp-json\/wp\/v2\/posts\/67696","targetHints":{"allow":["GET"]}}],"collection":[{"href":"https:\/\/orheifm.live\/index.php\/wp-json\/wp\/v2\/posts"}],"about":[{"href":"https:\/\/orheifm.live\/index.php\/wp-json\/wp\/v2\/types\/post"}],"author":[{"embeddable":true,"href":"https:\/\/orheifm.live\/index.php\/wp-json\/wp\/v2\/users\/1"}],"replies":[{"embeddable":true,"href":"https:\/\/orheifm.live\/index.php\/wp-json\/wp\/v2\/comments?post=67696"}],"version-history":[{"count":0,"href":"https:\/\/orheifm.live\/index.php\/wp-json\/wp\/v2\/posts\/67696\/revisions"}],"wp:featuredmedia":[{"embeddable":true,"href":"https:\/\/orheifm.live\/index.php\/wp-json\/wp\/v2\/media\/67697"}],"wp:attachment":[{"href":"https:\/\/orheifm.live\/index.php\/wp-json\/wp\/v2\/media?parent=67696"}],"wp:term":[{"taxonomy":"category","embeddable":true,"href":"https:\/\/orheifm.live\/index.php\/wp-json\/wp\/v2\/categories?post=67696"},{"taxonomy":"post_tag","embeddable":true,"href":"https:\/\/orheifm.live\/index.php\/wp-json\/wp\/v2\/tags?post=67696"}],"curies":[{"name":"wp","href":"https:\/\/api.w.org\/{rel}","templated":true}]}}