{"id":67694,"date":"2025-02-24T10:20:47","date_gmt":"2025-02-24T08:20:47","guid":{"rendered":"https:\/\/orheifm.live\/index.php\/2025\/02\/24\/incepe-saptamana-alba-crestinii-ortodocsi-de-stil-vechi-intra-in-perioada-de-pocainta\/"},"modified":"2025-02-24T10:20:47","modified_gmt":"2025-02-24T08:20:47","slug":"incepe-saptamana-alba-crestinii-ortodocsi-de-stil-vechi-intra-in-perioada-de-pocainta","status":"publish","type":"post","link":"https:\/\/orheifm.live\/index.php\/2025\/02\/24\/incepe-saptamana-alba-crestinii-ortodocsi-de-stil-vechi-intra-in-perioada-de-pocainta\/","title":{"rendered":"\u00cencepe S\u0103pt\u0103m\u00e2na Alb\u0103: Cre\u0219tinii ortodoc\u0219i de stil vechi intr\u0103 \u00een perioada de poc\u0103in\u021b\u0103"},"content":{"rendered":"<div>\n<p><strong>\u00cencep\u00e2nd de ast\u0103zi, cre\u0219tinii ortodoc\u0219i de stil vechi intr\u0103 \u00een S\u0103pt\u0103m\u00e2na Alb\u0103, cunoscut\u0103 \u0219i sub denumirea de S\u0103pt\u0103m\u00e2na Br\u00e2nzei. \u00cen aceast\u0103 perioad\u0103, credincio\u0219ii se ab\u021bin de la consumul de carne, fiind permis doar laptele, ou\u0103le, br\u00e2nza \u0219i pe\u0219tele.<\/strong><\/p>\n<p>\u00cen plus, miercuri \u0219i-vineri se recomand\u0103 un regim alimentar bazat doar pe fructe \u0219i legume. Duminica, enoria\u0219ii se vor aduna la biseric\u0103 pentru a-\u0219i cere iertare, \u00een semn de rememorare a izgonirii lui Adam din Rai.<\/p>\n<p>Preo\u021bii explic\u0103 faptul c\u0103 aceast\u0103 s\u0103pt\u0103m\u00e2n\u0103 este dedicat\u0103 poc\u0103in\u021bei \u0219i abstinen\u021bei alimentare. S\u0103pt\u0103m\u00e2na Alb\u0103 este o preg\u0103tire pentru Postul Pa\u0219tilor, cel mai lung \u0219i sever dintre toate posturile anuale, care are ca scop preg\u0103tirea credincio\u0219ilor pentru celebrarea \u00cenvierii Domnului, programat\u0103 pentru 20 aprilie.<\/p>\n<\/div>\n","protected":false},"excerpt":{"rendered":"<div><img loading=\"lazy\" decoding=\"async\" width=\"594\" height=\"335\" src=\"https:\/\/canal5.md\/wp-content\/uploads\/2025\/02\/ai-optimized.jpg\" class=\"attachment-large size-large wp-post-image\" alt=\"\" srcset=\"https:\/\/canal5.md\/wp-content\/uploads\/2025\/02\/ai-optimized.jpg 594w, https:\/\/canal5.md\/wp-content\/uploads\/2025\/02\/ai-300x169-optimized.jpg 300w\">\u00cencep\u00e2nd de ast\u0103zi, cre\u0219tinii ortodoc\u0219i de stil vechi intr\u0103 \u00een S\u0103pt\u0103m\u00e2na Alb\u0103, cunoscut\u0103 \u0219i sub denumirea de S\u0103pt\u0103m\u00e2na Br\u00e2nzei. \u00cen aceast\u0103 perioad\u0103, credincio\u0219ii se ab\u021bin de la consumul de carne, fiind permis doar laptele, ou\u0103le, br\u00e2nza \u0219i pe\u0219tele. \u00cen plus, miercuri \u0219i-vineri se recomand\u0103 un regim alimentar bazat doar pe fructe \u0219i legume. Duminica, enoria\u0219ii [\u2026]<\/div>\n","protected":false},"author":1,"featured_media":67695,"comment_status":"closed","ping_status":"closed","sticky":false,"template":"","format":"standard","meta":{"jnews-multi-image_gallery":[],"jnews_single_post":[],"jnews_primary_category":[],"jnews_social_meta":[],"jnews_override_counter":[],"footnotes":""},"categories":[30],"tags":[],"class_list":["post-67694","post","type-post","status-publish","format-standard","has-post-thumbnail","hentry","category-social_ro"],"_links":{"self":[{"href":"https:\/\/orheifm.live\/index.php\/wp-json\/wp\/v2\/posts\/67694","targetHints":{"allow":["GET"]}}],"collection":[{"href":"https:\/\/orheifm.live\/index.php\/wp-json\/wp\/v2\/posts"}],"about":[{"href":"https:\/\/orheifm.live\/index.php\/wp-json\/wp\/v2\/types\/post"}],"author":[{"embeddable":true,"href":"https:\/\/orheifm.live\/index.php\/wp-json\/wp\/v2\/users\/1"}],"replies":[{"embeddable":true,"href":"https:\/\/orheifm.live\/index.php\/wp-json\/wp\/v2\/comments?post=67694"}],"version-history":[{"count":0,"href":"https:\/\/orheifm.live\/index.php\/wp-json\/wp\/v2\/posts\/67694\/revisions"}],"wp:featuredmedia":[{"embeddable":true,"href":"https:\/\/orheifm.live\/index.php\/wp-json\/wp\/v2\/media\/67695"}],"wp:attachment":[{"href":"https:\/\/orheifm.live\/index.php\/wp-json\/wp\/v2\/media?parent=67694"}],"wp:term":[{"taxonomy":"category","embeddable":true,"href":"https:\/\/orheifm.live\/index.php\/wp-json\/wp\/v2\/categories?post=67694"},{"taxonomy":"post_tag","embeddable":true,"href":"https:\/\/orheifm.live\/index.php\/wp-json\/wp\/v2\/tags?post=67694"}],"curies":[{"name":"wp","href":"https:\/\/api.w.org\/{rel}","templated":true}]}}