{"id":67690,"date":"2025-02-24T09:45:49","date_gmt":"2025-02-24T07:45:49","guid":{"rendered":"https:\/\/orheifm.live\/index.php\/2025\/02\/24\/tragedie-la-concertul-elenei-vaenga-o-femeie-de-71-de-ani-moare-din-cauza-caldurii\/"},"modified":"2025-02-24T09:45:49","modified_gmt":"2025-02-24T07:45:49","slug":"tragedie-la-concertul-elenei-vaenga-o-femeie-de-71-de-ani-moare-din-cauza-caldurii","status":"publish","type":"post","link":"https:\/\/orheifm.live\/index.php\/2025\/02\/24\/tragedie-la-concertul-elenei-vaenga-o-femeie-de-71-de-ani-moare-din-cauza-caldurii\/","title":{"rendered":"Tragedie la concertul Elenei Vaenga: O femeie de 71 de ani moare din cauza c\u0103ldurii"},"content":{"rendered":"<div>\n<p><strong>La un concert al c\u00e2nt\u0103re\u021bei Elena Vaenga din Tver, o femeie de 71 de ani a murit.<\/strong><\/p>\n<p>Potrivit martorilor, \u00een sala de concert era foarte cald, iar organizatorii nu au adus, se pare, nici m\u0103car o trus\u0103 de prim-ajutor pentru a salva femeia. Organizatorii nu au comentat deocamdat\u0103 cuvintele martorilor.<\/p>\n<p>Publica\u021bia precizeaz\u0103 c\u0103 Tamara, de 71 de ani, a venit la concert la Casa de Cultur\u0103 \u201eProletarka\u201d \u00eempreun\u0103 cu o prieten\u0103. Am\u00e2ndou\u0103 au \u00eenceput s\u0103 se simt\u0103 r\u0103u \u00een timpul concertului. Tamara a decedat \u00een jurul orei 21:00, iar prietena ei a fost salvat\u0103.<\/p>\n<p>Dup\u0103 incident, Vaenga a \u00eentrerupt concertul.<\/p>\n<p>\u00cen mijlocul lunii februarie, \u00een Ossetia de Nord, \u00een timpul unui concert, a murit Elsa Datieva, artist\u0103 merituoas\u0103 a \u021b\u0103rii \u0219i dirijoare a orchestrei Ansamblului de Stat din Ossetia de Nord \u201eAlan\u201d.<\/p>\n<p>Anterior, actorul Serghei Belogolov\u021bev, care suferise un accident vascular cerebral, a revenit la munc\u0103.<\/p>\n<\/div>\n","protected":false},"excerpt":{"rendered":"<div><img loading=\"lazy\" decoding=\"async\" width=\"696\" height=\"464\" src=\"https:\/\/canal5.md\/wp-content\/uploads\/2025\/02\/42-pic_32ratio_900x600-900x600-44863-optimized.jpg\" class=\"attachment-large size-large wp-post-image\" alt=\"\" srcset=\"https:\/\/canal5.md\/wp-content\/uploads\/2025\/02\/42-pic_32ratio_900x600-900x600-44863-optimized.jpg 900w, https:\/\/canal5.md\/wp-content\/uploads\/2025\/02\/42-pic_32ratio_900x600-900x600-44863-300x200-optimized.jpg 300w, https:\/\/canal5.md\/wp-content\/uploads\/2025\/02\/42-pic_32ratio_900x600-900x600-44863-768x512-optimized.jpg 768w, https:\/\/canal5.md\/wp-content\/uploads\/2025\/02\/42-pic_32ratio_900x600-900x600-44863-696x464-optimized.jpg 696w\">La un concert al c\u00e2nt\u0103re\u021bei Elena Vaenga din Tver, o femeie de 71 de ani a murit. Potrivit martorilor, \u00een sala de concert era foarte cald, iar organizatorii nu au adus, se pare, nici m\u0103car o trus\u0103 de prim-ajutor pentru a salva femeia. Organizatorii nu au comentat deocamdat\u0103 cuvintele martorilor. Publica\u021bia precizeaz\u0103 c\u0103 Tamara, de [\u2026]<\/div>\n","protected":false},"author":1,"featured_media":67691,"comment_status":"closed","ping_status":"closed","sticky":false,"template":"","format":"standard","meta":{"jnews-multi-image_gallery":[],"jnews_single_post":[],"jnews_primary_category":[],"jnews_social_meta":[],"jnews_override_counter":[],"footnotes":""},"categories":[29],"tags":[],"class_list":["post-67690","post","type-post","status-publish","format-standard","has-post-thumbnail","hentry","category-externe_ro"],"_links":{"self":[{"href":"https:\/\/orheifm.live\/index.php\/wp-json\/wp\/v2\/posts\/67690","targetHints":{"allow":["GET"]}}],"collection":[{"href":"https:\/\/orheifm.live\/index.php\/wp-json\/wp\/v2\/posts"}],"about":[{"href":"https:\/\/orheifm.live\/index.php\/wp-json\/wp\/v2\/types\/post"}],"author":[{"embeddable":true,"href":"https:\/\/orheifm.live\/index.php\/wp-json\/wp\/v2\/users\/1"}],"replies":[{"embeddable":true,"href":"https:\/\/orheifm.live\/index.php\/wp-json\/wp\/v2\/comments?post=67690"}],"version-history":[{"count":0,"href":"https:\/\/orheifm.live\/index.php\/wp-json\/wp\/v2\/posts\/67690\/revisions"}],"wp:featuredmedia":[{"embeddable":true,"href":"https:\/\/orheifm.live\/index.php\/wp-json\/wp\/v2\/media\/67691"}],"wp:attachment":[{"href":"https:\/\/orheifm.live\/index.php\/wp-json\/wp\/v2\/media?parent=67690"}],"wp:term":[{"taxonomy":"category","embeddable":true,"href":"https:\/\/orheifm.live\/index.php\/wp-json\/wp\/v2\/categories?post=67690"},{"taxonomy":"post_tag","embeddable":true,"href":"https:\/\/orheifm.live\/index.php\/wp-json\/wp\/v2\/tags?post=67690"}],"curies":[{"name":"wp","href":"https:\/\/api.w.org\/{rel}","templated":true}]}}