{"id":67688,"date":"2025-02-24T09:42:42","date_gmt":"2025-02-24T07:42:42","guid":{"rendered":"https:\/\/orheifm.live\/index.php\/2025\/02\/24\/friedrich-merz-pregateste-formarea-unui-guvern-dupa-victoria-cdu-csu\/"},"modified":"2025-02-24T09:42:42","modified_gmt":"2025-02-24T07:42:42","slug":"friedrich-merz-pregateste-formarea-unui-guvern-dupa-victoria-cdu-csu","status":"publish","type":"post","link":"https:\/\/orheifm.live\/index.php\/2025\/02\/24\/friedrich-merz-pregateste-formarea-unui-guvern-dupa-victoria-cdu-csu\/","title":{"rendered":"Friedrich Merz preg\u0103te\u0219te formarea unui guvern dup\u0103 victoria CDU-CSU"},"content":{"rendered":"<div>\n<p><strong>Blocul conservator CDU-CSU, aflat \u00een opozi\u021bie, a c\u00e2\u0219tigat primele locuri la alegerile parlamentare de duminic\u0103, conform exit-poll-urilor. Friedrich Merz este a\u0219teptat s\u0103 conduc\u0103 negocierile pentru formarea unei coali\u021bii \u0219i s\u0103 devin\u0103 noul cancelar. Partidul de extrem\u0103 dreapta AfD s-a clasat pe locul doi.<\/strong><\/p>\n<p>Friedrich Merz a declarat la sediul CDU c\u0103, dup\u0103 o campanie \u201eextraordinar\u0103\u201d, este important s\u0103 se formeze rapid un nou guvern, subliniind c\u0103 \u201elumea nu ne a\u0219teapt\u0103\u201d. Merz va deveni primul lider german de centru-dreapta de la retragerea Angelei Merkel \u00een 2021, \u00eens\u0103 cei doi au fost rivali \u00een timpul campaniei.<\/p>\n<p>Alice Weidel, co-liderul AfD, a promis c\u0103 forma\u021biunea sa va continua s\u0103 ac\u021bioneze constructiv \u00een opozi\u021bie, urm\u0103rind s\u0103 influen\u021beze politicile pentru binele \u021b\u0103rii, dup\u0103 ce partidul a ob\u021binut aproximativ 20% din voturi, aproape dubl\u00e2ndu-\u0219i rezultatul fa\u021b\u0103 de 2021.<\/p>\n<p>Cancelarul Olaf Scholz \u0219i-a recunoscut \u00eenfr\u00e2ngerea \u0219i a descris rezultatul Partidului Social-Democrat (SPD) drept \u201eun rezultat electoral amar\u201d.<\/p>\n<\/div>\n","protected":false},"excerpt":{"rendered":"<div><img loading=\"lazy\" decoding=\"async\" width=\"696\" height=\"391\" src=\"https:\/\/canal5.md\/wp-content\/uploads\/2025\/02\/addeb9ca-8133-4d71-bd4d-aed9bd43cda7_w1023_r1_s.avif\" class=\"attachment-large size-large wp-post-image\" alt=\"\" srcset=\"https:\/\/canal5.md\/wp-content\/uploads\/2025\/02\/addeb9ca-8133-4d71-bd4d-aed9bd43cda7_w1023_r1_s.avif 1023w, https:\/\/canal5.md\/wp-content\/uploads\/2025\/02\/addeb9ca-8133-4d71-bd4d-aed9bd43cda7_w1023_r1_s-300x169-optimized.jpg 300w, https:\/\/canal5.md\/wp-content\/uploads\/2025\/02\/addeb9ca-8133-4d71-bd4d-aed9bd43cda7_w1023_r1_s-768x432-optimized.jpg 768w, https:\/\/canal5.md\/wp-content\/uploads\/2025\/02\/addeb9ca-8133-4d71-bd4d-aed9bd43cda7_w1023_r1_s-696x391-optimized.jpg 696w\">Blocul conservator CDU-CSU, aflat \u00een opozi\u021bie, a c\u00e2\u0219tigat primele locuri la alegerile parlamentare de duminic\u0103, conform exit-poll-urilor. Friedrich Merz este a\u0219teptat s\u0103 conduc\u0103 negocierile pentru formarea unei coali\u021bii \u0219i s\u0103 devin\u0103 noul cancelar. Partidul de extrem\u0103 dreapta AfD s-a clasat pe locul doi. Friedrich Merz a declarat la sediul CDU c\u0103, dup\u0103 o campanie \u201eextraordinar\u0103\u201d, [\u2026]<\/div>\n","protected":false},"author":1,"featured_media":67689,"comment_status":"closed","ping_status":"closed","sticky":false,"template":"","format":"standard","meta":{"jnews-multi-image_gallery":[],"jnews_single_post":[],"jnews_primary_category":[],"jnews_social_meta":[],"jnews_override_counter":[],"footnotes":""},"categories":[29],"tags":[],"class_list":["post-67688","post","type-post","status-publish","format-standard","has-post-thumbnail","hentry","category-externe_ro"],"_links":{"self":[{"href":"https:\/\/orheifm.live\/index.php\/wp-json\/wp\/v2\/posts\/67688","targetHints":{"allow":["GET"]}}],"collection":[{"href":"https:\/\/orheifm.live\/index.php\/wp-json\/wp\/v2\/posts"}],"about":[{"href":"https:\/\/orheifm.live\/index.php\/wp-json\/wp\/v2\/types\/post"}],"author":[{"embeddable":true,"href":"https:\/\/orheifm.live\/index.php\/wp-json\/wp\/v2\/users\/1"}],"replies":[{"embeddable":true,"href":"https:\/\/orheifm.live\/index.php\/wp-json\/wp\/v2\/comments?post=67688"}],"version-history":[{"count":0,"href":"https:\/\/orheifm.live\/index.php\/wp-json\/wp\/v2\/posts\/67688\/revisions"}],"wp:featuredmedia":[{"embeddable":true,"href":"https:\/\/orheifm.live\/index.php\/wp-json\/wp\/v2\/media\/67689"}],"wp:attachment":[{"href":"https:\/\/orheifm.live\/index.php\/wp-json\/wp\/v2\/media?parent=67688"}],"wp:term":[{"taxonomy":"category","embeddable":true,"href":"https:\/\/orheifm.live\/index.php\/wp-json\/wp\/v2\/categories?post=67688"},{"taxonomy":"post_tag","embeddable":true,"href":"https:\/\/orheifm.live\/index.php\/wp-json\/wp\/v2\/tags?post=67688"}],"curies":[{"name":"wp","href":"https:\/\/api.w.org\/{rel}","templated":true}]}}