{"id":67686,"date":"2025-02-24T09:40:16","date_gmt":"2025-02-24T07:40:16","guid":{"rendered":"https:\/\/orheifm.live\/index.php\/2025\/02\/24\/incident-grav-la-floresti-un-copil-ranit-intr-un-incendiu-de-fan\/"},"modified":"2025-02-24T09:40:16","modified_gmt":"2025-02-24T07:40:16","slug":"incident-grav-la-floresti-un-copil-ranit-intr-un-incendiu-de-fan","status":"publish","type":"post","link":"https:\/\/orheifm.live\/index.php\/2025\/02\/24\/incident-grav-la-floresti-un-copil-ranit-intr-un-incendiu-de-fan\/","title":{"rendered":"Incident grav la Flore\u0219ti: Un copil r\u0103nit \u00eentr-un incendiu de f\u00e2n"},"content":{"rendered":"<div>\n<p><strong>Un copil de 9 ani a ajuns la spital dup\u0103 ce s-ar fi jucat cu focul \u0219i a provocat incendiul unei sc\u00e2rte de f\u00e2n. Incidentul a avut loc s\u00e2mb\u0103t\u0103, 22 februarie, \u00een jurul orei 17:14, \u00een staulul Prajila din raionul Flore\u0219ti, conform surselor <a href=\"https:\/\/pulsmedia.md\/article\/b90d17b9676bd9f1\/la-un-pas-de-tragedie-copil-transportat-la-spital-dupa-ce-o-scarta-de-fan-a-fost-facuta-scrum-la-floresti.html\">PulsMedia.MD.<\/a><\/strong><\/p>\n<p>Victima a inhalat fumul rezultat de la f\u00e2nul ars \u0219i a fost transportat\u0103 de urgen\u021b\u0103 la Spitalul raional Flore\u0219ti pentru \u00eengrijiri medicale. Pompierii au intervenit rapid \u0219i au stins incendiul.<\/p>\n<p>\u00cen urma investiga\u021biilor preliminare, s-a stabilit c\u0103 focul a izbucnit \u00een momentul \u00een care copilul, l\u0103sat f\u0103r\u0103 supraveghere \u0219i \u00eempreun\u0103 cu al\u021bi copii, s-ar fi jucat cu chibritele.<\/p>\n<\/div>\n","protected":false},"excerpt":{"rendered":"<div><img loading=\"lazy\" decoding=\"async\" width=\"696\" height=\"392\" src=\"https:\/\/canal5.md\/wp-content\/uploads\/2025\/02\/653834845f4deefd99625eaee032879d3f7bf9e7d5ca14700e0aa0a7acacf919-1024x576-optimized.jpg\" class=\"attachment-large size-large wp-post-image\" alt=\"\" srcset=\"https:\/\/canal5.md\/wp-content\/uploads\/2025\/02\/653834845f4deefd99625eaee032879d3f7bf9e7d5ca14700e0aa0a7acacf919-1024x576-optimized.jpg 1024w, https:\/\/canal5.md\/wp-content\/uploads\/2025\/02\/653834845f4deefd99625eaee032879d3f7bf9e7d5ca14700e0aa0a7acacf919-300x169-optimized.jpg 300w, https:\/\/canal5.md\/wp-content\/uploads\/2025\/02\/653834845f4deefd99625eaee032879d3f7bf9e7d5ca14700e0aa0a7acacf919-768x432-optimized.jpg 768w, https:\/\/canal5.md\/wp-content\/uploads\/2025\/02\/653834845f4deefd99625eaee032879d3f7bf9e7d5ca14700e0aa0a7acacf919-696x392-optimized.jpg 696w, https:\/\/canal5.md\/wp-content\/uploads\/2025\/02\/653834845f4deefd99625eaee032879d3f7bf9e7d5ca14700e0aa0a7acacf919-1068x601-optimized.jpg 1068w, https:\/\/canal5.md\/wp-content\/uploads\/2025\/02\/653834845f4deefd99625eaee032879d3f7bf9e7d5ca14700e0aa0a7acacf919-optimized.jpg 1200w\">Un copil de 9 ani a ajuns la spital dup\u0103 ce s-ar fi jucat cu focul \u0219i a provocat incendiul unei sc\u00e2rte de f\u00e2n. Incidentul a avut loc s\u00e2mb\u0103t\u0103, 22 februarie, \u00een jurul orei 17:14, \u00een staulul Prajila din raionul Flore\u0219ti, conform surselor PulsMedia.MD. Victima a inhalat fumul rezultat de la f\u00e2nul ars \u0219i a [\u2026]<\/div>\n","protected":false},"author":1,"featured_media":67687,"comment_status":"closed","ping_status":"closed","sticky":false,"template":"","format":"standard","meta":{"jnews-multi-image_gallery":[],"jnews_single_post":[],"jnews_primary_category":[],"jnews_social_meta":[],"jnews_override_counter":[],"footnotes":""},"categories":[30],"tags":[],"class_list":["post-67686","post","type-post","status-publish","format-standard","has-post-thumbnail","hentry","category-social_ro"],"_links":{"self":[{"href":"https:\/\/orheifm.live\/index.php\/wp-json\/wp\/v2\/posts\/67686","targetHints":{"allow":["GET"]}}],"collection":[{"href":"https:\/\/orheifm.live\/index.php\/wp-json\/wp\/v2\/posts"}],"about":[{"href":"https:\/\/orheifm.live\/index.php\/wp-json\/wp\/v2\/types\/post"}],"author":[{"embeddable":true,"href":"https:\/\/orheifm.live\/index.php\/wp-json\/wp\/v2\/users\/1"}],"replies":[{"embeddable":true,"href":"https:\/\/orheifm.live\/index.php\/wp-json\/wp\/v2\/comments?post=67686"}],"version-history":[{"count":0,"href":"https:\/\/orheifm.live\/index.php\/wp-json\/wp\/v2\/posts\/67686\/revisions"}],"wp:featuredmedia":[{"embeddable":true,"href":"https:\/\/orheifm.live\/index.php\/wp-json\/wp\/v2\/media\/67687"}],"wp:attachment":[{"href":"https:\/\/orheifm.live\/index.php\/wp-json\/wp\/v2\/media?parent=67686"}],"wp:term":[{"taxonomy":"category","embeddable":true,"href":"https:\/\/orheifm.live\/index.php\/wp-json\/wp\/v2\/categories?post=67686"},{"taxonomy":"post_tag","embeddable":true,"href":"https:\/\/orheifm.live\/index.php\/wp-json\/wp\/v2\/tags?post=67686"}],"curies":[{"name":"wp","href":"https:\/\/api.w.org\/{rel}","templated":true}]}}