{"id":67684,"date":"2025-02-24T09:20:41","date_gmt":"2025-02-24T07:20:41","guid":{"rendered":"https:\/\/orheifm.live\/index.php\/2025\/02\/24\/vreme-stabila-si-racoroasa-in-chisinau-prognoza-pentru-urmatoarele-zile\/"},"modified":"2025-02-24T09:20:41","modified_gmt":"2025-02-24T07:20:41","slug":"vreme-stabila-si-racoroasa-in-chisinau-prognoza-pentru-urmatoarele-zile","status":"publish","type":"post","link":"https:\/\/orheifm.live\/index.php\/2025\/02\/24\/vreme-stabila-si-racoroasa-in-chisinau-prognoza-pentru-urmatoarele-zile\/","title":{"rendered":"Vreme stabil\u0103 \u0219i r\u0103coroas\u0103 \u00een Chi\u0219in\u0103u: prognoza pentru urm\u0103toarele zile"},"content":{"rendered":"<div>\n<p><strong>Ast\u0103zi, vremea \u00een Moldova va fi \u00een general stabil\u0103, f\u0103r\u0103 precipita\u021bii semnificative, iar cerul va fi predominant senin pe parcursul zilei. \u00cen Chi\u0219in\u0103u, temperaturile dimine\u021bii sunt destul de sc\u0103zute, ating\u00e2nd un minim de -9 grade Celsius la ora 7:00. <\/strong><\/p>\n<p>Pe m\u0103sur\u0103 ce ziua avanseaz\u0103, temperatura va cre\u0219te treptat, ajung\u00e2nd la o maxim\u0103 de aproximativ 3.8 grade Celsius \u00een jurul orei 15:00. Nu se preconizeaz\u0103 precipita\u021bii pe parcursul zilei. Soarele a r\u0103s\u0103rit la ora 6:53 \u0219i va apune la 17:42, oferind un interval generos pentru activit\u0103\u021bi \u00een aer liber f\u0103r\u0103 riscul de ploaie.<\/p>\n<p>M\u00e2ine, vremea va deveni u\u0219or mai cald\u0103 comparativ cu ast\u0103zi. Temperatura maxim\u0103 estimat\u0103 va fi de 5.4 grade Celsius, iar minima va fi u\u0219or mai ridicat\u0103, ajung\u00e2nd la -8.6 grade Celsius. Cerul va fi \u00een mare parte acoperit \u0219i nu sunt a\u0219teptate precipita\u021bii sau schimb\u0103ri semnificative ale vremii.<\/p>\n<p>Poim\u00e2ine, \u00een Chi\u0219in\u0103u, se preconizeaz\u0103 o u\u0219oar\u0103 \u00eenc\u0103lzire, cu temperaturi care vor atinge un maxim de 7.7 grade Celsius \u0219i un minim de -7.4 grade Celsius pe timpul nop\u021bii. De\u0219i cerul va fi par\u021bial acoperit din cauza ce\u021bii prognozate, nu se vor \u00eenregistra precipita\u021bii, iar vremea va r\u0103m\u00e2ne stabil\u0103 comparativ cu zilele anterioare.<\/p>\n<\/div>\n","protected":false},"excerpt":{"rendered":"<div><img loading=\"lazy\" decoding=\"async\" width=\"283\" height=\"178\" src=\"https:\/\/canal5.md\/wp-content\/uploads\/2025\/02\/images-optimized.jpg\" class=\"attachment-large size-large wp-post-image\" alt=\"\">Ast\u0103zi, vremea \u00een Moldova va fi \u00een general stabil\u0103, f\u0103r\u0103 precipita\u021bii semnificative, iar cerul va fi predominant senin pe parcursul zilei. \u00cen Chi\u0219in\u0103u, temperaturile dimine\u021bii sunt destul de sc\u0103zute, ating\u00e2nd un minim de -9 grade Celsius la ora 7:00. Pe m\u0103sur\u0103 ce ziua avanseaz\u0103, temperatura va cre\u0219te treptat, ajung\u00e2nd la o maxim\u0103 de aproximativ 3.8 [\u2026]<\/div>\n","protected":false},"author":1,"featured_media":67685,"comment_status":"closed","ping_status":"closed","sticky":false,"template":"","format":"standard","meta":{"jnews-multi-image_gallery":[],"jnews_single_post":[],"jnews_primary_category":[],"jnews_social_meta":[],"jnews_override_counter":[],"footnotes":""},"categories":[30],"tags":[],"class_list":["post-67684","post","type-post","status-publish","format-standard","has-post-thumbnail","hentry","category-social_ro"],"_links":{"self":[{"href":"https:\/\/orheifm.live\/index.php\/wp-json\/wp\/v2\/posts\/67684","targetHints":{"allow":["GET"]}}],"collection":[{"href":"https:\/\/orheifm.live\/index.php\/wp-json\/wp\/v2\/posts"}],"about":[{"href":"https:\/\/orheifm.live\/index.php\/wp-json\/wp\/v2\/types\/post"}],"author":[{"embeddable":true,"href":"https:\/\/orheifm.live\/index.php\/wp-json\/wp\/v2\/users\/1"}],"replies":[{"embeddable":true,"href":"https:\/\/orheifm.live\/index.php\/wp-json\/wp\/v2\/comments?post=67684"}],"version-history":[{"count":0,"href":"https:\/\/orheifm.live\/index.php\/wp-json\/wp\/v2\/posts\/67684\/revisions"}],"wp:featuredmedia":[{"embeddable":true,"href":"https:\/\/orheifm.live\/index.php\/wp-json\/wp\/v2\/media\/67685"}],"wp:attachment":[{"href":"https:\/\/orheifm.live\/index.php\/wp-json\/wp\/v2\/media?parent=67684"}],"wp:term":[{"taxonomy":"category","embeddable":true,"href":"https:\/\/orheifm.live\/index.php\/wp-json\/wp\/v2\/categories?post=67684"},{"taxonomy":"post_tag","embeddable":true,"href":"https:\/\/orheifm.live\/index.php\/wp-json\/wp\/v2\/tags?post=67684"}],"curies":[{"name":"wp","href":"https:\/\/api.w.org\/{rel}","templated":true}]}}