{"id":67680,"date":"2025-02-23T16:00:29","date_gmt":"2025-02-23T14:00:29","guid":{"rendered":"https:\/\/orheifm.live\/index.php\/2025\/02\/23\/schimbare-majora-pe-facebook-utilizatorii-trebuie-sa-actioneze-rapid-pentru-a-nu-pierde-continut-important\/"},"modified":"2025-02-23T16:00:29","modified_gmt":"2025-02-23T14:00:29","slug":"schimbare-majora-pe-facebook-utilizatorii-trebuie-sa-actioneze-rapid-pentru-a-nu-pierde-continut-important","status":"publish","type":"post","link":"https:\/\/orheifm.live\/index.php\/2025\/02\/23\/schimbare-majora-pe-facebook-utilizatorii-trebuie-sa-actioneze-rapid-pentru-a-nu-pierde-continut-important\/","title":{"rendered":"Schimbare major\u0103 pe Facebook. Utilizatorii trebuie s\u0103 ac\u021bioneze rapid pentru a nu pierde con\u021binut important"},"content":{"rendered":"<div>\n<p>Meta preg\u0103te\u0219te o cur\u0103\u021benie major\u0103 pe Facebook, iar primele vizate sunt \u00eenregistr\u0103rile video live mai vechi. \u00cencep\u00e2nd cu 19 februarie, <a title=\"platforma\" href=\"https:\/\/ziare.com\/internet-si-tehnologie\/platforma\/\">platf<\/a>or<a title=\"platforma\" href=\"https:\/\/ziare.com\/internet-si-tehnologie\/platforma\/\">ma<\/a> va \u0219terge automat toate transmisiunile live care dep\u0103\u0219esc 30 de zile, iar utilizatorii care doresc s\u0103 p\u0103streze aceste clipuri trebuie s\u0103 le descarce sau s\u0103 le salveze \u00een alt\u0103 parte.<\/p>\n<h4><strong>Ce trebuie s\u0103 faci pentru a nu pierde videoclipurile live<\/strong><\/h4>\n<p>Dup\u0103 ce anun\u021bul devine oficial, utilizatorii vor avea 30 de zile pentru a desc\u0103rca videoclipurile recente, iar live-urile mai vechi de 30 de zile vor fi eliminate treptat. Cei care doresc s\u0103 p\u0103streze con\u021binutul pot:<\/p>\n<p>\u2013 Desc\u0103rca videoclipurile individuale direct din profil sau din sec\u021biunea Meta Business Suite.<\/p>\n<p>\u2013 Exporta clipurile \u00een Dropbox sau Google Drive, folosind instrumentele oficiale oferite de Facebook.<\/p>\n<p>\u2013 Partaja live-urile sub form\u0103 de Reels, dar \u00eenregistr\u0103rile trebuie t\u0103iate la 90 de secunde, conform limitelor actuale ale acestui format.<\/p>\n<p>Facebook va trimite notific\u0103ri utilizatorilor afecta\u021bi, oferindu-le 90 de zile pentru a desc\u0103rca videoclipurile \u00eenainte de \u0219tergerea complet\u0103. \u00cen plus, cei care nu au timp s\u0103-\u0219i salveze con\u021binutul pot solicita o am\u00e2nare de \u0219ase luni, extinz\u00e2nd astfel perioada de acces la arhiv\u0103.<\/p>\n<p>Meta justific\u0103 aceast\u0103 decizie prin faptul c\u0103 \u201emajoritatea vizion\u0103rilor live au loc \u00een primele s\u0103pt\u0103m\u00e2ni de la difuzare\u201d, iar arhivarea videoclipurilor mai vechi ocup\u0103 spa\u021biu inutil pe platform\u0103. De asemenea, compania sus\u021bine c\u0103 aceast\u0103 m\u0103sur\u0103 aliniaz\u0103 politica de stocare \u201ela standardele din industrie\u201d, asigur\u00e2nd o experien\u021b\u0103 video mai actualizat\u0103 pentru utilizatori.<\/p>\n<p><a href=\"https:\/\/ziare.com\/tehnologie\/schimbare-majora-facebook-live-1924740?fbclid=IwY2xjawImd_xleHRuA2FlbQIxMAABHTWd8z48hjCb53YsfoC3wyUkTyyKQOFR-bn_x6hXn_1bISEMI80Ki-yXJw_aem_n6P0nJM3unj3WyrOe0JxeA&amp;uord=MT%3DsKGa7sdV%3DNB5kKD9tHRMRH7FxnDqsYbYYMXOZV7LhhnGkNZKrID2GOhNqHrOKnR6DMtsyUAOtLrTThJeHTCerUzlfJxQVTrVxygCiLrY\/YXO\/Ire3gXhuNFLfJj19IRUZI7Sm\">ziare.com<\/a><\/p>\n<\/div>\n","protected":false},"excerpt":{"rendered":"<div><img loading=\"lazy\" decoding=\"async\" width=\"400\" height=\"225\" src=\"https:\/\/canal5.md\/wp-content\/uploads\/2025\/02\/schimbare-major-pe-facebook-utilizatorii-trebuie-s-ac-ioneze-rapid-pentru-a-nu-pierde-con-inut-important-optimized.jpg\" class=\"attachment-large size-large wp-post-image\" alt=\"\" srcset=\"https:\/\/canal5.md\/wp-content\/uploads\/2025\/02\/schimbare-major-pe-facebook-utilizatorii-trebuie-s-ac-ioneze-rapid-pentru-a-nu-pierde-con-inut-important-optimized.jpg 400w, https:\/\/canal5.md\/wp-content\/uploads\/2025\/02\/schimbare-major-pe-facebook-utilizatorii-trebuie-s-ac-ioneze-rapid-pentru-a-nu-pierde-con-inut-important-300x169-optimized.jpg 300w\">Meta preg\u0103te\u0219te o cur\u0103\u021benie major\u0103 pe Facebook, iar primele vizate sunt \u00eenregistr\u0103rile video live mai vechi. \u00cencep\u00e2nd cu 19 februarie, platforma va \u0219terge automat toate transmisiunile live care dep\u0103\u0219esc 30 de zile, iar utilizatorii care doresc s\u0103 p\u0103streze aceste clipuri trebuie s\u0103 le descarce sau s\u0103 le salveze \u00een alt\u0103 parte. Ce trebuie s\u0103 faci [\u2026]<\/div>\n","protected":false},"author":1,"featured_media":67681,"comment_status":"closed","ping_status":"closed","sticky":false,"template":"","format":"standard","meta":{"jnews-multi-image_gallery":[],"jnews_single_post":[],"jnews_primary_category":[],"jnews_social_meta":[],"jnews_override_counter":[],"footnotes":""},"categories":[29],"tags":[],"class_list":["post-67680","post","type-post","status-publish","format-standard","has-post-thumbnail","hentry","category-externe_ro"],"_links":{"self":[{"href":"https:\/\/orheifm.live\/index.php\/wp-json\/wp\/v2\/posts\/67680","targetHints":{"allow":["GET"]}}],"collection":[{"href":"https:\/\/orheifm.live\/index.php\/wp-json\/wp\/v2\/posts"}],"about":[{"href":"https:\/\/orheifm.live\/index.php\/wp-json\/wp\/v2\/types\/post"}],"author":[{"embeddable":true,"href":"https:\/\/orheifm.live\/index.php\/wp-json\/wp\/v2\/users\/1"}],"replies":[{"embeddable":true,"href":"https:\/\/orheifm.live\/index.php\/wp-json\/wp\/v2\/comments?post=67680"}],"version-history":[{"count":0,"href":"https:\/\/orheifm.live\/index.php\/wp-json\/wp\/v2\/posts\/67680\/revisions"}],"wp:featuredmedia":[{"embeddable":true,"href":"https:\/\/orheifm.live\/index.php\/wp-json\/wp\/v2\/media\/67681"}],"wp:attachment":[{"href":"https:\/\/orheifm.live\/index.php\/wp-json\/wp\/v2\/media?parent=67680"}],"wp:term":[{"taxonomy":"category","embeddable":true,"href":"https:\/\/orheifm.live\/index.php\/wp-json\/wp\/v2\/categories?post=67680"},{"taxonomy":"post_tag","embeddable":true,"href":"https:\/\/orheifm.live\/index.php\/wp-json\/wp\/v2\/tags?post=67680"}],"curies":[{"name":"wp","href":"https:\/\/api.w.org\/{rel}","templated":true}]}}